{"id":20572,"date":"2025-08-02T11:37:26","date_gmt":"2025-08-02T11:37:26","guid":{"rendered":"https:\/\/www.europesays.com\/es\/20572\/"},"modified":"2025-08-02T11:37:26","modified_gmt":"2025-08-02T11:37:26","slug":"monsenor-arguello-a-jovenes-espanoles-confesad-la-fe-en-la-plaza-publica","status":"publish","type":"post","link":"https:\/\/www.europesays.com\/es\/20572\/","title":{"rendered":"Monse\u00f1or Arg\u00fcello a j\u00f3venes espa\u00f1oles: \u201cConfesad la fe en la plaza p\u00fablica\u201d"},"content":{"rendered":"<p>La Plaza de San Pedro acoge este viernes 1 de agosto por la tarde un encuentro hist\u00f3rico de los m\u00e1s de 25.000 espa\u00f1oles que participan en el Jubileo de los J\u00f3venes. Una experiencia intensa de vocaci\u00f3n, reconciliaci\u00f3n y fe compartida, que culmina con una Eucarist\u00eda oficiada por el Presidente de la Conferencia Episcopal.&#13;<br \/>\n&#13;\n<\/p>\n<p style=\"text-align: justify;\"><b>Sebasti\u00e1n Sans\u00f3n Ferrari \u2013 Ciudad del Vaticano<\/b><\/p>\n<p style=\"text-align: justify;\">Bajo un sol romano implacable y una energ\u00eda desbordante, la Plaza de San Pedro se inund\u00f3 este 1 de agosto con mares de j\u00f3venes espa\u00f1oles llegados desde todos los rincones del pa\u00eds para un encuentro in\u00e9dito en el marco del Jubileo de los J\u00f3venes. Banderas multicolores, cantos espont\u00e1neos, risas compartidas y gritos de \u201c\u00a1Esta es la juventud del Papa!\u201d marcaron el tono de un encuentro hist\u00f3rico. Eran m\u00e1s de 25.000 presentes, aunque se estimaba que podr\u00edan alcanzar hasta 30.000 los j\u00f3venes espa\u00f1oles presentes durante el fin de semana jubilar.<\/p>\n<p style=\"text-align: justify;\">La tarde comenz\u00f3 a las 16:00 con la apertura de puertas. Desde entonces, un goteo constante de peregrinos fue colmando la Plaza. Guitarras, pancartas, abanicos, pa\u00f1oletas y pulseras de colores te\u00f1\u00edan el coraz\u00f3n del Vaticano de alegr\u00eda. A las 18:00, arranc\u00f3 oficialmente el Encuentro: cantos, testimonios y momentos de oraci\u00f3n fueron hilando un relato coral, donde lo humano y lo divino se entrelazaron con sencillez y belleza.<\/p>\n<p>      <a href=\"https:\/\/www.vaticannews.va\/es\/iglesia\/news\/2025-07\/jovenes-espana-jubileo-2025-en-roma-participacion-actividades.html\" title=\"Jubileo de los J\u00f3venes: Este 1 de agosto &quot;Encuentro de espa\u00f1oles&quot; en Roma\" rel=\"nofollow noopener\" target=\"_blank\"><\/p>\n<p>         <img decoding=\"async\" src=\"data:image\/gif;base64,R0lGODlhAQABAIAAAAAAAP\/\/\/yH5BAEAAAAALAAAAAABAAEAAAIBRAA7\" data-original=\"https:\/\/www.vaticannews.va\/content\/dam\/vaticannews\/agenzie\/images\/ansa\/2025\/07\/28\/14\/1753706813281.jpg\/_jcr_content\/renditions\/cq5dam.thumbnail.cropped.500.281.jpeg\" alt=\"Jubileo de los J\u00f3venes: Este 1 de agosto &quot;Encuentro de espa\u00f1oles&quot; en Roma\"\/><\/p>\n<p>       <\/a><\/p>\n<p>\n       El 1 de agosto, la Plaza de San Pedro acoger\u00e1 un encuentro in\u00e9dito con miles de j\u00f3venes espa\u00f1oles. El presidente de la Conferencia Episcopal Espa\u00f1ola, Monse\u00f1or Luis Arg\u00fcello, y el &#8230;\n      <\/p>\n<p> <br \/>\n<b>Ungidos por el Amor, enviados en esperanza<\/b> <\/p>\n<p style=\"text-align: justify;\">Pasadas las 19:50, los obispos comenzaron a procesionar hacia el altar. El cielo, te\u00f1ido de dorado por la tarde romana, se convert\u00eda en testigo de una Eucarist\u00eda en comuni\u00f3n. Mons. Luis Arg\u00fcello, arzobispo de Valladolid y presidente de la Conferencia Episcopal Espa\u00f1ola, presidi\u00f3 la celebraci\u00f3n, que concelebraron diversos obispos y sacerdotes de la naci\u00f3n.<\/p>\n<p>    <img decoding=\"async\" src=\"data:image\/gif;base64,R0lGODlhAQABAIAAAAAAAP\/\/\/yH5BAEAAAAALAAAAAABAAEAAAIBRAA7\" data-original=\"https:\/\/www.vaticannews.va\/content\/dam\/vaticannews\/agenzie\/images\/srv\/2025\/08\/01\/2025-08-01-giubileo-dei-giovani---messa-giovani-spagnoli\/1754073359173.JPG\/_jcr_content\/renditions\/cq5dam.thumbnail.cropped.750.422.jpeg\" alt=\"Un momento de la homil\u00eda pronunciada por el arzobispo de Valladolid y presidente de la Conferencia Episcopal Espa\u00f1ola.\" title=\"Un momento de la homil\u00eda pronunciada por el arzobispo de Valladolid y presidente de la Conferencia Episcopal Espa\u00f1ola.\"\/><\/p>\n<p>\n   Un momento de la homil\u00eda pronunciada por el arzobispo de Valladolid y presidente de la Conferencia Episcopal Espa\u00f1ola. \u00a0 (@Vatican Media)\n  <\/p>\n<p><b>La homil\u00eda: un llamado a la misi\u00f3n<\/b> <\/p>\n<p style=\"text-align: justify;\">En su homil\u00eda, partiendo de la carta del ap\u00f3stol San Pablo a los Romanos, el prelado anunci\u00f3 con fuerza que \u00abel amor de Dios ha sido derramado sobre nuestros corazones\u00bb. Invit\u00f3 a los j\u00f3venes a acoger ese amor que no defrauda, que reviste la vida de un \u00abvestido de alabanza\u00bb, un \u00abperfume de alegr\u00eda\u00bb y una \u00abdiadema de alianza\u00bb. \u00abEse amor \u2014dijo\u2014 nos hace vivir para la sana gloria de Dios, y nos impulsa a llevar esa luz incluso a las tinieblas de la existencia\u00bb.<\/p>\n<p style=\"text-align: justify;\">Arg\u00fcello profundiz\u00f3 en la identidad cristiana: \u00abSomos ungidos, somos cristianos. Y as\u00ed, ungidos, formamos un pueblo que aprende a decir &#8216;nosotros'\u00bb. Desde los peque\u00f1os \u00abnosotros\u00bb diocesanos hasta el gran \u00abnosotros\u00bb eclesial, el arzobispo anim\u00f3 a ensanchar el coraz\u00f3n y vivir una fraternidad abierta, que nace no de ideolog\u00edas, sino del Esp\u00edritu.<\/p>\n<p style=\"text-align: justify;\">\u00abLa Iglesia \u2014afirm\u00f3\u2014 es escuela de comuni\u00f3n, de apertura, de acogida. Queremos ofrecer este &#8216;nosotros&#8217; a nuestros contempor\u00e1neos, como una alianza de esperanza. Que este Jubileo sea ocasi\u00f3n para sellar esa alianza con quienes quieran caminar con nosotros\u00bb.<\/p>\n<p style=\"text-align: justify;\">En un mensaje directo y sin ambig\u00fcedades, alent\u00f3 a los presentes a dar testimonio p\u00fablico: \u00abFalta que seamos confesores de la fe en la plaza p\u00fablica. Que mostremos una comprensi\u00f3n integral de la persona, del cuerpo, de la sexualidad vinculada al don de la vida. Que nos acerquemos con ternura a los pobres y a los que est\u00e1n solos\u00bb.<\/p>\n<p style=\"text-align: justify;\">Al concluir, invit\u00f3 a los j\u00f3venes a renovar su env\u00edo misionero con un grito un\u00e1nime que estremeci\u00f3 la Plaza:<\/p>\n<p style=\"text-align: justify;\">\u00a1JES\u00daS ES EL SE\u00d1OR!<\/p>\n<p style=\"text-align: justify;\">\u00a1SOMOS LA IGLESIA!<\/p>\n<p style=\"text-align: justify;\">\u00a1QUEREMOS LA PAZ EN EL MUNDO!<\/p>\n<p style=\"text-align: justify;\">\u00a1HAZNOS, SE\u00d1OR, INSTRUMENTOS DE TU PAZ!<\/p>\n<p>    <img decoding=\"async\" src=\"data:image\/gif;base64,R0lGODlhAQABAIAAAAAAAP\/\/\/yH5BAEAAAAALAAAAAABAAEAAAIBRAA7\" data-original=\"https:\/\/www.vaticannews.va\/content\/dam\/vaticannews\/agenzie\/images\/srv\/2025\/08\/01\/2025-08-01-giubileo-dei-giovani---messa-giovani-spagnoli\/1754074863153.JPG\/_jcr_content\/renditions\/cq5dam.thumbnail.cropped.750.422.jpeg\" alt=\"Santa misa en el encuentro de los espa\u00f1oles participantes en el Jubileo de los J\u00f3venes.\" title=\"Santa misa en el encuentro de los espa\u00f1oles participantes en el Jubileo de los J\u00f3venes.\"\/><\/p>\n<p>\n   Santa misa en el encuentro de los espa\u00f1oles participantes en el Jubileo de los J\u00f3venes. \u00a0 (@Vatican Media)\n  <\/p>\n<p><b>Las intenciones de los fieles: una Iglesia que ora en todas sus lenguas<\/b> <\/p>\n<p style=\"text-align: justify;\">Las intenciones fueron proclamadas por j\u00f3venes en castellano, euskera, catal\u00e1n y gallego: una Iglesia que habla con todas sus voces. Se or\u00f3 por la Iglesia, para que siga siendo custodia del proyecto de salvaci\u00f3n; por quienes nos acompa\u00f1an en el camino de la fe, especialmente por el Santo Padre; por el mundo entero, para que, seducido por el amor de Cristo encarnado, no ceda al rumor de las armas, sino que busque la armon\u00eda de la concordia, la verdad y la paz.<\/p>\n<p style=\"text-align: justify;\">Asimismo, los asistentes rogaron al Se\u00f1or por los afligidos y quienes han perdido toda esperanza, para que no caigan en el des\u00e1nimo, sino que experimenten en sus corazones el don de la esperanza cristiana y la ayuda de la caridad. Adem\u00e1s, encomendaron a los ni\u00f1os, adolescentes y j\u00f3venes de cada una de las realidades eclesiales, para que, escuchando la invitaci\u00f3n de Cristo, sean d\u00f3ciles al plan de Dios, que los llama cada d\u00eda a experimentar la novedad del amor y le respondan con generosidad a la vocaci\u00f3n a la que \u00e9l los llama.<\/p>\n<p style=\"text-align: justify;\">Finalmente, tuvieron presente a todas las comunidades diocesanas y todas las realidades eclesiales en Espa\u00f1a, para que, vigorizados por el poder del perd\u00f3n y reavivados por la gracia de este A\u00f1o Jubilar, puedan continuar en su camino de seguimiento del Evangelio.<\/p>\n<p>    <img decoding=\"async\" src=\"data:image\/gif;base64,R0lGODlhAQABAIAAAAAAAP\/\/\/yH5BAEAAAAALAAAAAABAAEAAAIBRAA7\" data-original=\"https:\/\/www.vaticannews.va\/content\/dam\/vaticannews\/agenzie\/images\/srv\/2025\/08\/01\/2025-08-01-giubileo-dei-giovani---messa-giovani-spagnoli\/1754074860553.JPG\/_jcr_content\/renditions\/cq5dam.thumbnail.cropped.750.422.jpeg\" alt=\"El saludo de la paz de los j\u00f3venes espa\u00f1oles en la sagrada eucarist\u00eda.\" title=\"El saludo de la paz de los j\u00f3venes espa\u00f1oles en la sagrada eucarist\u00eda.\"\/><\/p>\n<p>\n   El saludo de la paz de los j\u00f3venes espa\u00f1oles en la sagrada eucarist\u00eda. \u00a0 (@Vatican Media)\n  <\/p>\n<p><b>So\u00f1ados por Dios, llamados por nombre<\/b> <\/p>\n<p style=\"text-align: justify;\">El primer bloque de testimonios, que precedi\u00f3 a la sagrada eucarist\u00eda, titulado \u201cEl regalo de la vida\u201d, abord\u00f3 la existencia como vocaci\u00f3n. Con un estilo meditativo, se propuso a los j\u00f3venes redescubrir que la vida no es un accidente, sino una misi\u00f3n nacida del amor de Dios. La joven Mar\u00eda Tagarro, de la di\u00f3cesis de Astorga, comparti\u00f3 su historia de fe entre luces y sombras, desde la infancia creyente hasta la noche oscura de la adolescencia.<\/p>\n<p style=\"text-align: justify;\">\u201cViv\u00ed mi primera crisis de fe consciente antes de confirmarme\u2026 Me costaba entender qu\u00e9 me estaba pasando, pero hoy veo ese momento como una purificaci\u00f3n. El Se\u00f1or me sigue regalando amistades en la Iglesia, donde puedo vivir mi fe con libertad\u201d. Su relato, acompa\u00f1ado de un silencio profundo, toc\u00f3 el alma de muchos, que aplaudieron con fuerza el coraje de su s\u00ed cotidiano.<\/p>\n<p style=\"text-align: justify;\">A continuaci\u00f3n, \u201cLa alegr\u00eda del perd\u00f3n\u201d abri\u00f3 paso a un testimonio vital sobre la misericordia. Jos\u00e9 Tom\u00e1s Cebri\u00e1n \u2014conocido como \u201cPepetto\u201d\u2014 describi\u00f3 c\u00f3mo, tras alejarse de la fe durante a\u00f1os, Dios lo esper\u00f3 pacientemente. \u201cEn un retiro, encontr\u00e9 perd\u00f3n. Un coraz\u00f3n roto que Dios quiso sanar solo con ped\u00edrselo\u201d, confes\u00f3. Su mensaje fue claro: la verdadera felicidad no est\u00e1 en el \u00e9xito ni en el placer inmediato, sino en saberse perdonado y amado.<\/p>\n<p style=\"text-align: justify;\">El cierre de los testimonios, en el bloque \u00abYo soy la puerta que os abro a la felicidad\u00bb, lo protagonizaron Quique Mira y Mar\u00eda Lorenzo, miembros del proyecto evangelizador AUTE. Manifestaron su alegr\u00eda al ver la Plaza de San Pedro llena de j\u00f3venes, reflejo del sue\u00f1o de Dios: una Iglesia joven y viva. Contaron que se casaron hace dos meses y ven su matrimonio como una Iglesia dom\u00e9stica, una familia que acoge y forma disc\u00edpulos para compartir el amor de Dios.<\/p>\n<p style=\"text-align: justify;\">Narraron c\u00f3mo su encuentro personal con Cristo transform\u00f3 su visi\u00f3n del amor en medio de un mundo marcado por la superficialidad, las apariencias y el miedo disfrazado de indiferencia. Su matrimonio, dijeron, no es solo un \u201cs\u00ed\u201d ante el altar, sino un compromiso diario de entrega, de elegir al otro y de salir al encuentro. \u201cNuestro matrimonio es misi\u00f3n\u201d, afirmaron, animando a los j\u00f3venes: \u201cNo teng\u00e1is miedo de entrar por la puerta del Buen Pastor. La felicidad est\u00e1 en amar y dejarse amar\u201d.<\/p>\n<p>    <img decoding=\"async\" src=\"data:image\/gif;base64,R0lGODlhAQABAIAAAAAAAP\/\/\/yH5BAEAAAAALAAAAAABAAEAAAIBRAA7\" data-original=\"https:\/\/www.vaticannews.va\/content\/dam\/vaticannews\/agenzie\/images\/srv\/2025\/08\/01\/2025-08-01-giubileo-dei-giovani---messa-giovani-spagnoli\/1754069505564.JPG\/_jcr_content\/renditions\/cq5dam.thumbnail.cropped.750.422.jpeg\" alt=\"Santa misa en el encuentro de los espa\u00f1oles participantes en el Jubileo de los J\u00f3venes.\" title=\"Santa misa en el encuentro de los espa\u00f1oles participantes en el Jubileo de los J\u00f3venes.\"\/><\/p>\n<p>\n   Santa misa en el encuentro de los espa\u00f1oles participantes en el Jubileo de los J\u00f3venes. \u00a0 (@Vatican Media)\n  <\/p>\n<p>Voces desde la Plaza <\/p>\n<p style=\"text-align: justify;\">Antes del encuentro, j\u00f3venes de la parroquia Nuestra Se\u00f1ora del Camino (Madrid) y alumnas de un colegio de la capital compartieron espont\u00e1neamente a los medios vaticanos lo que estaban viviendo. \u201cEstar aqu\u00ed con tantos j\u00f3venes que viven su fe me ha hecho ver que no estamos solos. Que la Iglesia es joven, alegre y universal\u201d, dec\u00eda una chica, entre l\u00e1grimas y risas.<\/p>\n<p style=\"text-align: justify;\">Otro grupo hablaba con convicci\u00f3n del camino recorrido hasta llegar a Roma: \u201cNos hemos preparado con oraci\u00f3n, adoraciones, vigilias. Lo que m\u00e1s me impacta es ver que hay miles de j\u00f3venes que no tienen verg\u00fcenza de decir que creen, de cantar, de rezar, de abrazarse\u201d, dijo uno de los chicos. \u201cNosotros tambi\u00e9n queremos hacer l\u00edo, pero un l\u00edo bueno, como dec\u00eda el Papa Francisco\u201d, a\u00f1adi\u00f3 su compa\u00f1era.<\/p>\n<p>    <img decoding=\"async\" src=\"data:image\/gif;base64,R0lGODlhAQABAIAAAAAAAP\/\/\/yH5BAEAAAAALAAAAAABAAEAAAIBRAA7\" data-original=\"https:\/\/www.vaticannews.va\/content\/dam\/vaticannews\/multimedia\/2025\/agosto\/01\/2025.08.01-Incontro-giovani-spagnoli-Giubileo-dei-Giovani-Piazza-San-Pietro-13.jpeg\/_jcr_content\/renditions\/cq5dam.thumbnail.cropped.750.422.jpeg\" alt=\"J\u00f3venes espa\u00f1oles en camino a la Plaza de San Pedro para el encuentro in\u00e9dito.\" title=\"J\u00f3venes espa\u00f1oles en camino a la Plaza de San Pedro para el encuentro in\u00e9dito.\"\/><\/p>\n<p>\n   J\u00f3venes espa\u00f1oles en camino a la Plaza de San Pedro para el encuentro in\u00e9dito.\n  <\/p>\n<p><b>De vuelta a casa\u2026 distintos<\/b> <\/p>\n<p style=\"text-align: justify;\">El Encuentro de los Espa\u00f1oles es solo un pelda\u00f1o del Jubileo, que continuar\u00e1 con la vigilia y la misa con el Papa Le\u00f3n XIV en Tor Vergata. Pero muchos ya saben que no regresar\u00e1n iguales. Desean llevar esa alegr\u00eda a casa, contar lo que vivieron, lo que sintieron y c\u00f3mo se encontraron con Cristo en Roma.<\/p>\n<p style=\"text-align: justify;\">Desde la Plaza de San Pedro, donde el coraz\u00f3n de la Iglesia palpita en piedra y palabra, Espa\u00f1a ha dejado huella. No solo por la cantidad, sino por la calidad del testimonio. Una juventud viva, inquieta, capaz de cantar a pleno pulm\u00f3n, pero tambi\u00e9n de arrodillarse. De mirar con hondura, de decir s\u00ed, como Mar\u00eda. Y de gritar, con todas sus fuerzas, bajo el cielo romano:<\/p>\n<p style=\"text-align: justify;\"><b>\u201c\u00a1Esta es la juventud del Papa!\u201d.<\/b><\/p>\n<p>    <img decoding=\"async\" src=\"data:image\/gif;base64,R0lGODlhAQABAIAAAAAAAP\/\/\/yH5BAEAAAAALAAAAAABAAEAAAIBRAA7\" data-original=\"https:\/\/www.vaticannews.va\/content\/dam\/vaticannews\/multimedia\/2025\/agosto\/01\/2025.08.01-Incontro-giovani-spagnoli-Giubileo-dei-Giovani-Piazza-San-Pietro-8.jpeg\/_jcr_content\/renditions\/cq5dam.thumbnail.cropped.750.422.jpeg\" alt=\"Cientos de peregrinos hacen fila esperando para ingresar en la Plaza de San Pedro bajo un implacable sol romano.\" title=\"Cientos de peregrinos hacen fila esperando para ingresar en la Plaza de San Pedro bajo un implacable sol romano.\"\/><\/p>\n<p>\n   Cientos de peregrinos hacen fila esperando para ingresar en la Plaza de San Pedro bajo un implacable sol romano.\n  <\/p>\n","protected":false},"excerpt":{"rendered":"La Plaza de San Pedro acoge este viernes 1 de agosto por la tarde un encuentro hist\u00f3rico de&hellip;\n","protected":false},"author":2,"featured_media":20573,"comment_status":"","ping_status":"","sticky":false,"template":"","format":"standard","meta":{"footnotes":""},"categories":[5],"tags":[436,1733,229,17,18,25,24,9572,9573,434,13,14,11,401,433,19,20,12360,9,10,15,16,12359,11506,438,23,12361,12,21,22,403],"class_list":{"0":"post-20572","1":"post","2":"type-post","3":"status-publish","4":"format-standard","5":"has-post-thumbnail","7":"category-titulares","8":"tag-jubileo2025","9":"tag-amor","10":"tag-arte","11":"tag-breaking-news","12":"tag-breakingnews","13":"tag-es","14":"tag-espana","15":"tag-esperanza","16":"tag-evangelizacion","17":"tag-fe","18":"tag-featured-news","19":"tag-featurednews","20":"tag-headlines","21":"tag-iglesia-catolica","22":"tag-jovenes","23":"tag-latest-news","24":"tag-latestnews","25":"tag-misa","26":"tag-news","27":"tag-noticias","28":"tag-noticias-destacadas","29":"tag-noticiasdestacadas","30":"tag-oracion","31":"tag-paz","32":"tag-roma","33":"tag-spain","34":"tag-testimonios-de-fe","35":"tag-titulares","36":"tag-ultimas-noticias","37":"tag-ultimasnoticias","38":"tag-vaticano"},"share_on_mastodon":{"url":"","error":""},"_links":{"self":[{"href":"https:\/\/www.europesays.com\/es\/wp-json\/wp\/v2\/posts\/20572","targetHints":{"allow":["GET"]}}],"collection":[{"href":"https:\/\/www.europesays.com\/es\/wp-json\/wp\/v2\/posts"}],"about":[{"href":"https:\/\/www.europesays.com\/es\/wp-json\/wp\/v2\/types\/post"}],"author":[{"embeddable":true,"href":"https:\/\/www.europesays.com\/es\/wp-json\/wp\/v2\/users\/2"}],"replies":[{"embeddable":true,"href":"https:\/\/www.europesays.com\/es\/wp-json\/wp\/v2\/comments?post=20572"}],"version-history":[{"count":0,"href":"https:\/\/www.europesays.com\/es\/wp-json\/wp\/v2\/posts\/20572\/revisions"}],"wp:featuredmedia":[{"embeddable":true,"href":"https:\/\/www.europesays.com\/es\/wp-json\/wp\/v2\/media\/20573"}],"wp:attachment":[{"href":"https:\/\/www.europesays.com\/es\/wp-json\/wp\/v2\/media?parent=20572"}],"wp:term":[{"taxonomy":"category","embeddable":true,"href":"https:\/\/www.europesays.com\/es\/wp-json\/wp\/v2\/categories?post=20572"},{"taxonomy":"post_tag","embeddable":true,"href":"https:\/\/www.europesays.com\/es\/wp-json\/wp\/v2\/tags?post=20572"}],"curies":[{"name":"wp","href":"https:\/\/api.w.org\/{rel}","templated":true}]}}