{"id":205721,"date":"2025-10-28T16:41:09","date_gmt":"2025-10-28T16:41:09","guid":{"rendered":"https:\/\/www.europesays.com\/es\/205721\/"},"modified":"2025-10-28T16:41:09","modified_gmt":"2025-10-28T16:41:09","slug":"el-unicaja-ante-un-mercado-complejo-para-reemplazar-a-david-kravish","status":"publish","type":"post","link":"https:\/\/www.europesays.com\/es\/205721\/","title":{"rendered":"El Unicaja, ante un mercado complejo para reemplazar a David Kravish"},"content":{"rendered":"<p>El Unicaja se enfrenta al momento m\u00e1s complejo que ha vivido desde el verano de 2022. Su \u00e9poca dorada de t\u00edtulos ha estado basada en  &#8230; la continuidad de un bloque reconocible que sufri\u00f3 m\u00ednimos retoques de una temporada a otra. El pasado verano, sin embargo, sufri\u00f3 en sus carnes la crueldad del mercado y perdi\u00f3 a jugadores que buscaron metas deportivas m\u00e1s altas como es competir en la Eroliga y contratos m\u00e1s lucrativos. Tuvo que hacer cuatro cambios en la plantilla y ahora se enfrenta a uno m\u00e1s por la grave lesi\u00f3n que ha sufrido David Kravish. <\/p>\n<p class=\"v-p\">La direcci\u00f3n deportiva del club busca desde el domingo por la tarde un recambio para un jugador que ha sido pieza fundamental en los \u00e9xitos del equipo y que t\u00e1cticamente hablando es clave para Ibon Navarro. Kravish daba mucha polivalencia al grupo por su capacidad para abrir el campo con un lanzamiento muy fiable. Prueba de su importancia es la ampliaci\u00f3n de contrato que firm\u00f3 el pasado verano. <\/p>\n<p class=\"v-p\">El Unicaja ha recibido varios ofrecimientos, pero no son jugadores a los que sea f\u00e1cil acceder desde su posici\u00f3n, pues tienen un cach\u00e9 alto y en funci\u00f3n de su situaci\u00f3n est\u00e1n esperando ofertas de la Euroliga y otros de los contactados priorizan seguir en la Liga de Desarrollo de la NBA. <\/p>\n<p><img decoding=\"async\" loading=\"lazy\" src=\"https:\/\/www.europesays.com\/es\/wp-content\/uploads\/2025\/10\/68fa443d237a2.r_d.1151-654-2245-U80523701542Kdk-650x455@Diario Sur.jpg\" class=\"v-a-img\" width=\"650\" height=\"455\" alt=\"Alex Len.\" data-voc-vtm-id=\"in-text-traffic\"\/><\/p>\n<p>Alex Len.<\/p>\n<p>SUR<\/p>\n<p><img loading=\"lazy\" decoding=\"async\" src=\"https:\/\/www.europesays.com\/es\/wp-content\/uploads\/2025\/10\/68fa443d237a2.r_d.1151-654-2245-U80523701542Kdk-650x455@Diario Sur.jpg\" class=\"v-mdl__img-z\" width=\"650\" height=\"455\" alt=\"\"\/><\/p>\n<p class=\"v-p\">Por ejemplo, uno de los nombres llamativos que ha sido ofrecido es el ucraniano Alex Len (2,13 y 32 a\u00f1os) (Oleksii Yuriyovich), con larga trayectoria en la NBA y al que se le ha vinculado con el Real Madrid, club que todav\u00eda no le ha trasladado una oferta. \u00abEs un jugador caro\u00bb, se indic\u00f3 sobre Len. Son varios los equipos que como el Unicaja est\u00e1n ahora a la &#8216;caza&#8217; de un p\u00edvot, pues el Baskonia tambi\u00e9n est\u00e1 buscando un reemplazo para Luka Samanic, que dej\u00f3 el equipo por diferencias con su entrenador y no por motivos personales, como se inform\u00f3. Al parecer el jugador se encontraba enfermo (bronquitis) y fue obligado a jugar. El croata se est\u00e1 entrenando en Croacia a la espera de tomar una decisi\u00f3n. Por cierto, Samanic ha cambiado de agente. El jugador, pese a contar con varias ofertas, quiere seguir en Espa\u00f1a, seg\u00fan se indic\u00f3 desde su entorno.<\/p>\n<p class=\"v-p\">El club cajista tambi\u00e9n cuenta con varias opciones de jugadores con formaci\u00f3n estadounidense, aunque alguno tiene pasaporte coton\u00fa, para los que en la mayor\u00eda de los casos esta ser\u00eda su primera experiencia en Europa. Esto es algo a tener en cuenta, porque algunas fuentes apuntaron a que se est\u00e1 buscando un refuerzo con una trayectoria m\u00e1s consolidada. En este sentido, tambi\u00e9n se ha descartado a alg\u00fan jugador cupo de formaci\u00f3n que est\u00e1 sin equipo. As\u00ed que el Unicaja est\u00e1 ante un mercado de jugadores interiores bastante complejo.<\/p>\n","protected":false},"excerpt":{"rendered":"El Unicaja se enfrenta al momento m\u00e1s complejo que ha vivido desde el verano de 2022. Su \u00e9poca&hellip;\n","protected":false},"author":2,"featured_media":205722,"comment_status":"","ping_status":"","sticky":false,"template":"","format":"standard","meta":{"footnotes":""},"categories":[269],"tags":[1575,299,298,11585,2429,168,25,24,10127,1239,56219,23,167,2246],"class_list":{"0":"post-205721","1":"post","2":"type-post","3":"status-publish","4":"format-standard","5":"has-post-thumbnail","7":"category-baloncesto","8":"tag-ante","9":"tag-baloncesto","10":"tag-basketball","11":"tag-complejo","12":"tag-david","13":"tag-deportes","14":"tag-es","15":"tag-espana","16":"tag-kravish","17":"tag-mercado","18":"tag-reemplazar","19":"tag-spain","20":"tag-sports","21":"tag-unicaja"},"share_on_mastodon":{"url":"https:\/\/pubeurope.com\/@es\/115452791359816729","error":""},"_links":{"self":[{"href":"https:\/\/www.europesays.com\/es\/wp-json\/wp\/v2\/posts\/205721","targetHints":{"allow":["GET"]}}],"collection":[{"href":"https:\/\/www.europesays.com\/es\/wp-json\/wp\/v2\/posts"}],"about":[{"href":"https:\/\/www.europesays.com\/es\/wp-json\/wp\/v2\/types\/post"}],"author":[{"embeddable":true,"href":"https:\/\/www.europesays.com\/es\/wp-json\/wp\/v2\/users\/2"}],"replies":[{"embeddable":true,"href":"https:\/\/www.europesays.com\/es\/wp-json\/wp\/v2\/comments?post=205721"}],"version-history":[{"count":0,"href":"https:\/\/www.europesays.com\/es\/wp-json\/wp\/v2\/posts\/205721\/revisions"}],"wp:featuredmedia":[{"embeddable":true,"href":"https:\/\/www.europesays.com\/es\/wp-json\/wp\/v2\/media\/205722"}],"wp:attachment":[{"href":"https:\/\/www.europesays.com\/es\/wp-json\/wp\/v2\/media?parent=205721"}],"wp:term":[{"taxonomy":"category","embeddable":true,"href":"https:\/\/www.europesays.com\/es\/wp-json\/wp\/v2\/categories?post=205721"},{"taxonomy":"post_tag","embeddable":true,"href":"https:\/\/www.europesays.com\/es\/wp-json\/wp\/v2\/tags?post=205721"}],"curies":[{"name":"wp","href":"https:\/\/api.w.org\/{rel}","templated":true}]}}