{"id":205725,"date":"2025-10-28T16:43:14","date_gmt":"2025-10-28T16:43:14","guid":{"rendered":"https:\/\/www.europesays.com\/es\/205725\/"},"modified":"2025-10-28T16:43:14","modified_gmt":"2025-10-28T16:43:14","slug":"cayetano-rivera-se-reinventa-y-pasa-de-los-ruedos-al-despacho-del-presidente-de-paraguay","status":"publish","type":"post","link":"https:\/\/www.europesays.com\/es\/205725\/","title":{"rendered":"Cayetano Rivera se reinventa y pasa de los ruedos al despacho del presidente de Paraguay"},"content":{"rendered":"<p id=\"eglFFyoB2C\" data-wc=\"70\"><a class=\"hm-link ho-link\" href=\"https:\/\/www.hola.com\/biografias\/cayetano-riviera-ordonez\/\" data-mrf-recirculation=\"article-body-link\" rel=\"nofollow noopener\" target=\"_blank\">Cayetano Rivera<\/a> se retir\u00f3 de los ruedos hace apenas dos meses y, desde entonces, ha comenzado una etapa completamente alejada del mundo taurino. Si hace unas semanas viajaba a Lagos (Nigeria) junto al <a class=\"hm-link ho-link\" href=\"https:\/\/www.hola.com\/actualidad\/20251005859557\/cayetano-rivera-embarca-nueva-aventura-alejandro-agag-nigeria\/\" data-mrf-recirculation=\"article-body-link\" rel=\"nofollow noopener\" target=\"_blank\">empresario Alejandro Agag<\/a>, considerado el rey de la F\u00f3rmula E, en los \u00faltimos d\u00edas ha continuado su periplo internacional con una visita a Asunci\u00f3n, donde mantuvo un encuentro con Santiago Pe\u00f1a, presidente de la Rep\u00fablica de Paraguay.<\/p>\n<p> <img src=\"https:\/\/www.europesays.com\/es\/wp-content\/uploads\/2025\/10\/b6aced5d0a47-saveclipapp559278780184185590021053781765389058119141569n.jpg\"   width=\"1024\" height=\"768\" loading=\"lazy\" decoding=\"async\" alt=\"Cayetano Rivera con el empresario Alejandro Agag en Lagos, Nigeria\" fetchpriority=\"auto\" class=\"image ho-image\"\/>\u00a9 alejandroextremeeCayetano Rivera con el empresario Alejandro Agag en Lagos, Nigeria<\/p>\n<p id=\"e33tC9CrVK\" data-wc=\"82\">\u00abAgradecemos profundamente al presidente Santiago Pe\u00f1a y a su equipo por la c\u00e1lida recepci\u00f3n y el inter\u00e9s mostrado en este proyecto com\u00fan. <strong>Paraguay es un pa\u00eds con un enorme potencial para desarrollar proyectos industriales sostenibles, innovadores y generadores de empleo y valor para el pa\u00eds<\/strong>. Su gente transmite un esp\u00edritu de colaboraci\u00f3n que inspira confianza e ilusi\u00f3n. Es un honor dar este primer paso y seguir fortaleciendo los lazos de cooperaci\u00f3n\u00bb, ha publicado el torero junto a varias fotos de la reuni\u00f3n.\u00a0<\/p>\n<p> <img src=\"https:\/\/www.europesays.com\/es\/wp-content\/uploads\/2025\/10\/568c0011cf3f-cayetano1.jpg\"   width=\"1024\" height=\"658\" loading=\"lazy\" decoding=\"async\" alt=\"Cayetano Rivera durante su reuni\u00f3n con Santiago Pe\u00f1a, presidente de la Rep\u00fablica de Paraguay\" fetchpriority=\"auto\" class=\"image ho-image\"\/>\u00a9 presidenciaparaguayCayetano Rivera durante su reuni\u00f3n con Santiago Pe\u00f1a, presidente de la Rep\u00fablica de Paraguay<\/p>\n<p id=\"ed2c6wboMr\" data-wc=\"39\">El que fuera marido de <a class=\"hm-link ho-link\" href=\"https:\/\/www.hola.com\/actualidad\/20251007860253\/el-entorno-de-eva-gonzalez-desmiente-que-vuelva-a-estar-enamorada\/\" data-mrf-recirculation=\"article-body-link\" rel=\"nofollow noopener\" target=\"_blank\">Eva Gonz\u00e1lez<\/a> no ha dado m\u00e1s detalles del encuentro. Quien s\u00ed lo ha hecho es la Presidencia de la Rep\u00fablica del Paraguay a trav\u00e9s de este mensaje compartido en su perfil oficial de Instagram.\u00a0<\/p>\n<p> <img src=\"https:\/\/www.europesays.com\/es\/wp-content\/uploads\/2025\/10\/756d8e01a0d3-cayetano2.jpg\"   width=\"1024\" height=\"687\" loading=\"lazy\" decoding=\"async\" alt=\"Cayetano Rivera durante su reuni\u00f3n con Santiago Pe\u00f1a, presidente de la Rep\u00fablica de Paraguay\" fetchpriority=\"auto\" class=\"image ho-image\"\/>\u00a9 presidenciaparaguayOtro momento de la reuni\u00f3n de Cayetano Rivera con el presidente de la Rep\u00fablica de Paraguay<\/p>\n<p id=\"euVHw5NLzn\" data-wc=\"93\">\u00abEl presidente de la Rep\u00fablica, Santiago Pe\u00f1a, recibi\u00f3 al <strong>empresario minero, Mikhail S,\u00a0<\/strong>con quien convers\u00f3 sobre las posibilidades de inversi\u00f3n en nuestro pa\u00eds, para <strong>la explotaci\u00f3n y manufactura de minerales, como el titanio<\/strong>, cuya presencia en nuestro suelo ya est\u00e1 probada. Como primer paso, arribar\u00e1 al pa\u00eds un equipo t\u00e9cnico que trabajar\u00e1 con especialistas paraguayos en la materia, para observar y analizar a profundidad nuestro subsuelo y su potencial minero. El Gobierno del Paraguay impulsa acciones que redit\u00faen en beneficio de los ciudadanos, a trav\u00e9s de la generaci\u00f3n de fuentes de trabajo\u00bb.\u00a0<\/p>\n<p> <img src=\"https:\/\/www.europesays.com\/es\/wp-content\/uploads\/2025\/10\/9fd4be13e12d-dlu582604034.jpg\"   width=\"1024\" height=\"682\" loading=\"lazy\" decoding=\"async\" alt=\"Cayetano Rivera se retir\u00f3 de los ruedos el 20 de septiembre de 2025\" fetchpriority=\"auto\" class=\"image ho-image\"\/>\u00a9 GTRESCayetano Rivera se retir\u00f3 de los ruedos el 20 de septiembre de 2025<\/p>\n<p id=\"ee2MXUEBfC\" data-wc=\"58\">Cuando anunci\u00f3 su retirada, el diestro explic\u00f3 en una entrevista concedida a Espejo P\u00fablico que se tomar\u00eda \u201cdos o tres meses de descanso\u201d para reflexionar y, despu\u00e9s, se pondr\u00eda manos a la obra. \u201c<strong>Evidentemente, tengo que seguir trabajando. Intentar\u00e9 buscar cosas que me permitan mantener mi nivel de vida y, al mismo tiempo, que me diviertan<\/strong>\u201d, confes\u00f3 entonces.<\/p>\n<p> <img src=\"https:\/\/www.europesays.com\/es\/wp-content\/uploads\/2025\/10\/176a29627ec9-cayetano-getty.jpg\"   width=\"681\" height=\"1024\" loading=\"lazy\" decoding=\"async\" alt=\"Cayetano Rivera anuncia que va a poner una denuncia tras su detenci\u00f3n\" fetchpriority=\"auto\" class=\"image ho-image\"\/>\u00a9 Getty ImagesAntes de ser torero, Cayetano estudi\u00f3 empresariales y cine<\/p>\n<p id=\"eb5SsNB6mt\" data-wc=\"35\">Ahora, a sus 48 a\u00f1os, podr\u00eda estar preparado para iniciar una nueva etapa al otro lado del Atl\u00e1ntico, apostando por proyectos sostenibles e innovadores que buscar\u00edan generar empleo y aportar valor all\u00ed donde se desarrollen.\u00a0<\/p>\n<p>Formaci\u00f3n acad\u00e9mica<\/p>\n<p id=\"ec9V1zYknw\" data-wc=\"51\">Cabe recordar que, antes de lanzarse a los ruedos, Cayetano estudi\u00f3 en Estados Unidos. Primero se matricul\u00f3 en Empresariales. Luego se cambi\u00f3 a Comunicaci\u00f3n y por \u00faltimo se interes\u00f3 por el cine en Los \u00c1ngeles. De hecho, antes de tomar la alternativa con 29 a\u00f1os, trabaj\u00f3 en una productora en Espa\u00f1a.<\/p>\n<p> <img src=\"https:\/\/www.europesays.com\/es\/wp-content\/uploads\/2025\/10\/5026ef970258-dlu307092009.jpg\"   width=\"1024\" height=\"682\" loading=\"lazy\" decoding=\"async\" alt=\"Francisco y Cayetano Rivera, la imagen de una buena relaci\u00f3n entre hermanos\" fetchpriority=\"auto\" class=\"image ho-image\"\/>\u00a9 GTRESCayetano y Francisco Rivera, en una imagen de archivo en la que aparece muy sonrientes  <\/p>\n<p id=\"emD27N-h0A\" data-wc=\"76\"><a class=\"hm-link ho-link\" href=\"https:\/\/www.hola.com\/actualidad\/20231228245794\/cayetano-rivera-francisco-gesto-economico\/\" data-mrf-recirculation=\"article-body-link\" rel=\"nofollow noopener\" target=\"_blank\">Los gastos de su educaci\u00f3n corrieron a cargo de su hermano Francisco<\/a>, quien, en ese momento, ten\u00eda una buena situaci\u00f3n econ\u00f3mica debido a su \u00e9xito en los ruedos. A\u00f1os despu\u00e9s, Cayetano quiso devolverle el gesto. \u201cCayetano no solo me ha dado las gracias, sino que adem\u00e1s, cuando ha triunfado en el toreo, me dijo: \u2018Oye, \u00bfcu\u00e1nto te cost\u00e9 yo en Estados Unidos? Pues toma\u2019. Qu\u00e9 maravilla, \u00bfno?\u201d, desvel\u00f3 Francisco en el programa \u00a1De viernes!, de Telecinco.<\/p>\n","protected":false},"excerpt":{"rendered":"Cayetano Rivera se retir\u00f3 de los ruedos hace apenas dos meses y, desde entonces, ha comenzado una etapa&hellip;\n","protected":false},"author":2,"featured_media":205726,"comment_status":"","ping_status":"","sticky":false,"template":"","format":"standard","meta":{"footnotes":""},"categories":[174],"tags":[517,1393,255,146,147,25,24,256,23],"class_list":{"0":"post-205725","1":"post","2":"type-post","3":"status-publish","4":"format-standard","5":"has-post-thumbnail","7":"category-famosos","8":"tag-actualidad","9":"tag-cayetano-rivera","10":"tag-celebrities","11":"tag-entertainment","12":"tag-entretenimiento","13":"tag-es","14":"tag-espana","15":"tag-famosos","16":"tag-spain"},"share_on_mastodon":{"url":"https:\/\/pubeurope.com\/@es\/115452799120201003","error":""},"_links":{"self":[{"href":"https:\/\/www.europesays.com\/es\/wp-json\/wp\/v2\/posts\/205725","targetHints":{"allow":["GET"]}}],"collection":[{"href":"https:\/\/www.europesays.com\/es\/wp-json\/wp\/v2\/posts"}],"about":[{"href":"https:\/\/www.europesays.com\/es\/wp-json\/wp\/v2\/types\/post"}],"author":[{"embeddable":true,"href":"https:\/\/www.europesays.com\/es\/wp-json\/wp\/v2\/users\/2"}],"replies":[{"embeddable":true,"href":"https:\/\/www.europesays.com\/es\/wp-json\/wp\/v2\/comments?post=205725"}],"version-history":[{"count":0,"href":"https:\/\/www.europesays.com\/es\/wp-json\/wp\/v2\/posts\/205725\/revisions"}],"wp:featuredmedia":[{"embeddable":true,"href":"https:\/\/www.europesays.com\/es\/wp-json\/wp\/v2\/media\/205726"}],"wp:attachment":[{"href":"https:\/\/www.europesays.com\/es\/wp-json\/wp\/v2\/media?parent=205725"}],"wp:term":[{"taxonomy":"category","embeddable":true,"href":"https:\/\/www.europesays.com\/es\/wp-json\/wp\/v2\/categories?post=205725"},{"taxonomy":"post_tag","embeddable":true,"href":"https:\/\/www.europesays.com\/es\/wp-json\/wp\/v2\/tags?post=205725"}],"curies":[{"name":"wp","href":"https:\/\/api.w.org\/{rel}","templated":true}]}}