{"id":205727,"date":"2025-10-28T16:46:09","date_gmt":"2025-10-28T16:46:09","guid":{"rendered":"https:\/\/www.europesays.com\/es\/205727\/"},"modified":"2025-10-28T16:46:09","modified_gmt":"2025-10-28T16:46:09","slug":"sarah-santaolalla-critica-en-rtve-a-la-policia-por-su-laxitud-con-vito-quiles-y-el-sindicato-jupol-la-llama-cunada","status":"publish","type":"post","link":"https:\/\/www.europesays.com\/es\/205727\/","title":{"rendered":"Sarah Santaolalla critica en RTVE a la Polic\u00eda por su laxitud con Vito Quiles y el sindicato Jupol la llama \u00abcu\u00f1ada\u00bb"},"content":{"rendered":"<p class=\"article-text\">\n        Choque entre <strong>Sarah Santaolalla<\/strong> y el sindicato de la <strong>Polic\u00eda Nacional<\/strong> <strong>Jupol<\/strong>. La tertuliana de <strong>RTVE <\/strong>y el organismo han protagonizado un tenso intercambio de opiniones en redes sociales a ra\u00edz de unas declaraciones que la joven realiz\u00f3 este lunes 27 de octubre en el plat\u00f3 del <strong>Ma\u00f1aneros 360 <\/strong>conducido en <strong>La 1<\/strong> por <strong>Javier Ruiz.<\/strong>\n    <\/p>\n<p>    <a href=\"https:\/\/www.eldiario.es\/vertele\/noticias\/javier-ruiz-explica-directo-al-grano-disparos-rtve-audiencias-senala-duopolio-privado-tv-mananeros_1_12699188.html\" data-mrf-recirculation=\"saber-mas\" data-dl-event=\"saber-mas\" rel=\"nofollow noopener\" target=\"_blank\"><\/p>\n<p class=\"know-more__title\">Javier Ruiz explica en &#8216;Directo al grano&#8217; los \u00abdisparos\u00bb a RTVE por sus audiencias y se\u00f1ala al duopolio privado en TV<\/p>\n<p>            <img decoding=\"async\" class=\"lazy\" loading=\"lazy\" data-src=\"https:\/\/static.eldiario.es\/clip\/9f19ca67-b47e-4a62-943a-ec090f839be5_16-9-aspect-ratio_default_0.jpg\" src=\"data:image\/svg+xml,%3Csvg xmlns=\" http:=\"\" viewbox=\"0 0 880 495\" alt=\"Javier Ruiz explica en 'Directo al grano' los &quot;disparos&quot; a RTVE por sus audiencias y se\u00f1ala al duopolio privado en TV\"\/><\/p>\n<p>                        <\/a><\/p>\n<p class=\"article-text\">\n        Ocurri\u00f3 cuando Santaolalla daba su parecer sobre el &#8216;tour&#8217; que el agitador ultraderechista <strong>Vito Quiles<\/strong> est\u00e1 haciendo por varias universidades de Espa\u00f1a, donde ha realizado actos con discursos plagados de<strong> proclamas fascistas<\/strong> y con<strong> banderas del \u00e1guila franquista<\/strong> entre sus asistentes. \u201c\u00bfPor qu\u00e9 la Polic\u00eda agrede a gente con la bandera de Palestina y no agrede a gente con la bandera del aguilucho? <strong>\u00bfEl aguilucho te hace inmune para la Polic\u00eda? <\/strong>\u00bfEl aguilucho te da protecci\u00f3n? \u00bfEl aguilucho hace que no te detengan?\u201d, planteaba la colaboradora indignada.\n    <\/p>\n<p class=\"article-text\">\n        \u201c\u00bfPor qu\u00e9 esta persona no es detenida y se le lleva a un cuartelillo y sigue campando a sus anchas? Es una verg\u00fcenza que esto pase y <strong>que la polic\u00eda no haga nada<\/strong>\u201d, se quej\u00f3 Santaolalla aunque lo cierto es que, en algunas de las im\u00e1genes ofrecidas de estas convocatorias, s\u00ed se ha podido ver a la Polic\u00eda apercibiendo a Quiles tras provocar a manifestantes contrarios a su ideolog\u00eda y tambi\u00e9n oblig\u00e1ndolo a marcharse del lugar.\n    <\/p>\n<p>    Jupol llama \u201ccu\u00f1ada\u201d y \u201ctod\u00f3loga\u201d a Sarah Santaolalla<\/p>\n<p class=\"article-text\">\n        Horas m\u00e1s tarde, Jupol recog\u00eda el momento en su cuenta oficial de X -antes Twitter-, cargando contra la tertuliana con varios descalificativos: \u201cA ver, querida Sarah Santaolalla, sabemos que es <strong>predicar en el desierto<\/strong>&#8230; pero intentaremos explic\u00e1rtelo\u201d, empiezan diciendo los agentes en su escrito. \u201c<strong>La Polic\u00eda NO agrede, aplica la fuerza. <\/strong>Lo hace cuando hay que restablecer el orden p\u00fablico, de forma proporcional y progresiva, independiente de qui\u00e9n est\u00e9 enfrente y qu\u00e9 bandera lleve. \u00bfRecuerdas Ferraz?\u201d, a\u00f1aden.\n    <\/p>\n<p class=\"article-text\">\n        \u201cSpoiler, la Polic\u00eda depende del Ministerio del Interior (Gobierno), y en orden p\u00fablico el m\u00e1ximo responsable es el Delegado\/a del Gobierno. \u00bfPor qu\u00e9 lo obvias, o es ignorancia?. Ya puestos a hacer preguntas, nosotros tambi\u00e9n tenemos, <strong>\u00bfpor qu\u00e9 est\u00e1s en todas las tertulias en calidad de &#8216;tod\u00f3loga&#8217; opinando como una buena &#8216;cu\u00f1ada&#8217;?<\/strong>\u201d, concluyeron en un ataque personal a la joven.\n    <\/p>\n<p>    <a href=\"https:\/\/www.eldiario.es\/vertele\/noticias\/presidente-rtve-enfrenta-vox-acusar-cadena-publica-confunde-libertad-expresion-odio-video_1_12720289.html\" data-mrf-recirculation=\"saber-mas-abajo\" data-dl-event=\"saber-mas-abajo\" rel=\"nofollow noopener\" target=\"_blank\"><\/p>\n<p class=\"know-more__title\">El presidente de RTVE se enfrenta a Vox por acusar a la cadena p\u00fablica: \u201cConfunden odio con libertad de expresi\u00f3n\u201d\n<\/p>\n<p>            <img decoding=\"async\" class=\"lazy\" loading=\"lazy\" data-src=\"https:\/\/static.eldiario.es\/clip\/10ff53e0-7adf-4a64-94d8-0de1d8a28009_16-9-aspect-ratio_default_0.jpg\" src=\"data:image\/svg+xml,%3Csvg xmlns=\" http:=\"\" viewbox=\"0 0 880 495\" alt=\"El presidente de RTVE se enfrenta a Vox por acusar a la cadena p\u00fablica: &quot;Confunden odio con libertad de expresi\u00f3n&quot;\"\/><\/p>\n<p>                        <\/a><\/p>\n<p class=\"article-text\">\n        Santaolalla decidi\u00f3 responder al mensaje insistiendo en su cr\u00edtica: \u201cEs curioso como <strong>os molesto m\u00e1s yo que los del aguilucho.<\/strong> Por cierto, cuando vaya a poner una denuncia a comisar\u00eda \u00bftambi\u00e9n me vais a insultar o puedo confiar en vuestra neutralidad exquisita y demostrada?\u201d, pregunt\u00f3 ir\u00f3nica la tertuliana.\n    <\/p>\n<blockquote class=\"twitter-tweet\" data-lang=\"es\"><p><a href=\"https:\/\/twitter.com\/X\/status\/1982935272615448915?ref_src=twsrc%5Etfw\" rel=\"nofollow noopener\" target=\"_blank\"><\/p><\/blockquote>\n<p>                                    <script async src=\"https:\/\/platform.twitter.com\/widgets.js\" charset=\"utf-8\"><\/script><\/p>\n","protected":false},"excerpt":{"rendered":"Choque entre Sarah Santaolalla y el sindicato de la Polic\u00eda Nacional Jupol. La tertuliana de RTVE y el&hellip;\n","protected":false},"author":2,"featured_media":205728,"comment_status":"","ping_status":"","sticky":false,"template":"","format":"standard","meta":{"footnotes":""},"categories":[171],"tags":[1497,56222,146,147,25,24,56221,56220,8500,586,54954,518,9260,9259,40083,23,214,23236],"class_list":{"0":"post-205727","1":"post","2":"type-post","3":"status-publish","4":"format-standard","5":"has-post-thumbnail","7":"category-tv","8":"tag-critica","9":"tag-cunada","10":"tag-entertainment","11":"tag-entretenimiento","12":"tag-es","13":"tag-espana","14":"tag-jupol","15":"tag-laxitud","16":"tag-llama","17":"tag-policia","18":"tag-quiles","19":"tag-rtve","20":"tag-santaolalla","21":"tag-sarah","22":"tag-sindicato","23":"tag-spain","24":"tag-tv","25":"tag-vito"},"share_on_mastodon":{"url":"https:\/\/pubeurope.com\/@es\/115452810833020739","error":""},"_links":{"self":[{"href":"https:\/\/www.europesays.com\/es\/wp-json\/wp\/v2\/posts\/205727","targetHints":{"allow":["GET"]}}],"collection":[{"href":"https:\/\/www.europesays.com\/es\/wp-json\/wp\/v2\/posts"}],"about":[{"href":"https:\/\/www.europesays.com\/es\/wp-json\/wp\/v2\/types\/post"}],"author":[{"embeddable":true,"href":"https:\/\/www.europesays.com\/es\/wp-json\/wp\/v2\/users\/2"}],"replies":[{"embeddable":true,"href":"https:\/\/www.europesays.com\/es\/wp-json\/wp\/v2\/comments?post=205727"}],"version-history":[{"count":0,"href":"https:\/\/www.europesays.com\/es\/wp-json\/wp\/v2\/posts\/205727\/revisions"}],"wp:featuredmedia":[{"embeddable":true,"href":"https:\/\/www.europesays.com\/es\/wp-json\/wp\/v2\/media\/205728"}],"wp:attachment":[{"href":"https:\/\/www.europesays.com\/es\/wp-json\/wp\/v2\/media?parent=205727"}],"wp:term":[{"taxonomy":"category","embeddable":true,"href":"https:\/\/www.europesays.com\/es\/wp-json\/wp\/v2\/categories?post=205727"},{"taxonomy":"post_tag","embeddable":true,"href":"https:\/\/www.europesays.com\/es\/wp-json\/wp\/v2\/tags?post=205727"}],"curies":[{"name":"wp","href":"https:\/\/api.w.org\/{rel}","templated":true}]}}