{"id":205743,"date":"2025-10-28T16:54:09","date_gmt":"2025-10-28T16:54:09","guid":{"rendered":"https:\/\/www.europesays.com\/es\/205743\/"},"modified":"2025-10-28T16:54:09","modified_gmt":"2025-10-28T16:54:09","slug":"netanyahu-ordena-a-las-fuerzas-armadas-que-lleven-a-cabo-de-inmediato-ataques-contundentes-en-gaza","status":"publish","type":"post","link":"https:\/\/www.europesays.com\/es\/205743\/","title":{"rendered":"Netanyahu ordena a las fuerzas armadas que lleven a cabo de inmediato \u00abataques contundentes\u00bb en Gaza"},"content":{"rendered":"<p>  Por&amp;nbsp<a href=\"https:\/\/es.euronews.com\/perfiles\/2780\" rel=\"nofollow noopener\" target=\"_blank\">Lucia Blasco<\/a>&amp;nbsp&amp;&amp;nbsp<b>Euronews<\/b><\/p>\n<p>\n                    Publicado                 28\/10\/2025 &#8211; 17:34 CET<br \/>\n                \u2022Ultima actualizaci\u00f3n<br \/>\n                                     17:52\n                                        <\/p>\n<p>El primer ministro de Israel, Benjamin Netanyahu, orden\u00f3 este martes al Ej\u00e9rcito que llevara a cabo de inmediato <strong>\u00abataques contundentes\u00bb<\/strong> en Gaza. <\/p>\n<p>Netanyahu hizo el anuncio poco despu\u00e9s de que Israel <strong>dijera que Ham\u00e1s hab\u00eda abierto fuego contra las Fuerzas de Defensa de Israel (FDI)<\/strong> en el sur de Gaza.<\/p>\n<p>La tensi\u00f3n ya era alta despu\u00e9s de que Ham\u00e1s <a href=\"https:\/\/es.euronews.com\/2025\/10\/15\/israel-asegura-que-uno-de-los-cuerpos-entregados-por-hamas-no-era-el-de-un-rehen\" rel=\"nofollow noopener\" target=\"_blank\">devolviera unos restos<\/a> que, seg\u00fan Israel, pertenec\u00edan al cuerpo de <strong>un reh\u00e9n israel\u00ed recuperado a principios de la guerra<\/strong>.<\/p>\n<p>De acuerdo con el an\u00e1lisis forense, los restos devueltos anoche por Ham\u00e1s son de Tzarfati -que fue enterrado ya en diciembre de 2023- y no se corresponden con el ADN de ninguno de los <a href=\"https:\/\/es.euronews.com\/2025\/10\/26\/hamas-amplia-la-busqueda-de-los-cuerpos-de-los-rehenes-en-gaza-y-egipto-se-une-a-ella\" rel=\"nofollow noopener\" target=\"_blank\">13 cautivos muertos que contin\u00faan en Gaza.<\/a><\/p>\n<p>Nuestros periodistas est\u00e1n trabajando en esta noticia y la actualizar\u00e1n en cuanto dispongan de m\u00e1s informaci\u00f3n.<\/p>\n","protected":false},"excerpt":{"rendered":"Por&amp;nbspLucia Blasco&amp;nbsp&amp;&amp;nbspEuronews Publicado 28\/10\/2025 &#8211; 17:34 CET \u2022Ultima actualizaci\u00f3n 17:52 El primer ministro de Israel, Benjamin Netanyahu, orden\u00f3&hellip;\n","protected":false},"author":2,"featured_media":205744,"comment_status":"","ping_status":"","sticky":false,"template":"","format":"standard","meta":{"footnotes":""},"categories":[42],"tags":[13241,17,18,13,14,1256,1258,75,11,61,62,63,64,19,20,9,10,15,16,12,21,22,65,66,67],"class_list":{"0":"post-205743","1":"post","2":"type-post","3":"status-publish","4":"format-standard","5":"has-post-thumbnail","7":"category-internacional","8":"tag-benjamin-netanyahu","9":"tag-breaking-news","10":"tag-breakingnews","11":"tag-featured-news","12":"tag-featurednews","13":"tag-franja-de-gaza","14":"tag-guerra-israel-hamas","15":"tag-hamas","16":"tag-headlines","17":"tag-internacional","18":"tag-international","19":"tag-international-news","20":"tag-internationalnews","21":"tag-latest-news","22":"tag-latestnews","23":"tag-news","24":"tag-noticias","25":"tag-noticias-destacadas","26":"tag-noticiasdestacadas","27":"tag-titulares","28":"tag-ultimas-noticias","29":"tag-ultimasnoticias","30":"tag-world","31":"tag-world-news","32":"tag-worldnews"},"share_on_mastodon":{"url":"","error":""},"_links":{"self":[{"href":"https:\/\/www.europesays.com\/es\/wp-json\/wp\/v2\/posts\/205743","targetHints":{"allow":["GET"]}}],"collection":[{"href":"https:\/\/www.europesays.com\/es\/wp-json\/wp\/v2\/posts"}],"about":[{"href":"https:\/\/www.europesays.com\/es\/wp-json\/wp\/v2\/types\/post"}],"author":[{"embeddable":true,"href":"https:\/\/www.europesays.com\/es\/wp-json\/wp\/v2\/users\/2"}],"replies":[{"embeddable":true,"href":"https:\/\/www.europesays.com\/es\/wp-json\/wp\/v2\/comments?post=205743"}],"version-history":[{"count":0,"href":"https:\/\/www.europesays.com\/es\/wp-json\/wp\/v2\/posts\/205743\/revisions"}],"wp:featuredmedia":[{"embeddable":true,"href":"https:\/\/www.europesays.com\/es\/wp-json\/wp\/v2\/media\/205744"}],"wp:attachment":[{"href":"https:\/\/www.europesays.com\/es\/wp-json\/wp\/v2\/media?parent=205743"}],"wp:term":[{"taxonomy":"category","embeddable":true,"href":"https:\/\/www.europesays.com\/es\/wp-json\/wp\/v2\/categories?post=205743"},{"taxonomy":"post_tag","embeddable":true,"href":"https:\/\/www.europesays.com\/es\/wp-json\/wp\/v2\/tags?post=205743"}],"curies":[{"name":"wp","href":"https:\/\/api.w.org\/{rel}","templated":true}]}}