{"id":205750,"date":"2025-10-28T17:02:09","date_gmt":"2025-10-28T17:02:09","guid":{"rendered":"https:\/\/www.europesays.com\/es\/205750\/"},"modified":"2025-10-28T17:02:09","modified_gmt":"2025-10-28T17:02:09","slug":"fallece-diego-quiles-uno-de-los-empresarios-creadores-del-mitico-equipo-kelme","status":"publish","type":"post","link":"https:\/\/www.europesays.com\/es\/205750\/","title":{"rendered":"Fallece Diego Quiles, uno de los empresarios creadores del m\u00edtico equipo Kelme"},"content":{"rendered":"<p>El empresario alicantino Diego Quiles ha fallecido a los 84 a\u00f1os de edad. En el mundo empresarial fue conocido por crear y consolidar junto a su hermano Pepe Quiles la empresa Kelme. En el deporte fue reconocido por ser presidente del Elche CF y por impulsar el nacimiento del equipo Kelme, uno de los conjuntos m\u00e1s importantes en la historia del ciclismo profesional espa\u00f1ol.<\/p>\n<p><strong>Diego Quiles<\/strong> estuvo muy implicado en el nacimiento y consolidaci\u00f3n de Kelme como equipo ciclista profesional. Fue suyo el primer impulso de una iniciativa que, con el paso de los a\u00f1os, acabar\u00eda siendo recogida por <strong>Pepe Quiles<\/strong>, quien en la parte final de la historia de Kelme fue la persona que llev\u00f3 la voz cantante dentro de un equipo por el que pasaron corredores como <strong>Vicente Belda,<\/strong> F<strong>ernando Escart\u00edn, Roberto Heras, Alejandro Valverde<\/strong>\u2026 y que consigui\u00f3 brillar en el Tour de Francia, el Giro de Italia o la Vuelta a Espa\u00f1a, puesto que siempre fue un equipo de escaladores y vuelt\u00f3manos m\u00e1s que de clasic\u00f3manos y velocistas.<\/p>\n","protected":false},"excerpt":{"rendered":"El empresario alicantino Diego Quiles ha fallecido a los 84 a\u00f1os de edad. En el mundo empresarial fue&hellip;\n","protected":false},"author":2,"featured_media":205751,"comment_status":"","ping_status":"","sticky":false,"template":"","format":"standard","meta":{"footnotes":""},"categories":[273],"tags":[313,312,168,25,24,23,167],"class_list":{"0":"post-205750","1":"post","2":"type-post","3":"status-publish","4":"format-standard","5":"has-post-thumbnail","7":"category-ciclismo","8":"tag-ciclismo","9":"tag-cycling","10":"tag-deportes","11":"tag-es","12":"tag-espana","13":"tag-spain","14":"tag-sports"},"share_on_mastodon":{"url":"https:\/\/pubeurope.com\/@es\/115452873522033139","error":""},"_links":{"self":[{"href":"https:\/\/www.europesays.com\/es\/wp-json\/wp\/v2\/posts\/205750","targetHints":{"allow":["GET"]}}],"collection":[{"href":"https:\/\/www.europesays.com\/es\/wp-json\/wp\/v2\/posts"}],"about":[{"href":"https:\/\/www.europesays.com\/es\/wp-json\/wp\/v2\/types\/post"}],"author":[{"embeddable":true,"href":"https:\/\/www.europesays.com\/es\/wp-json\/wp\/v2\/users\/2"}],"replies":[{"embeddable":true,"href":"https:\/\/www.europesays.com\/es\/wp-json\/wp\/v2\/comments?post=205750"}],"version-history":[{"count":0,"href":"https:\/\/www.europesays.com\/es\/wp-json\/wp\/v2\/posts\/205750\/revisions"}],"wp:featuredmedia":[{"embeddable":true,"href":"https:\/\/www.europesays.com\/es\/wp-json\/wp\/v2\/media\/205751"}],"wp:attachment":[{"href":"https:\/\/www.europesays.com\/es\/wp-json\/wp\/v2\/media?parent=205750"}],"wp:term":[{"taxonomy":"category","embeddable":true,"href":"https:\/\/www.europesays.com\/es\/wp-json\/wp\/v2\/categories?post=205750"},{"taxonomy":"post_tag","embeddable":true,"href":"https:\/\/www.europesays.com\/es\/wp-json\/wp\/v2\/tags?post=205750"}],"curies":[{"name":"wp","href":"https:\/\/api.w.org\/{rel}","templated":true}]}}