{"id":20578,"date":"2025-08-02T11:45:24","date_gmt":"2025-08-02T11:45:24","guid":{"rendered":"https:\/\/www.europesays.com\/es\/20578\/"},"modified":"2025-08-02T11:45:24","modified_gmt":"2025-08-02T11:45:24","slug":"baloncesto-caceres-navarra-acogera-el-debut-liguero-del-caceres-25-26","status":"publish","type":"post","link":"https:\/\/www.europesays.com\/es\/20578\/","title":{"rendered":"BALONCESTO C\u00c1CERES | Navarra acoger\u00e1 el debut liguero del C\u00e1ceres 25-26"},"content":{"rendered":"<p class=\"ft-text\">La <strong>Federaci\u00f3n Espa\u00f1ola de Baloncesto<\/strong> (FEB) ha dado a conocer el calendario completo tanto de <strong>Segunda FEB<\/strong> como de la Copa Espa\u00f1a, por lo que el C\u00e1ceres Patrimonio de la Humanidad ya conoce el camino y las fechas para regresar a lo que en su d\u00eda fue LEB Oro, la Primera FEB.<\/p>\n<p class=\"ft-text\">El debut liguero tendr\u00e1 lugar el <strong>4 de octubre<\/strong> en Navarra, concretamente en la pedan\u00eda pamplonesa de<strong> Olaz<\/strong>, con el reci\u00e9n ascendido <strong>Castillo de Gorr\u00e1iz Valle de Eg\u00fces<\/strong>. Por su parte, la primera visita al Multiusos, en el trasfondo liguero, ser\u00e1 en la segunda jornada el <strong>11 de octubre<\/strong> con la recepci\u00f3n al <strong>Cultural y Deportiva Leonesa<\/strong>, muy probablemente rival directo de los cacere\u00f1os.<\/p>\n<p><img decoding=\"async\" src=\"https:\/\/www.europesays.com\/es\/wp-content\/uploads\/2025\/08\/7ec90cdd-0379-46f4-a930-302bc33c7cad_alta-libre-aspect-ratio_default_0.jpg\" width=\"1200\" height=\"849\" alt=\"Calendario completo.\" class=\"ft-helper-img-rd\" loading=\"lazy\" hasdataaida=\"true\"\/><\/p>\n<p class=\"ft-helper-fontColor-quaternary ft-helper-fontSize-body-S ft-helper-spacer-t-xxs\">Calendario completo.  \/ FEB<\/p>\n<p class=\"ft-text\"><strong>Ponferrada <\/strong>(jornada 3, 18-10), <strong>Ja\u00e9n <\/strong>(jornada 5, 1-11) y <strong>Logro\u00f1o <\/strong>(jornada 7, 15-11) ser\u00e1n las siguientes visitas a domicilio, mientras que al fort\u00edn extreme\u00f1o vendr\u00e1n <strong>Caja 87<\/strong> (jornada 4, 25-10), <strong>Biele ISB<\/strong> (jornada 6, 8-11) y <strong>Starlabs Mor\u00f3n<\/strong> (jornada 8, 22-11).<\/p>\n<p class=\"ft-text\">La temporada regular acabar\u00e1 fuera de casa, pero no muy lejos. <strong>Toledo <\/strong>ser\u00e1 el lugar, en la jornada 26 del <strong>18 de abril<\/strong>. El \u00faltimo duelo en casa, en caso de no jugar una postemporada, ser\u00e1 ante el reci\u00e9n descendido <strong>Valladolid <\/strong>el <strong>11 de abril<\/strong>. Previsiblemente un duelo lleno de importancia.<\/p>\n<p class=\"ft-text\">Otras fechas relevantes como las festivas no est\u00e1n exentas de baloncesto. En Navidad, el Multiusos acoger\u00e1 el duelo de ida entre los extreme\u00f1os y los toledanos, el <strong>3 de enero<\/strong>. Semana Santa tampoco se libra, y en pleno S\u00e1bado Santo, el <strong>4 de abril<\/strong>, Coto C\u00f3rdoba viaja a las tierras cacere\u00f1as.<\/p>\n<p class=\"ft-text\">Si la afici\u00f3n se lleva una alegr\u00eda y el conjunto de Carbajal juega la <strong>final por el ascenso<\/strong>, como la pasada campa\u00f1a, ser\u00e1 el <strong>25 de abril la ida y el 2 de mayo la vuelta<\/strong>. Por otro lado, si juega unos <strong>playoffs<\/strong>, estos ser\u00e1n <strong>del 25 de abril al 30 de mayo<\/strong>.<\/p>\n<p>Copa Espa\u00f1a<\/p>\n<p class=\"ft-text\">Tambi\u00e9n se dio a conocer esta semana los rivales del grupo de la <strong>Copa Espa\u00f1a<\/strong>, y este viernes el calendario junto al de liga. El verdadero estreno en casa tendr\u00e1 lugar el <strong>13 de septiembre<\/strong>, en la jornada 1 copera, contra el madrile\u00f1o <strong>Spanish Basketball Academy<\/strong> (SBA). El resto de duelos ser\u00e1n<strong> CB Toledo en casa el 20 de septiembre<\/strong> y <strong>visita a Getafe el 27 de septiembre<\/strong>. Las eliminatorias ser\u00e1n del 21 de octubre al 7 de enero, y la Final Four, m\u00e1s que una quimera para los verdinegros, el 23 y 24 de enero.<\/p>\n<p><img decoding=\"async\" src=\"https:\/\/www.europesays.com\/es\/wp-content\/uploads\/2025\/08\/afaada48-e066-455f-ad5f-cf17026c3a7b_alta-libre-aspect-ratio_default_0.jpg\" width=\"1200\" height=\"535\" alt=\"Calendario del grupo G.\" class=\"ft-helper-img-rd\" loading=\"lazy\" hasdataaida=\"true\"\/><\/p>\n<p class=\"ft-helper-fontColor-quaternary ft-helper-fontSize-body-S ft-helper-spacer-t-xxs\">Calendario del grupo G.  \/ FEB<\/p>\n","protected":false},"excerpt":{"rendered":"La Federaci\u00f3n Espa\u00f1ola de Baloncesto (FEB) ha dado a conocer el calendario completo tanto de Segunda FEB como&hellip;\n","protected":false},"author":2,"featured_media":20579,"comment_status":"","ping_status":"","sticky":false,"template":"","format":"standard","meta":{"footnotes":""},"categories":[269],"tags":[2231,299,298,3975,3976,5437,634,168,25,24,11452,708,3977,23,167],"class_list":{"0":"post-20578","1":"post","2":"type-post","3":"status-publish","4":"format-standard","5":"has-post-thumbnail","7":"category-baloncesto","8":"tag-acogera","9":"tag-baloncesto","10":"tag-basketball","11":"tag-caceres","12":"tag-caceres-basket","13":"tag-debut","14":"tag-deporte","15":"tag-deportes","16":"tag-es","17":"tag-espana","18":"tag-liguero","19":"tag-navarra","20":"tag-segunda-feb","21":"tag-spain","22":"tag-sports"},"share_on_mastodon":{"url":"","error":""},"_links":{"self":[{"href":"https:\/\/www.europesays.com\/es\/wp-json\/wp\/v2\/posts\/20578","targetHints":{"allow":["GET"]}}],"collection":[{"href":"https:\/\/www.europesays.com\/es\/wp-json\/wp\/v2\/posts"}],"about":[{"href":"https:\/\/www.europesays.com\/es\/wp-json\/wp\/v2\/types\/post"}],"author":[{"embeddable":true,"href":"https:\/\/www.europesays.com\/es\/wp-json\/wp\/v2\/users\/2"}],"replies":[{"embeddable":true,"href":"https:\/\/www.europesays.com\/es\/wp-json\/wp\/v2\/comments?post=20578"}],"version-history":[{"count":0,"href":"https:\/\/www.europesays.com\/es\/wp-json\/wp\/v2\/posts\/20578\/revisions"}],"wp:featuredmedia":[{"embeddable":true,"href":"https:\/\/www.europesays.com\/es\/wp-json\/wp\/v2\/media\/20579"}],"wp:attachment":[{"href":"https:\/\/www.europesays.com\/es\/wp-json\/wp\/v2\/media?parent=20578"}],"wp:term":[{"taxonomy":"category","embeddable":true,"href":"https:\/\/www.europesays.com\/es\/wp-json\/wp\/v2\/categories?post=20578"},{"taxonomy":"post_tag","embeddable":true,"href":"https:\/\/www.europesays.com\/es\/wp-json\/wp\/v2\/tags?post=20578"}],"curies":[{"name":"wp","href":"https:\/\/api.w.org\/{rel}","templated":true}]}}