{"id":205784,"date":"2025-10-28T17:25:07","date_gmt":"2025-10-28T17:25:07","guid":{"rendered":"https:\/\/www.europesays.com\/es\/205784\/"},"modified":"2025-10-28T17:25:07","modified_gmt":"2025-10-28T17:25:07","slug":"israel-suena-con-el-tour-de-francia","status":"publish","type":"post","link":"https:\/\/www.europesays.com\/es\/205784\/","title":{"rendered":"Israel sue\u00f1a con el Tour de Francia"},"content":{"rendered":"<p class=\"\"><b>Israel quiere acoger la Gran Salida del Tour de Francia. Seg\u00fan recoge el diario franc\u00e9s L\u2019\u00c9quipe<\/b>, el gobierno del pa\u00eds israel\u00ed ha mostrado su deseo de acoger las primeras etapas de la ronda francesa en un futuro aunque sin poner plazos.<\/p>\n<p class=\"\">Detr\u00e1s de esta idea est\u00e1n <b>Sylvan Adams<\/b>, el multimillonario isreal\u00ed-canadiense que hasta este mes de octubre era el patr\u00f3n del Israel Cycling Academy, y lapresidenta de la Federaci\u00f3n Israel\u00ed de Ciclismo <b>Dafna Lang,<\/b> que en declaraciones al medio franc\u00e9s analizaba as\u00ed esta hip\u00f3tesis. \u201cNo puedo hablar por Sylvan Adams pero <b>creo que una vez que haya una paz estable en la regi\u00f3n, haremos muchos proyectos al m\u00e1s alto nivel<\/b> para recibir a todo el mundo. Somos optimistas porque ya hemos tra\u00eddo el Giro de Italia aqu\u00ed, as\u00ed que todo es posible\u201d.<\/p>\n<p class=\"\">Pese a que Lang asegura que a\u00fan no le ha transmitido esta idea al presidente de la UCI, David Lappartient, de esta forma se retomar\u00eda la idea propuesta por <b>Sylvan Adams,<\/b> cuando el empresario asegur\u00f3 que estaba \u201cen conversaciones con los <b>organizadores del Tour de Francia para que siguieran el ejemplo del Giro\u201d.<\/b><\/p>\n<p class=\"\">Sin embargo, <b>ASO, la empresa organizadora del Tour de Francia, no ha querido hacer comentarios <\/b>sobre esta futura salida del Tour en Israel, aunque para ello deber\u00e1 hacerse efectivo de forma definitiva el acuerdo de alto el fuego entre Israel y Ham\u00e1s.<\/p>\n<p>Noticias relacionadas<\/p>\n<p class=\"\"><b>Los rumores sobre esta futura salida del Tour de Francia desde Israel llegan en un momento<\/b> en el que el mundo del ciclismo se ha convertido en uno de los principales escaparates de protesta contra Israel por el genocidio en Gaza como qued\u00f3 patente en varias etapas de la pasada Vuelta a Espa\u00f1a, destacando los incidentes en las jornadas de Bilbao, Mos y Madrid, donde no se pudo llegar a meta, y con la ausencia del equipo Israel en las cl\u00e1sicas de oto\u00f1o en Italia, entre ellas el Giro de Lombard\u00eda, por temor a posibles protestas. Un Israel que, adem\u00e1s, cambiar\u00e1 su denominaci\u00f3n de cara a 2026 para evitar que sus ciclistas y su staff sean el blanco de la ira en las protestas contra el genocidio.<\/p>\n<p class=\"\"><b>\u00a1Tus opiniones importan!<\/b> Comenta en los art\u00edculos y suscr\u00edbete gratis a nuestra <a href=\"https:\/\/asfan.as.com\/newsletters\/\" target=\"_blank\" rel=\"nofollow noopener\" title=\"https:\/\/asfan.as.com\/newsletters\/\">newsletter<\/a> y a las alertas informativas en la <a href=\"https:\/\/as.com\/aplicacion-de-as-n\/\" target=\"_blank\" rel=\"nofollow noopener\" title=\"https:\/\/as.com\/aplicacion-de-as-n\/\">App<\/a> o el canal de <a href=\"https:\/\/www.whatsapp.com\/channel\/0029VaAasdA7j6g745nz9M10\" target=\"_blank\" rel=\"nofollow noopener\" title=\"https:\/\/www.whatsapp.com\/channel\/0029VaAasdA7j6g745nz9M10\">WhatsApp<\/a>. \u00bfBuscas licenciar contenido? Haz clic <a href=\"https:\/\/profesional.elpais.com\/soluciones-sindicacion?utm_medium=interno&amp;utm_source=crosslinking&amp;utm_campaign=sindicacion_as_pie_articulos\" target=\"_blank\" rel=\"nofollow noopener\" title=\"https:\/\/profesional.elpais.com\/soluciones-sindicacion?utm_medium=interno&amp;utm_source=crosslinking&amp;utm_campaign=sindicacion_as_pie_articulos\">aqu\u00ed<\/a><\/p>\n","protected":false},"excerpt":{"rendered":"Israel quiere acoger la Gran Salida del Tour de Francia. Seg\u00fan recoge el diario franc\u00e9s L\u2019\u00c9quipe, el gobierno&hellip;\n","protected":false},"author":2,"featured_media":205785,"comment_status":"","ping_status":"","sticky":false,"template":"","format":"standard","meta":{"footnotes":""},"categories":[273],"tags":[313,312,168,25,24,23,167],"class_list":{"0":"post-205784","1":"post","2":"type-post","3":"status-publish","4":"format-standard","5":"has-post-thumbnail","7":"category-ciclismo","8":"tag-ciclismo","9":"tag-cycling","10":"tag-deportes","11":"tag-es","12":"tag-espana","13":"tag-spain","14":"tag-sports"},"share_on_mastodon":{"url":"https:\/\/pubeurope.com\/@es\/115452963930526144","error":""},"_links":{"self":[{"href":"https:\/\/www.europesays.com\/es\/wp-json\/wp\/v2\/posts\/205784","targetHints":{"allow":["GET"]}}],"collection":[{"href":"https:\/\/www.europesays.com\/es\/wp-json\/wp\/v2\/posts"}],"about":[{"href":"https:\/\/www.europesays.com\/es\/wp-json\/wp\/v2\/types\/post"}],"author":[{"embeddable":true,"href":"https:\/\/www.europesays.com\/es\/wp-json\/wp\/v2\/users\/2"}],"replies":[{"embeddable":true,"href":"https:\/\/www.europesays.com\/es\/wp-json\/wp\/v2\/comments?post=205784"}],"version-history":[{"count":0,"href":"https:\/\/www.europesays.com\/es\/wp-json\/wp\/v2\/posts\/205784\/revisions"}],"wp:featuredmedia":[{"embeddable":true,"href":"https:\/\/www.europesays.com\/es\/wp-json\/wp\/v2\/media\/205785"}],"wp:attachment":[{"href":"https:\/\/www.europesays.com\/es\/wp-json\/wp\/v2\/media?parent=205784"}],"wp:term":[{"taxonomy":"category","embeddable":true,"href":"https:\/\/www.europesays.com\/es\/wp-json\/wp\/v2\/categories?post=205784"},{"taxonomy":"post_tag","embeddable":true,"href":"https:\/\/www.europesays.com\/es\/wp-json\/wp\/v2\/tags?post=205784"}],"curies":[{"name":"wp","href":"https:\/\/api.w.org\/{rel}","templated":true}]}}