{"id":205811,"date":"2025-10-28T17:42:21","date_gmt":"2025-10-28T17:42:21","guid":{"rendered":"https:\/\/www.europesays.com\/es\/205811\/"},"modified":"2025-10-28T17:42:21","modified_gmt":"2025-10-28T17:42:21","slug":"ee-uu-ataco-cuatro-embarcaciones-en-el-pacifico-hay-14-muertos-y-coordinan-con-mexico-el-rescate-de-un-sobreviviente","status":"publish","type":"post","link":"https:\/\/www.europesays.com\/es\/205811\/","title":{"rendered":"EE.UU. atac\u00f3 cuatro embarcaciones en el Pac\u00edfico. Hay 14 muertos y coordinan con M\u00e9xico el rescate de un sobreviviente"},"content":{"rendered":"<p>      CNN Espa\u00f1ol<br \/>\n        \u00a0\u2014\u00a0<\/p>\n<p class=\"paragraph inline-placeholder vossi-paragraph\" data-uri=\"es.cms.cnn.com\/_components\/paragraph\/instances\/cmhamdwoh000r2bnl6g4s5oe5@published\" data-editable=\"text\" data-component-name=\"paragraph\" data-article-gutter=\"true\">\n            Estados Unidos lanz\u00f3 tres ataques contra cuatro embarcaciones que \u201ctraficaban drogas\u201d en aguas internacionales del este del Pac\u00edfico el lunes, con un saldo de 14 muertos y un sobreviviente, seg\u00fan inform\u00f3 el secretario de Defensa, Pete Hegseth.\n    <\/p>\n<p class=\"paragraph inline-placeholder vossi-paragraph\" data-uri=\"es.cms.cnn.com\/_components\/paragraph\/instances\/cmhamezb30003356npo2muqiy@published\" data-editable=\"text\" data-component-name=\"paragraph\" data-article-gutter=\"true\">\n            \u201cLas cuatro embarcaciones eran conocidas por nuestro aparato de inteligencia, transitaban por rutas conocidas del narcotr\u00e1fico y transportaban narc\u00f3ticos\u201d, asegur\u00f3 <a href=\"https:\/\/x.com\/secwar\/status\/1983164355999883548\" target=\"_blank\" rel=\"nofollow\">en X<\/a> el titular de Defensa del Gobierno de Donald Trump. Seg\u00fan report\u00f3, las naves era operadas por organizaciones terroristas designadas.\n    <\/p>\n<p class=\"paragraph inline-placeholder vossi-paragraph\" data-uri=\"es.cms.cnn.com\/_components\/paragraph\/instances\/cmhamezb30004356nunm8lvd0@published\" data-editable=\"text\" data-component-name=\"paragraph\" data-article-gutter=\"true\">\n            Se trata del primer ataque m\u00faltiple de los <a href=\"https:\/\/cnnespanol.cnn.com\/2025\/10\/24\/eeuu\/ataques-botes-caribe-pacifico-cronologia-orix\" rel=\"nofollow noopener\" target=\"_blank\">11 reportados hasta el momento<\/a> por Washington, que por ahora no ha proporcionado pruebas que respalden las acusaciones.\n    <\/p>\n<p class=\"paragraph inline-placeholder vossi-paragraph\" data-uri=\"es.cms.cnn.com\/_components\/paragraph\/instances\/cmhamezb30005356nbmbizc05@published\" data-editable=\"text\" data-component-name=\"paragraph\" data-article-gutter=\"true\">\n            Hegseth dijo que el Comando Sur de EE.UU. inici\u00f3 el protocolo de b\u00fasqueda y rescate para dar con el sobreviviente. \u201cLas autoridades mexicanas aceptaron el caso y asumieron la responsabilidad de coordinar el rescate\u201d, dijo el funcionario.\n    <\/p>\n<p class=\"paragraph inline-placeholder vossi-paragraph\" data-uri=\"es.cms.cnn.com\/_components\/paragraph\/instances\/cmhas5yg900003j6o7z0gkd4t@published\" data-editable=\"text\" data-component-name=\"paragraph\" data-article-gutter=\"true\">\n            La presidenta de M\u00e9xico, Claudia Sheinbaum, dijo durante su conferencia de prensa diaria que su Gobierno fue informado sobre la situaci\u00f3n esta ma\u00f1ana. Agreg\u00f3 que los hechos ocurrieron en aguas internacionales.\n    <\/p>\n<p class=\"paragraph inline-placeholder vossi-paragraph\" data-uri=\"es.cms.cnn.com\/_components\/paragraph\/instances\/cmhas6a3t00043j6o1i0s0snc@published\" data-editable=\"text\" data-component-name=\"paragraph\" data-article-gutter=\"true\">\n            \u201cDi la instrucci\u00f3n de se le pidiera al canciller (Juan Ram\u00f3n de la Fuente), junto con Marina, pues que tuvieran una reuni\u00f3n con el embajador (Ron Johnson), y les daremos la informaci\u00f3n con Secretar\u00eda de Marina de este sobreviviente, si es el caso que en efecto hubo un sobreviviente\u201d, dijo la mandataria.\n    <\/p>\n<p class=\"paragraph inline-placeholder vossi-paragraph\" data-uri=\"es.cms.cnn.com\/_components\/paragraph\/instances\/cmhamefg40000356nc143ibja@published\" data-editable=\"text\" data-component-name=\"paragraph\" data-article-gutter=\"true\">\n            Ante la consulta de CNN, la Secretar\u00eda de Marina de M\u00e9xico inform\u00f3 que las operaciones estadounidenses \u201cse llevaron a cabo en aguas internacionales y no estaban cerca de las costas mexicanas\u201d. Sin embargo, las autoridades no hicieron comentarios sobre lo se\u00f1alado por Hegseth sobre el operativo de rescate del sobreviviente.\n    <\/p>\n<p class=\"paragraph inline-placeholder vossi-paragraph\" data-uri=\"es.cms.cnn.com\/_components\/paragraph\/instances\/cmhaozhwz000l356nw4r3uu5w@published\" data-editable=\"text\" data-component-name=\"paragraph\" data-article-gutter=\"true\">\n            El funcionario estadounidense detall\u00f3 que hab\u00eda cuatro personas a bordo en cada una de las tres primeras naves atacadas, y tres tripulantes en la cuarta embarcaci\u00f3n.\n    <\/p>\n<p class=\"paragraph inline-placeholder vossi-paragraph\" data-uri=\"es.cms.cnn.com\/_components\/paragraph\/instances\/cmhapfl7e000p356nj7z0ugvl@published\" data-editable=\"text\" data-component-name=\"paragraph\" data-article-gutter=\"true\">\n            Los sucesivos ataques de Washington se han llevado a cabo sin procedimientos judiciales ni una declaraci\u00f3n de guerra del Congreso de EE.UU., y han sido criticados por los gobiernos de Colombia y Venezuela, de donde parecen provenir varios de los barcos.\n    <\/p>\n<p class=\"paragraph inline-placeholder vossi-paragraph\" data-uri=\"es.cms.cnn.com\/_components\/paragraph\/instances\/cmhams06s0004356ncwzkbr6a@published\" data-editable=\"text\" data-component-name=\"paragraph\" data-article-gutter=\"true\">\n            Lizbeth Padillla, Mauricio Torres y Uriel Blanco colaboraron con este reporte\n    <\/p>\n","protected":false},"excerpt":{"rendered":"CNN Espa\u00f1ol \u00a0\u2014\u00a0 Estados Unidos lanz\u00f3 tres ataques contra cuatro embarcaciones que \u201ctraficaban drogas\u201d en aguas internacionales del&hellip;\n","protected":false},"author":2,"featured_media":205812,"comment_status":"","ping_status":"","sticky":false,"template":"","format":"standard","meta":{"footnotes":""},"categories":[5],"tags":[56227,17,18,25,24,13,14,11,150,19,20,9,10,15,16,33201,23,12,21,22],"class_list":{"0":"post-205811","1":"post","2":"type-post","3":"status-publish","4":"format-standard","5":"has-post-thumbnail","7":"category-titulares","8":"tag-ataques-en-el-pacifico","9":"tag-breaking-news","10":"tag-breakingnews","11":"tag-es","12":"tag-espana","13":"tag-featured-news","14":"tag-featurednews","15":"tag-headlines","16":"tag-instanoticias","17":"tag-latest-news","18":"tag-latestnews","19":"tag-news","20":"tag-noticias","21":"tag-noticias-destacadas","22":"tag-noticiasdestacadas","23":"tag-pete-hegseth","24":"tag-spain","25":"tag-titulares","26":"tag-ultimas-noticias","27":"tag-ultimasnoticias"},"share_on_mastodon":{"url":"https:\/\/pubeurope.com\/@es\/115453030774291126","error":""},"_links":{"self":[{"href":"https:\/\/www.europesays.com\/es\/wp-json\/wp\/v2\/posts\/205811","targetHints":{"allow":["GET"]}}],"collection":[{"href":"https:\/\/www.europesays.com\/es\/wp-json\/wp\/v2\/posts"}],"about":[{"href":"https:\/\/www.europesays.com\/es\/wp-json\/wp\/v2\/types\/post"}],"author":[{"embeddable":true,"href":"https:\/\/www.europesays.com\/es\/wp-json\/wp\/v2\/users\/2"}],"replies":[{"embeddable":true,"href":"https:\/\/www.europesays.com\/es\/wp-json\/wp\/v2\/comments?post=205811"}],"version-history":[{"count":0,"href":"https:\/\/www.europesays.com\/es\/wp-json\/wp\/v2\/posts\/205811\/revisions"}],"wp:featuredmedia":[{"embeddable":true,"href":"https:\/\/www.europesays.com\/es\/wp-json\/wp\/v2\/media\/205812"}],"wp:attachment":[{"href":"https:\/\/www.europesays.com\/es\/wp-json\/wp\/v2\/media?parent=205811"}],"wp:term":[{"taxonomy":"category","embeddable":true,"href":"https:\/\/www.europesays.com\/es\/wp-json\/wp\/v2\/categories?post=205811"},{"taxonomy":"post_tag","embeddable":true,"href":"https:\/\/www.europesays.com\/es\/wp-json\/wp\/v2\/tags?post=205811"}],"curies":[{"name":"wp","href":"https:\/\/api.w.org\/{rel}","templated":true}]}}