{"id":205813,"date":"2025-10-28T17:46:10","date_gmt":"2025-10-28T17:46:10","guid":{"rendered":"https:\/\/www.europesays.com\/es\/205813\/"},"modified":"2025-10-28T17:46:10","modified_gmt":"2025-10-28T17:46:10","slug":"a-un-hoyo-de-la-elite","status":"publish","type":"post","link":"https:\/\/www.europesays.com\/es\/205813\/","title":{"rendered":"A un hoyo de la \u00e9lite"},"content":{"rendered":"<p class=\"paragraph\">En un deporte donde el silencio pesa y es esencial para su ejecuci\u00f3n, dos navarros est\u00e1n haci\u00e9ndose o\u00edr golpe a golpe. <b>Javier Barcos Garbayo, de 23 a\u00f1os y Asier Aguirre Izcue, de 26, son dos j\u00f3venes navarros que gracias a su gran temporada en los Alps Tour han conseguido el billete que les da la oportunidad de ascender a la c\u00faspide del golf.<\/b><\/p>\n<p class=\"paragraph\">El<b> HotelPlanner Tour<\/b> es <b>\u201ccomo si fuese en el f\u00fatbol la Segunda Divisi\u00f3n\u201d<\/b> y ambos han ascendido tras un brillante a\u00f1o. Barcos, en su debut como profesional, se proclam\u00f3 primero en un circuito que comprende 18 torneos. <b>\u201cEn mi primer a\u00f1o como Pro no sab\u00eda muy bien c\u00f3mo iban a salir las cosas. <\/b>Ten\u00eda confianza en m\u00ed mismo, pero de ah\u00ed a c\u00f3mo han salido no me lo imaginaba\u201d, comenta Barcos. Ambos tienen la primera divisi\u00f3n entre ceja y ceja y durante estos meses en el circuito han conseguido dos victorias cada uno.<b> \u201cNo es tan habitual ganar en el golf tanto como en el tenis, por ejemplo. Es una victoria muy destacable se podr\u00eda decir. <\/b>No suelen ganar los mismos\u201d, declara Aguirre. Han sido los dos \u00fanicos espa\u00f1oles que han conseguido el ascenso. <b>\u201cHay una mejora considerable en los premios, en los campos y en el nivel de los golfistas\u201d<\/b>, a\u00f1ade Aguirre.<\/p>\n<p class=\"paragraph\">Barcos, de Estella, <b>comenz\u00f3 a jugar al golf a los 6 a\u00f1os con su abuelo en la Ulzama.<\/b> \u201cIba por divertirme y a los 10 fui a Logro\u00f1o con mi entrenador, me dijo que se me daba bien y me enganch\u00e9\u201d, declara. <b>Con la mayor\u00eda de edad se mud\u00f3 a Utah, EEUU, para estudiar Business y actualmente vive en Estella con su familia.<\/b><\/p>\n<p class=\"paragraph\">Por su parte Asier Aguirre a inicio sus andaduras en los <b>greens con 11 a\u00f1os, siguiendo los pasos de su padre, fallecido hace 2020.<\/b> Poco a poco se fue formando hasta que a los 16 se dio cuenta de que quer\u00eda vivir del golf y desde 2021 lo hace de forma profesional.<\/p>\n<p class=\"paragraph\"><b>LA PRESI\u00d3N ENCIMA<\/b><\/p>\n<p class=\"paragraph\">En una disciplina que exige regularidad en los resultados estos se convierten en presi\u00f3n si los golpes no son acertados.<b> \u201cEn todos los torneos son 4 d\u00edas, hay un corte al segundo y todos los que lo pasan son los que cogen puntos, el resto no\u201d<\/b>, declara Aguirre. Aunque los gastos de todos los viajes los asume el jugador, los dos navarros cuentan con patrocinadores que les ayudan en este aspecto, pese a que Aguirre reconoce que <b>\u201cno es lo habitual en esta categor\u00eda\u201d<\/b>.<\/p>\n<p class=\"paragraph\">En un \u00e1mbito en el que <b>\u201cel mundo amateur se diferencia mucho del profesional\u201d <\/b>los torneos obligan a los golfistas a viajar de lado a lado durante todo el a\u00f1o. \u201cCada torneo son m\u00ednimo 5 o 6 d\u00edas de viaje, viajamos mucho. Jugamos 18 torneos en el AlpsTour, pues estamos casi 25 semanas fuera al a\u00f1o. Pr\u00e1cticamente medio a\u00f1o fuera de casa\u201d, declara Aguirre. Una situaci\u00f3n que lleva con tranquilidad porque<b> \u201cen estos circuitos somos muchos espa\u00f1oles <\/b>y esto es como una segunda familia , adem\u00e1s hablo con mi madre que me apoya en todo\u201d.<\/p>\n<p class=\"paragraph\">Sin embargo, en el caso de Barcos la cabeza le ha jugado malas pasadas al estar tanto tiempo lejos de la familia. \u201cJugu\u00e9 de mayo a agosto y pas\u00e9 8 d\u00edas por casa. Eso mentalmente lo not\u00e9 mucho. <b>Sabes que vas a jugar muchos torneos, pero no sabes c\u00f3mo te va a influir y sinceramente me afect\u00f3 m\u00e1s de lo que esperaba. Es un deporte que exige mucha concentraci\u00f3n. Estaba cansado mentalmente y no sab\u00eda que estaba pasando, lo not\u00e9 en el juego tambi\u00e9n. Estaba un poco perdido\u201d<\/b>, declara Barcos.<\/p>\n<p class=\"paragraph\"><b>HOYO A HOYO<\/b><\/p>\n<p class=\"paragraph\">Lejos de las figuras como<b> Tiger Woods o John Rahm<\/b>, el ascenso en el golf suele darse de un proceso lento en el que se mejora con los a\u00f1os y las diferencias son m\u00ednimas.\u00a0<\/p>\n<p class=\"paragraph\"><b>\u201cLa diferencia entre un golfista mejor o peor est\u00e1 en los detalles<\/b>. S\u00ed que est\u00e1n las t\u00edpicas estrellas que suben muy r\u00e1pido, pero no es lo com\u00fan. La clave para rendir bien en el golf es la adaptaci\u00f3n.<b> Todos hemos tenido crisis y momentos muy malos, he dudado del proceso\u201d<\/b>, comenta Aguirre.<\/p>\n<p class=\"paragraph\">La adaptaci\u00f3n a cada escenario de cada torneo es clave, pero para Barcos desconectar en cada torneo se ha vuelto m\u00e1s esencial en su \u00e9xito en su primera temporada como profesional: <b>\u201cSe necesita una capacidad mental muy buena y si no descansaba notaba que no pod\u00eda pensar. El tener que jugar por tu futuro es algo que no me hab\u00eda pasado nunca. <\/b>Cuando era amateur me apoyaban las federaciones, pero llegas aqu\u00ed y estas t\u00fa solo y tienes que buscarte la vida.<b> Lo que supone econ\u00f3micamente es una barbaridad y por suerte no he tenido que acudir a mis padres\u201d.<\/b><\/p>\n<p class=\"paragraph\">El objetivo de ambos es estar en la m\u00e1xima categor\u00eda, pero son conscientes de que es un proceso que lleva tiempo. \u201cAhora en diciembre voy a jugar unas clasificatorias para el <b>circuito asi\u00e1tico<\/b>. Yo creo que me va a llevar todav\u00eda unos a\u00f1os, pero al final mi objetivo es jugar en el<b> DP World Tour<\/b>. <b>Competir con Javier es una alegr\u00eda, somos los dos \u00fanicos navarros en el Alps Tour\u201d, a\u00f1ade Aguirre.<\/b><\/p>\n","protected":false},"excerpt":{"rendered":"En un deporte donde el silencio pesa y es esencial para su ejecuci\u00f3n, dos navarros est\u00e1n haci\u00e9ndose o\u00edr&hellip;\n","protected":false},"author":2,"featured_media":205814,"comment_status":"","ping_status":"","sticky":false,"template":"","format":"standard","meta":{"footnotes":""},"categories":[275],"tags":[35397,168,7316,25,24,329,15239,56228,23,167],"class_list":{"0":"post-205813","1":"post","2":"type-post","3":"status-publish","4":"format-standard","5":"has-post-thumbnail","7":"category-golf","8":"tag-alps-tour","9":"tag-deportes","10":"tag-dp-world-tour","11":"tag-es","12":"tag-espana","13":"tag-golf","14":"tag-hotelplanner-tour","15":"tag-orden-del-merito","16":"tag-spain","17":"tag-sports"},"share_on_mastodon":{"url":"https:\/\/pubeurope.com\/@es\/115453046706171173","error":""},"_links":{"self":[{"href":"https:\/\/www.europesays.com\/es\/wp-json\/wp\/v2\/posts\/205813","targetHints":{"allow":["GET"]}}],"collection":[{"href":"https:\/\/www.europesays.com\/es\/wp-json\/wp\/v2\/posts"}],"about":[{"href":"https:\/\/www.europesays.com\/es\/wp-json\/wp\/v2\/types\/post"}],"author":[{"embeddable":true,"href":"https:\/\/www.europesays.com\/es\/wp-json\/wp\/v2\/users\/2"}],"replies":[{"embeddable":true,"href":"https:\/\/www.europesays.com\/es\/wp-json\/wp\/v2\/comments?post=205813"}],"version-history":[{"count":0,"href":"https:\/\/www.europesays.com\/es\/wp-json\/wp\/v2\/posts\/205813\/revisions"}],"wp:featuredmedia":[{"embeddable":true,"href":"https:\/\/www.europesays.com\/es\/wp-json\/wp\/v2\/media\/205814"}],"wp:attachment":[{"href":"https:\/\/www.europesays.com\/es\/wp-json\/wp\/v2\/media?parent=205813"}],"wp:term":[{"taxonomy":"category","embeddable":true,"href":"https:\/\/www.europesays.com\/es\/wp-json\/wp\/v2\/categories?post=205813"},{"taxonomy":"post_tag","embeddable":true,"href":"https:\/\/www.europesays.com\/es\/wp-json\/wp\/v2\/tags?post=205813"}],"curies":[{"name":"wp","href":"https:\/\/api.w.org\/{rel}","templated":true}]}}