{"id":205817,"date":"2025-10-28T17:48:15","date_gmt":"2025-10-28T17:48:15","guid":{"rendered":"https:\/\/www.europesays.com\/es\/205817\/"},"modified":"2025-10-28T17:48:15","modified_gmt":"2025-10-28T17:48:15","slug":"lidl-se-convierte-en-accionista-mayoritario-del-lidl-trek","status":"publish","type":"post","link":"https:\/\/www.europesays.com\/es\/205817\/","title":{"rendered":"Lidl se convierte en accionista mayoritario del Lidl-Trek"},"content":{"rendered":"<p>                    La cadena alemana de\u00a0supermercados se hace con una participaci\u00f3n mayoritaria del WorldTeam, en una operaci\u00f3n estrat\u00e9gica que busca convertir al equipo en el m\u00e1s exitoso del pelot\u00f3n.<\/p>\n<p class=\"c-news-list__author\">Ciclismoafondo.es. Foto: Lidl-Trek<\/p>\n<p class=\"c-mainarticle__date\">\n<p>                    28 de octubre de 2025 (10:40 CET)<\/p>\n<p>                                                                                                                                        <img fetchpriority=\"high\" decoding=\"async\" src=\"https:\/\/www.europesays.com\/es\/wp-content\/uploads\/2025\/10\/lidl-se-convierte-en-accionista-mayoritario-del-lidl-trek.jpeg\" alt=\"Lidl se convierte en accionista mayoritario del Lidl-Trek\" title=\"Lidl se convierte en accionista mayoritario del Lidl-Trek\" class=\"c-mainarticle__img\" loading=\"eager\" width=\"790\" height=\"454\"\/><\/p>\n<p>                    Lidl se convierte en accionista mayoritario del Lidl-Trek<\/p>\n<p>Dos a\u00f1os y medio despu\u00e9s de llegar al WorldTour de la mano de Trek\u00a0-convirti\u00e9ndose en el <a data-external=\"1\" href=\"https:\/\/www.ciclismoafondo.es\/competicion\/noticias-resultados-ciclismo\/adios-trek-segafredo-hola-lidl-trek-desde-30-junio_277420_102.html\" rel=\"nofollow noopener\" target=\"_blank\" title=\"patrocinador principal del hasta entonces Trek-Segafredo\">patrocinador principal del hasta entonces Trek-Segafredo<\/a>&#8211;\u00a0la cadena de\u00a0supermercados de origen alem\u00e1n\u00a0<strong>Lidl da un paso m\u00e1s en su apuesta por este deporte<\/strong>\u00a0y, en concreto, por el Lidl-Trek, equipo del que <strong>ha adquirido una participaci\u00f3n mayoritaria<\/strong> \u00abcon el objetivo de convertirse en el equipo de ciclismo de ruta n\u00famero uno\u00bb, seg\u00fan se\u00f1alan en un comunicado.\u00a0<\/p>\n<p>Tras el anuncio a mediados de a\u00f1o de su intenci\u00f3n de adquirir una participaci\u00f3n mayoritaria en el WorldTeam,\u00a0los dos socios, <strong>Lidl y Trek Bicycle, anunciaron este lunes\u00a0la conclusi\u00f3n exitosa del acuerdo<\/strong>. \u00abLa expansi\u00f3n de esta asociaci\u00f3n conjunta, en la que Trek Bicycle conservar\u00e1 una participaci\u00f3n significativa, contribuye a lograr el objetivo a largo plazo de convertirse en el equipo m\u00e1s exitoso del ciclismo de ruta internacional, respaldado por una cultura compartida y valores firmes\u00bb, indican desde el equipo con\u00a0licencia norteamericana, que<strong>\u00a0se ha reforzado de manera significativa de cara a la pr\u00f3xima temporada<\/strong> con los fichajes de <a data-external=\"1\" href=\"https:\/\/www.ciclismoafondo.es\/competicion\/noticias-resultados-ciclismo\/juan-ayuso-ficha-por-lidl-trek-hasta-2030_316581_102.html\" rel=\"nofollow noopener\" target=\"_blank\" title=\"Juan Ayuso\">Juan Ayuso<\/a>, Max Walscheid, Matteo Sobrero, Mathias Norsgaard y el campe\u00f3n del Mundo sub23 contrarreloj <a data-external=\"1\" href=\"https:\/\/www.ciclismoafondo.es\/noticias\/jakob-s-derqvist-arrasa-en-crono-mundial-sub-23-con-hector-alvarez-en-top-ten_316451_102.html\" rel=\"nofollow noopener\" target=\"_blank\" title=\"Jakob S\u00f6derqvist.\">Jakob S\u00f6derqvist<\/a>, que <a data-external=\"1\" href=\"https:\/\/www.ciclismoafondo.es\/competicion\/noticias-resultados-ciclismo\/talento-sueco-jakob-s-derqvist-correra-en-worldtour-partir-2026_308905_102.html\" rel=\"nofollow noopener\" target=\"_blank\" title=\"promociona desde su equupo de desarrollo\">promociona desde su equupo de desarrollo<\/a>.\u00a0\u00a0<\/p>\n<p>Junto a ellos, siguen en el Lidl-Trek ciclistas del nivel\u00a0de Mattias Skjelmose, Giulio Ciccone, Mads Pedersen, Jonathan Milan, Quinn Simmons, Mathias Vacek, Andrea Bagioli\u00a0 o Thibau Nys, entre otros, conformando <strong>uno de los equipos m\u00e1s potentes del pelot\u00f3n.<\/strong><\/p>\n<p>La nueva estructura\u00a0de propiedad <strong>se firm\u00f3\u00a0oficialmente el pasado viernes 24 de octubre <\/strong>en la <strong>sede de Lidl en la localidad alemana de Bad Wimpfen<\/strong>, coincidiendo con la conclusi\u00f3n\u00a0del campamento anual que el equipo celebra cada mes de octubre.\u00a0\u00a0M\u00e1s de 160 empleados de Lidl-Trek, incluidos los ciclistas\u00a0de los equipos masculino, femenino y de desarrollo, se reunieron all\u00ed para el <strong>inicio oficial de los preparativos de la temporada 2026.<\/strong><\/p>\n<p>Seg\u00fan indica el Lidl-Trek en un comunicado, \u00abuna parte de <strong>la sede de Lidl Alemania en Bad Wimpfen servir\u00e1 como el nuevo hogar del equipo en el futuro<\/strong>, simbolizando un compromiso con la infraestructura compartida. Se planea un nuevo centro log\u00edstico, que incluir\u00e1 la organizaci\u00f3n del equipo, y un \u00e1rea de rendimiento. Este \u00faltimo tiene como objetivo ayudar al equipo Lidl-Trek a lograr sus propios objetivos a largo plazo, al mismo tiempo que aumenta su atractivo para los talentos j\u00f3venes y prometedores\u00bb.<\/p>\n<p>\u00abLa nueva estructura de propiedad garantiza la estabilidad y los recursos necesarios para <strong>reclutar y retener a los mejores talentos, invertir en un centro de rendimiento de \u00faltima generaci\u00f3n<\/strong> y utilizar la experiencia tecnol\u00f3gica de Schwarz Digits, la potencia digital del Grupo Schwarz\u00bb, a\u00f1aden.<\/p>\n<p><strong>A\u00fan se desconoce si el equipo mantendr\u00e1 en 2026 la licencia estadounidense<\/strong> que ha tenido dede que en 2014 Trek se convirti\u00f3 en su patrocinador principal,\u00a0o si pasa a ser un equipo alem\u00e1n.\u00a0<\/p>\n<p>\u00abLa firma de este contrato marca un momento monumental para Lidl-Trek. -dice\u00a0<strong>Thomas Rohregger, <\/strong>Jefe de Asociaciones de Marca y Jefe de Ciclismo de Lidl-.\u00a0La asociaci\u00f3n se basa en el objetivo estrat\u00e9gico de transferir la excelencia organizacional de Lidl a Lidl-Trek y combinar la experiencia de ambos copropietarios para lograr nuestros ambiciosos objetivos. Los recursos y la experiencia combinados est\u00e1n destinados a <strong>acelerar el desarrollo del rendimiento del equipo en las pr\u00f3ximas temporadas<\/strong>\u00ab.<\/p>\n<p>\u00abJuntos, tenemos los recursos, las herramientas y la experiencia para <strong>llevar a este equipo a la cima del deporte<\/strong>\u00ab, a\u00f1ade\u00a0<strong>Roger Gierhart,<\/strong> vicepresidente de Trek Bicycle.<\/p>\n<p>\u00a0<\/p>\n","protected":false},"excerpt":{"rendered":"La cadena alemana de\u00a0supermercados se hace con una participaci\u00f3n mayoritaria del WorldTeam, en una operaci\u00f3n estrat\u00e9gica que busca&hellip;\n","protected":false},"author":2,"featured_media":205818,"comment_status":"","ping_status":"","sticky":false,"template":"","format":"standard","meta":{"footnotes":""},"categories":[273],"tags":[313,312,168,25,24,23,167],"class_list":{"0":"post-205817","1":"post","2":"type-post","3":"status-publish","4":"format-standard","5":"has-post-thumbnail","7":"category-ciclismo","8":"tag-ciclismo","9":"tag-cycling","10":"tag-deportes","11":"tag-es","12":"tag-espana","13":"tag-spain","14":"tag-sports"},"share_on_mastodon":{"url":"https:\/\/pubeurope.com\/@es\/115453054526146744","error":""},"_links":{"self":[{"href":"https:\/\/www.europesays.com\/es\/wp-json\/wp\/v2\/posts\/205817","targetHints":{"allow":["GET"]}}],"collection":[{"href":"https:\/\/www.europesays.com\/es\/wp-json\/wp\/v2\/posts"}],"about":[{"href":"https:\/\/www.europesays.com\/es\/wp-json\/wp\/v2\/types\/post"}],"author":[{"embeddable":true,"href":"https:\/\/www.europesays.com\/es\/wp-json\/wp\/v2\/users\/2"}],"replies":[{"embeddable":true,"href":"https:\/\/www.europesays.com\/es\/wp-json\/wp\/v2\/comments?post=205817"}],"version-history":[{"count":0,"href":"https:\/\/www.europesays.com\/es\/wp-json\/wp\/v2\/posts\/205817\/revisions"}],"wp:featuredmedia":[{"embeddable":true,"href":"https:\/\/www.europesays.com\/es\/wp-json\/wp\/v2\/media\/205818"}],"wp:attachment":[{"href":"https:\/\/www.europesays.com\/es\/wp-json\/wp\/v2\/media?parent=205817"}],"wp:term":[{"taxonomy":"category","embeddable":true,"href":"https:\/\/www.europesays.com\/es\/wp-json\/wp\/v2\/categories?post=205817"},{"taxonomy":"post_tag","embeddable":true,"href":"https:\/\/www.europesays.com\/es\/wp-json\/wp\/v2\/tags?post=205817"}],"curies":[{"name":"wp","href":"https:\/\/api.w.org\/{rel}","templated":true}]}}