{"id":205819,"date":"2025-10-28T17:50:08","date_gmt":"2025-10-28T17:50:08","guid":{"rendered":"https:\/\/www.europesays.com\/es\/205819\/"},"modified":"2025-10-28T17:50:08","modified_gmt":"2025-10-28T17:50:08","slug":"awa-fam-la-pivot-que-esta-cerca-de-ser-el-primer-no1-espanol-del-draft-ostras-a-lo-mejor-si-que-se-puede-cumplir-mi-sueno-baloncesto","status":"publish","type":"post","link":"https:\/\/www.europesays.com\/es\/205819\/","title":{"rendered":"Awa Fam, la p\u00edvot que est\u00e1 cerca de ser el primer n\u00ba1 espa\u00f1ol del draft: \u00abOstras, a lo mejor s\u00ed que se puede cumplir mi sue\u00f1o\u00bb | Baloncesto"},"content":{"rendered":"<p>Awa Fam es uno de los nuevos pilares del baloncesto femenino espa\u00f1ol, pero es que adem\u00e1s est\u00e1 llamada a hacer algo grande en el mundo de la canasta. A sus 19 a\u00f1os ya sabe lo que es estar en unos Juegos Ol\u00edmpicos, se ha colgado la medalla de plata en el Eurobasket y forma parte de un equipo de \u00e9lite como el Valencia Basket. Para rematar, es una de las favoritas para ser el n\u00famero 1 del draft en la WNBA. \u00abIntento no ponerme nerviosa ni pensarlo ahora. Es algo que va a llegar dentro de unos meses\u00bb, desvela en su entrevista en Play Basket.<\/p>\n<p>La p\u00edvot se mantiene humilde, siguiendo los consejos de sus padres, y teniendo muy en mente todo el camino que ha recorrido hasta aqu\u00ed. Sali\u00f3 de su casa con 12 a\u00f1os, a los 15 debut\u00f3 en la m\u00e1xima categor\u00eda y con la mayor\u00eda de edad se convirti\u00f3 en internacional absoluta. \u00abCuando llegue al Gernika KESB me par\u00e9 a pensar un poco en que las cosas iban muy r\u00e1pido, pero me he acostumbrado un poco a esto\u00bb, confiesa. El ritmo fren\u00e9tico es normal en su vida y se ha amoldado a \u00e9l: si antes pensaba que igual se precipitaba con una cesi\u00f3n, ahora no. Y hasta tiene tiempo para sus estudios. \u00abTe acostumbras a esto. Al final haces lo que te gusta. Mola ir a entrenar, mola jugar partidos, mola competir, mola viajar, aunque sean viajes de mil horas. Haciendo lo que te gusta sacas tiempo de todo\u00bb, explica.<\/p>\n<p>Ahora puede dar un salto pluscuamperfecto para cumplir su sue\u00f1o: jugar en la WNBA. Algo que est\u00e1 cerca de ser real, ya que Awa Fam est\u00e1 en las quinielas para ser el n\u00ba1 del draft, algo que ni los Gasol, ni Calder\u00f3n, ni ning\u00fan espa\u00f1ol han logrado nunca. \u00abIntento tener paciencia, no s\u00e9 lo que puede pasar, pero siempre ha sido mi sue\u00f1o. Siempre lo he dicho. Cuando se habla digo &#8216;ostras, a lo mejor s\u00ed que se puede cumplir mi sue\u00f1o'\u00bb, se\u00f1ala en los micr\u00f3fonos de la SER.<\/p>\n<p>M\u00e1s informaci\u00f3n<\/p>\n<p>Las comparaciones con el mejor Pau Gasol tambi\u00e9n est\u00e1n ah\u00ed&#8230; y por mucho que la jugadora quiera abstraerse, es imposible. \u00abIntento no leer mucho. Es por estar centrada en lo que tengo que estar centrada, pero obviamente me ilusiona que puedan pensar en algo as\u00ed, en un referente como Pau Gasol, en todo lo que ha hecho y conseguido&#8230; obviamente ilusiona. Te das cuenta de que las cosas no est\u00e1n yendo tan mal. Intento no pensarlo mucho&#8230; pero ojal\u00e1\u00bb, contin\u00faa. Por si fuera poco, el <a href=\"https:\/\/cadenaser.com\/nacional\/2025\/10\/15\/miguel-mendez-recuerda-las-dificultades-del-baloncesto-femenino-cuando-empezo-a-entrenar-hace-25-anos-hasta-hace-poco-no-era-real-cadena-ser\/\" target=\"_blank\" rel=\"noreferrer nofollow noopener\" title=\"https:\/\/cadenaser.com\/nacional\/2025\/10\/15\/miguel-mendez-recuerda-las-dificultades-del-baloncesto-femenino-cuando-empezo-a-entrenar-hace-25-anos-hasta-hace-poco-no-era-real-cadena-ser\/\">seleccionador Miguel M\u00e9ndez<\/a> lleg\u00f3 a decir que \u00abva a ser una de las p\u00edvots m\u00e1s importantes de los pr\u00f3ximos a\u00f1os\u00bb. Y lo sabe de primera mano. Como compa\u00f1ero y como rival. Y es que hace unas semanas le hizo 17 puntos a su Fenerbahce en Euroliga. \u00abEso mejor que no se enfade\u00bb, bromea la espa\u00f1ola, de 1,94 metros de altura.<\/p>\n<p>A \u00e9l le debe mucho. Apost\u00f3 por ella en una selecci\u00f3n espa\u00f1ola con la que ya cuenta una medalla de plata en el pasado Eurobasket. \u00abCuando pierdes una final siempre duele y no te das cuenta de que una plata vale bastante. Ten\u00edamos muy buen rollo fuera y eso ayud\u00f3 a que lleg\u00e1semos a esa final\u00bb, recuerda. De hecho, ese buen ambiente entre las jugadoras fue capital para su adaptaci\u00f3n como internacional. Adem\u00e1s de compartir todo el recorrido con Iyana Mart\u00edn, a quien considera como una hermana peque\u00f1a. \u00abSomos dos personas j\u00f3venes que nos han venido las cosas muy r\u00e1pido y que hemos compartido mucho\u00bb, reconoce. Se conocieron a los 13 a\u00f1os y de la mano han ido consiguiendo muchos hitos como la medalla mencionada o llegar a la m\u00e1xima categor\u00eda del baloncesto femenino.<\/p>\n<p>Su referente es Astou Ndour, una jugadora en la que siempre se ha fijado porque transmite valores muy parecidos a los que le han inculcado sus padres. Sobre todo la humildad. Y es que Awa Fam tiene muy presente el sacrificio que hicieron por ella. \u00abMis padres son los dos de Senegal, llevan ya 30 a\u00f1os en Espa\u00f1a, pero eso me hizo ver todo lo que han hecho para que mis hermanos y yo tengamos una vida f\u00e1cil. En Senegal no hab\u00eda las mismas condiciones. Ten\u00edan una tienda donde vend\u00edan cosas de madera de Senegal y trajeron todo para poner una tienda en Santa Pola. Eso me hace ver que no es tan f\u00e1cil conseguir las cosas y se lo agradezco siempre\u00bb, desvela. Pero lo que m\u00e1s recuerda es los consejos que le han dado desde peque\u00f1a: paciencia y pies en el suelo. \u00abLa primera vez que me convoc\u00f3 la selecci\u00f3n me dijeron que si tienes paciencia llegan las cosas. Siempre me lo dicen. Ser constante y valiente, pero paciencia y que todo llega\u00bb, a\u00f1ade.<\/p>\n<p>Unos or\u00edgenes que no olvida, as\u00ed como sus primeros pasos en el baloncesto. Guarda las zapatillas de su primer entrenamiento en Valencia y, siempre que puede, intenta pasarse por las escuelas del Club Deportivo Polanens. No muchos a\u00f1os despu\u00e9s de aquello, Awa Fam apuesta por seguir creciendo como jugadora y poder decir al final de su carrera que ha jugado varios Juegos Ol\u00edmpicos, que consigui\u00f3 t\u00edtulos de Euroliga con Valencia Basket y, sobre todo, que compiti\u00f3 en la WNBA. \u00abEs mi sue\u00f1o\u00bb.<\/p>\n<p><img decoding=\"async\" src=\"https:\/\/www.europesays.com\/es\/wp-content\/uploads\/2025\/10\/https:\/\/sdmedia.playser.cadenaser.com\/playser\/image\/202510\/27\/1761580796437_1761580825_asset_still.p.jpeg\" alt=\"El baloncesto de los l\u00edos\" width=\"655\"   loading=\"lazy\"\/><\/p>\n<p class=\"tit\">El baloncesto de los l\u00edos<\/p>\n<p>00:00:0001:11:59<\/p>\n<p>El c\u00f3digo iframe se ha copiado en el portapapeles<\/p>\n<p>FacebookTwitterLinkedinWhatsAppCerrar<\/p>\n","protected":false},"excerpt":{"rendered":"Awa Fam es uno de los nuevos pilares del baloncesto femenino espa\u00f1ol, pero es que adem\u00e1s est\u00e1 llamada&hellip;\n","protected":false},"author":2,"featured_media":205820,"comment_status":"","ping_status":"","sticky":false,"template":"","format":"standard","meta":{"footnotes":""},"categories":[269],"tags":[299,298,168,40508,25,24,23,167],"class_list":{"0":"post-205819","1":"post","2":"type-post","3":"status-publish","4":"format-standard","5":"has-post-thumbnail","7":"category-baloncesto","8":"tag-baloncesto","9":"tag-basketball","10":"tag-deportes","11":"tag-em","12":"tag-es","13":"tag-espana","14":"tag-spain","15":"tag-sports"},"share_on_mastodon":{"url":"https:\/\/pubeurope.com\/@es\/115453062508222268","error":""},"_links":{"self":[{"href":"https:\/\/www.europesays.com\/es\/wp-json\/wp\/v2\/posts\/205819","targetHints":{"allow":["GET"]}}],"collection":[{"href":"https:\/\/www.europesays.com\/es\/wp-json\/wp\/v2\/posts"}],"about":[{"href":"https:\/\/www.europesays.com\/es\/wp-json\/wp\/v2\/types\/post"}],"author":[{"embeddable":true,"href":"https:\/\/www.europesays.com\/es\/wp-json\/wp\/v2\/users\/2"}],"replies":[{"embeddable":true,"href":"https:\/\/www.europesays.com\/es\/wp-json\/wp\/v2\/comments?post=205819"}],"version-history":[{"count":0,"href":"https:\/\/www.europesays.com\/es\/wp-json\/wp\/v2\/posts\/205819\/revisions"}],"wp:featuredmedia":[{"embeddable":true,"href":"https:\/\/www.europesays.com\/es\/wp-json\/wp\/v2\/media\/205820"}],"wp:attachment":[{"href":"https:\/\/www.europesays.com\/es\/wp-json\/wp\/v2\/media?parent=205819"}],"wp:term":[{"taxonomy":"category","embeddable":true,"href":"https:\/\/www.europesays.com\/es\/wp-json\/wp\/v2\/categories?post=205819"},{"taxonomy":"post_tag","embeddable":true,"href":"https:\/\/www.europesays.com\/es\/wp-json\/wp\/v2\/tags?post=205819"}],"curies":[{"name":"wp","href":"https:\/\/api.w.org\/{rel}","templated":true}]}}