{"id":205825,"date":"2025-10-28T17:55:10","date_gmt":"2025-10-28T17:55:10","guid":{"rendered":"https:\/\/www.europesays.com\/es\/205825\/"},"modified":"2025-10-28T17:55:10","modified_gmt":"2025-10-28T17:55:10","slug":"quien-es-el-invitado-de-hoy-martes-28-de-octubre-en-el-hormiguero","status":"publish","type":"post","link":"https:\/\/www.europesays.com\/es\/205825\/","title":{"rendered":"\u00bfQui\u00e9n es el invitado de hoy martes, 28 de octubre, en &#8216;El Hormiguero&#8217;?"},"content":{"rendered":"<p class=\"v-mdl-ath__p v-mdl-ath__p--6\">\nMartes, 28 de octubre 2025, 16:44<\/p>\n<p class=\"v-p\"><a href=\"https:\/\/www.lasprovincias.es\/culturas\/tv\/hormiguero-confirma-invitado-celebrara-3000-programas-emision-20251027110528-nt.html\" target=\"_blank\" title=\"www.lasprovincias.es\" data-voc-vtm-id=\"in-text-traffic\" data-mrf-link=\"www.lasprovincias.es\" rel=\"nofollow noopener\">&#8216;El Hormiguero&#8217;<\/a> contin\u00faa con su programaci\u00f3n semanal tras el especial 3000 programas emitido este lunes 27 de octubre con Laura Pausini como invitada. El espacio de Antena 3 mantiene el foco en <a href=\"https:\/\/www.lasprovincias.es\/culturas\/tv\/hormiguero-arrasa-visita-isabel-preysler-marca-record-20251024103429-nt.html\" target=\"_blank\" title=\"www.lasprovincias.es\" data-voc-vtm-id=\"in-text-traffic\" data-mrf-link=\"www.lasprovincias.es\" rel=\"nofollow noopener\">liderar la franja de audiencias<\/a> correspondiente al access prime time. Para lograr su objetivo, el programa presentado por <a href=\"https:\/\/www.lasprovincias.es\/culturas\/tv\/isabel-preysler-frena-seco-pablo-motos-hormiguero-20251023222245-nt.html\" target=\"_blank\" title=\"www.lasprovincias.es\" data-voc-vtm-id=\"in-text-traffic\" data-mrf-link=\"www.lasprovincias.es\" rel=\"nofollow noopener\">Pablo Motos<\/a> tiene el placer de recibir a Leo Harlem <\/p>\n<p class=\"v-p\">. El humorista visita el plat\u00f3 de las hormigas para anunciar su marcha de los escenarios con un \u00faltimo espect\u00e1culo de mon\u00f3logos. Originario de Le\u00f3n, <a href=\"https:\/\/www.lasprovincias.es\/culturas\/tv\/alegato-leo-harlem-favor-esmorzaret-valenciano-hormiguero-20240903224016-nt.html\" target=\"_blank\" title=\"www.lasprovincias.es\" data-voc-vtm-id=\"in-text-traffic\" data-mrf-link=\"www.lasprovincias.es\" rel=\"nofollow noopener\">Leo Harlem<\/a> (62 a\u00f1os) es uno de los humoristas m\u00e1s populares del pa\u00eds.<\/p>\n<p class=\"v-p\">Su velocidad mental y su agilidad para el humor comenz\u00f3 mientras ejerc\u00eda de camarero en su tierra natal. De ese bar tom\u00f3 su nombre art\u00edstico y comenz\u00f3 su carrera como monologuista, siendo uno de los humoristas que m\u00e1s teatros ha llenado y m\u00e1s entradas ha vendido. <\/p>\n<p class=\"v-p\">El leon\u00e9s se ha convertido a sus 62 a\u00f1os en todo un referente para quienes no encuentran su vocaci\u00f3n, pues no salt\u00f3 a la fama hasta los cuarenta a\u00f1os. Su primer empleo serio fue de camarero en un bar de Valladolid llamado Harlem. \u00abServ\u00edamos desde primera hora de la tarde hasta la madrugada, y aprend\u00eda un oficio que va contigo para siempre. Es una experiencia vital impresionante\u00bb, cuenta en una entrevista.<\/p>\n<p class=\"v-p\">Sus primeros pasos en la comedia llegaron en un bar que pertenec\u00eda a un amigo suyo. \u00abEl detonante fue un amigo, Mariano, que ten\u00eda un bar llamado &#8216;La Salamandra&#8217; y hab\u00eda actuaciones todas las semanas. Iban muchos c\u00f3micos y \u00e9l me dec\u00eda: &#8216;tienes que actuar, que yo me r\u00edo mucho contigo&#8217;\u00bb, desvela.<\/p>\n<p class=\"v-p\">En una ocasi\u00f3n, un grupo de amigos grab\u00f3 una de las actuaciones y mand\u00f3 el v\u00eddeo al &#8216;Club de la comedia&#8217; donde gan\u00f3 la final del Tercer Certamen de Mon\u00f3logos. FInalmente, su salto al estrellato lleg\u00f3 con &#8216;La hora de Jos\u00e9 Mota&#8217; y sus apariciones asiduas en el &#8216;Club de la comedia&#8217;. <\/p>\n<p class=\"v-p\">A pesar de ser un hombre popular, su vida personal es m\u00e1s bien desconocida. Guarda con recelo cada momento de su vida junto a Nuria, la mujer que lo conquisto 30 a\u00f1os atr\u00e1s. \u00abNo hablo de pol\u00edtica ni de religi\u00f3n ni de sexo ni de mujeres. Prefiero reirme de las bobadas que se ponen de moda, de los que hacemos todos, por eso llego a m\u00e1s gente\u00bb, explic\u00f3 en una entrevista.<\/p>\n<p class=\"v-p\"> Un hecho que ratifican sus redes sociales, en las que no desvela pr\u00e1cticamente nada acerca de estos temas.Lo poco que se sabe de su relaci\u00f3n es que la pareja se conoci\u00f3 en la universidad, no est\u00e1n casados y no tienen hijos. \u00abA m\u00ed me gusta la vida sencilla. Hay gente que ha hecho negocio con su vida, y a m\u00ed eso no me aporta\u00bb, apunt\u00f3 en una entrega de &#8216;Joaqu\u00edn, El novato&#8217;.<\/p>\n<p>Reporta un error<\/p>\n","protected":false},"excerpt":{"rendered":"Martes, 28 de octubre 2025, 16:44 &#8216;El Hormiguero&#8217; contin\u00faa con su programaci\u00f3n semanal tras el especial 3000 programas&hellip;\n","protected":false},"author":2,"featured_media":205826,"comment_status":"","ping_status":"","sticky":false,"template":"","format":"standard","meta":{"footnotes":""},"categories":[171],"tags":[146,147,25,24,17775,315,10783,7797,9072,23,214],"class_list":{"0":"post-205825","1":"post","2":"type-post","3":"status-publish","4":"format-standard","5":"has-post-thumbnail","7":"category-tv","8":"tag-entertainment","9":"tag-entretenimiento","10":"tag-es","11":"tag-espana","12":"tag-hormiguero","13":"tag-hoy","14":"tag-invitado","15":"tag-martes","16":"tag-octubre","17":"tag-spain","18":"tag-tv"},"share_on_mastodon":{"url":"https:\/\/pubeurope.com\/@es\/115453082027581915","error":""},"_links":{"self":[{"href":"https:\/\/www.europesays.com\/es\/wp-json\/wp\/v2\/posts\/205825","targetHints":{"allow":["GET"]}}],"collection":[{"href":"https:\/\/www.europesays.com\/es\/wp-json\/wp\/v2\/posts"}],"about":[{"href":"https:\/\/www.europesays.com\/es\/wp-json\/wp\/v2\/types\/post"}],"author":[{"embeddable":true,"href":"https:\/\/www.europesays.com\/es\/wp-json\/wp\/v2\/users\/2"}],"replies":[{"embeddable":true,"href":"https:\/\/www.europesays.com\/es\/wp-json\/wp\/v2\/comments?post=205825"}],"version-history":[{"count":0,"href":"https:\/\/www.europesays.com\/es\/wp-json\/wp\/v2\/posts\/205825\/revisions"}],"wp:featuredmedia":[{"embeddable":true,"href":"https:\/\/www.europesays.com\/es\/wp-json\/wp\/v2\/media\/205826"}],"wp:attachment":[{"href":"https:\/\/www.europesays.com\/es\/wp-json\/wp\/v2\/media?parent=205825"}],"wp:term":[{"taxonomy":"category","embeddable":true,"href":"https:\/\/www.europesays.com\/es\/wp-json\/wp\/v2\/categories?post=205825"},{"taxonomy":"post_tag","embeddable":true,"href":"https:\/\/www.europesays.com\/es\/wp-json\/wp\/v2\/tags?post=205825"}],"curies":[{"name":"wp","href":"https:\/\/api.w.org\/{rel}","templated":true}]}}