{"id":205838,"date":"2025-10-28T18:02:21","date_gmt":"2025-10-28T18:02:21","guid":{"rendered":"https:\/\/www.europesays.com\/es\/205838\/"},"modified":"2025-10-28T18:02:21","modified_gmt":"2025-10-28T18:02:21","slug":"duro-felguera-solicita-ante-el-juzgado-la-homologacion-de-su-plan-de-reestructuracion-tras-aprobarlo-sus-acreedores","status":"publish","type":"post","link":"https:\/\/www.europesays.com\/es\/205838\/","title":{"rendered":"Duro Felguera solicita ante el juzgado la homologaci\u00f3n de su plan de reestructuraci\u00f3n tras aprobarlo sus acreedores"},"content":{"rendered":"<p class=\"article-text\">\n        Nuevo horizonte para el futuro de Duro Felguera. La ingenier\u00eda, con sede en Gij\u00f3n, ha presentado ante el Juzgado de lo Mercantil la solicitud de homologaci\u00f3n judicial de su plan de reestructuraci\u00f3n tras haber recibido un respaldo mayoritario de los acreedores. As\u00ed lo ha confirmado la compa\u00f1\u00eda a la Comisi\u00f3n Nacional del Mercado de Valores (CNMV).\n    <\/p>\n<p>    <a href=\"https:\/\/www.eldiario.es\/asturias\/juez-gijon-autoriza-tercera-prorroga-tratar-salvar-duro-felguera_1_12569244.html\" data-mrf-recirculation=\"saber-mas\" data-dl-event=\"saber-mas\" rel=\"nofollow noopener\" target=\"_blank\"><\/p>\n<p class=\"know-more__title\">Un juez de Gij\u00f3n autoriza la tercera pr\u00f3rroga para tratar de salvar a Duro Felguera<\/p>\n<p>            <img decoding=\"async\" class=\"lazy\" loading=\"lazy\" data-src=\"https:\/\/static.eldiario.es\/clip\/b1728582-87bb-4d7a-95e6-4bb61ad3364a_16-9-aspect-ratio_default_0.jpg\" src=\"data:image\/svg+xml,%3Csvg xmlns=\" http:=\"\" viewbox=\"0 0 880 495\" alt=\"Un juez de Gij\u00f3n autoriza la tercera pr\u00f3rroga para tratar de salvar a Duro Felguera\"\/><\/p>\n<p>                        <\/a><\/p>\n<p class=\"article-text\">\n        Las sociedades del grupo dan as\u00ed por concluido el periodo de negociaciones con los acreedores -el preconcurso en el que estaba inmerso desde el pasado mes de diciembre- e inician el tr\u00e1mite de homologaci\u00f3n judicial del plan de reestructuraci\u00f3n.\n    <\/p>\n<p>    Futuro para la empresa<\/p>\n<p class=\"article-text\">\n        El Consejo de Administraci\u00f3n de Duro Felguera aprob\u00f3 la semana pasada su plan de reestructuraci\u00f3n y se lo comunic\u00f3 a sus acreedores con el objetivo de lograr el visto bueno definitivo para dotar a la empresa de \u201cviabilidad y futuro\u201d y evitar el concurso.\n    <\/p>\n<p class=\"article-text\">\n        El plan de reestructuraci\u00f3n incluye medidas como una inyecci\u00f3n de capital de 10 millones de euros por parte del grupo mexicano Prodi, socio mayoritario; una quita de la deuda; desinversiones de activos no estrat\u00e9gicos como la sede de Gij\u00f3n, y el redimensionamiento de la plantilla, que a futuro podr\u00eda quedar reducida a la mitad, con unos 500 trabajadores.\n    <\/p>\n<p>    Paso decisivo<\/p>\n<p class=\"article-text\">\n        Fuentes de la compa\u00f1\u00eda han apuntado a EFE que la solicitud de homologaci\u00f3n judicial del plan es \u201cun paso decisivo\u201d tras haber obtenido \u201cun respaldo muy amplio de los acreedores\u201d que ha sido de \u201cm\u00e1s de tres cuartos de los cr\u00e9ditos\u201d en la clase 1.\n    <\/p>\n<p class=\"article-text\">\n        Tras dejar atr\u00e1s el preconcurso de acreedores, la empresa afronta la nueva etapa \u201ccon perspectivas positivas\u201d con \u201cpleno respeto a los tiempos del juzgado\u201d y con la idea de acometer \u201cuna ejecuci\u00f3n ordenada del plan\u201d con el objetivo de lograr \u201cuna compa\u00f1\u00eda m\u00e1s \u00e1gil y competitiva para los pr\u00f3ximos a\u00f1os\u201d.\n    <\/p>\n<p>    <a href=\"https:\/\/www.eldiario.es\/asturias\/suspendida-forma-cautelar-cotizacion-bolsa-asturiana-duro-felguera_1_12700585.html\" data-mrf-recirculation=\"saber-mas-abajo\" data-dl-event=\"saber-mas-abajo\" rel=\"nofollow noopener\" target=\"_blank\"><\/p>\n<p class=\"know-more__title\">Duro Felguera traslada su plan de reestructuraci\u00f3n a los acreedores para evitar concurso y vuelve a cotizar en Bolsa<\/p>\n<p>            <img decoding=\"async\" class=\"lazy\" loading=\"lazy\" data-src=\"https:\/\/static.eldiario.es\/clip\/4b0790cb-c274-455c-8994-96af87b2e304_16-9-aspect-ratio_default_0.jpg\" src=\"data:image\/svg+xml,%3Csvg xmlns=\" http:=\"\" viewbox=\"0 0 880 495\" alt=\"Duro Felguera traslada su plan de reestructuraci\u00f3n a los acreedores para evitar concurso y vuelve a cotizar en Bolsa\"\/><\/p>\n<p>                        <\/a><\/p>\n<p class=\"article-text\">\n        Seg\u00fan el informe de sostenibilidad del a\u00f1o 2024 de Duro Felguera S.A., la empresa contaba con 1.496 empleados en todo el grupo al cierre de ese ejercicio.\n    <\/p>\n","protected":false},"excerpt":{"rendered":"Nuevo horizonte para el futuro de Duro Felguera. La ingenier\u00eda, con sede en Gij\u00f3n, ha presentado ante el&hellip;\n","protected":false},"author":2,"featured_media":205839,"comment_status":"","ping_status":"","sticky":false,"template":"","format":"standard","meta":{"footnotes":""},"categories":[80],"tags":[46539,56237,82,2562,95,94,25,24,2563,56236,2303,2568,9254,12043,23],"class_list":{"0":"post-205838","1":"post","2":"type-post","3":"status-publish","4":"format-standard","5":"has-post-thumbnail","7":"category-economia","8":"tag-acreedores","9":"tag-aprobarlo","10":"tag-business","11":"tag-duro","12":"tag-economia","13":"tag-economy","14":"tag-es","15":"tag-espana","16":"tag-felguera","17":"tag-homologacion","18":"tag-juzgado","19":"tag-plan","20":"tag-reestructuracion","21":"tag-solicita","22":"tag-spain"},"share_on_mastodon":{"url":"https:\/\/pubeurope.com\/@es\/115453109633270444","error":""},"_links":{"self":[{"href":"https:\/\/www.europesays.com\/es\/wp-json\/wp\/v2\/posts\/205838","targetHints":{"allow":["GET"]}}],"collection":[{"href":"https:\/\/www.europesays.com\/es\/wp-json\/wp\/v2\/posts"}],"about":[{"href":"https:\/\/www.europesays.com\/es\/wp-json\/wp\/v2\/types\/post"}],"author":[{"embeddable":true,"href":"https:\/\/www.europesays.com\/es\/wp-json\/wp\/v2\/users\/2"}],"replies":[{"embeddable":true,"href":"https:\/\/www.europesays.com\/es\/wp-json\/wp\/v2\/comments?post=205838"}],"version-history":[{"count":0,"href":"https:\/\/www.europesays.com\/es\/wp-json\/wp\/v2\/posts\/205838\/revisions"}],"wp:featuredmedia":[{"embeddable":true,"href":"https:\/\/www.europesays.com\/es\/wp-json\/wp\/v2\/media\/205839"}],"wp:attachment":[{"href":"https:\/\/www.europesays.com\/es\/wp-json\/wp\/v2\/media?parent=205838"}],"wp:term":[{"taxonomy":"category","embeddable":true,"href":"https:\/\/www.europesays.com\/es\/wp-json\/wp\/v2\/categories?post=205838"},{"taxonomy":"post_tag","embeddable":true,"href":"https:\/\/www.europesays.com\/es\/wp-json\/wp\/v2\/tags?post=205838"}],"curies":[{"name":"wp","href":"https:\/\/api.w.org\/{rel}","templated":true}]}}