{"id":205881,"date":"2025-10-28T18:36:11","date_gmt":"2025-10-28T18:36:11","guid":{"rendered":"https:\/\/www.europesays.com\/es\/205881\/"},"modified":"2025-10-28T18:36:11","modified_gmt":"2025-10-28T18:36:11","slug":"euroliga-de-larrea-baja-de-ultima-hora-para-el-valencia-basket","status":"publish","type":"post","link":"https:\/\/www.europesays.com\/es\/205881\/","title":{"rendered":"Euroliga: De Larrea, baja de \u00faltima hora para el Valencia Basket"},"content":{"rendered":"<p class=\"ft-text\">El exterior vallisoletano <a class=\"ft-link ft-link--decoration\" href=\"https:\/\/www.superdeporte.es\/tags\/sergio-de-larrea\/\" target=\"_blank\" rel=\"nofollow noopener\"><strong>Sergio de Larrea<\/strong><\/a> ser\u00e1 baja este martes en el encuentro del <a class=\"ft-link ft-link--decoration\" href=\"https:\/\/www.superdeporte.es\/deportes\/baloncesto\/euroliga\/2025-2026\/valencia-basket-fenerbahce-istanbul-30526_10_07_6206_8113.html\" target=\"_blank\" rel=\"nofollow noopener\">Valencia Basket ante el Fenerbahce<\/a> en la Euroliga seg\u00fan indic\u00f3 el club &#8216;taronja&#8217; que lo atribuy\u00f3 a \u00abpeque\u00f1as molestias\u00bb sin especificar m\u00e1s.<\/p>\n<p class=\"ft-text\">El Valencia se\u00f1al\u00f3 que el internacional las <strong>arrastra \u00abdel partido del domingo ante el Joventut\u00bb<\/strong> y que le impedir\u00e1n estar disponible pero tampoco ha indicado si existe previsi\u00f3n de que pueda jugar el jueves ante el Dubai.<\/p>\n<p class=\"ft-text\">Su baja ante el Fenerbahce se une a la de Yankuba Sima y Ethan Happ y a la de Braxton Key, \u00faltimo fichaje del club y que a\u00fan no se ha incorporado a la plantilla.<\/p>\n","protected":false},"excerpt":{"rendered":"El exterior vallisoletano Sergio de Larrea ser\u00e1 baja este martes en el encuentro del Valencia Basket ante el&hellip;\n","protected":false},"author":2,"featured_media":205882,"comment_status":"","ping_status":"","sticky":false,"template":"","format":"standard","meta":{"footnotes":""},"categories":[269],"tags":[6814,299,298,168,25,24,833,24503,1458,25650,2139,6006,23,167,1885,2916],"class_list":{"0":"post-205881","1":"post","2":"type-post","3":"status-publish","4":"format-standard","5":"has-post-thumbnail","7":"category-baloncesto","8":"tag-baja","9":"tag-baloncesto","10":"tag-basketball","11":"tag-deportes","12":"tag-es","13":"tag-espana","14":"tag-euroliga","15":"tag-fenerbahce","16":"tag-hora","17":"tag-larrea","18":"tag-sergio","19":"tag-sergio-de-larrea","20":"tag-spain","21":"tag-sports","22":"tag-ultima","23":"tag-valencia-basket"},"share_on_mastodon":{"url":"https:\/\/pubeurope.com\/@es\/115453243266522217","error":""},"_links":{"self":[{"href":"https:\/\/www.europesays.com\/es\/wp-json\/wp\/v2\/posts\/205881","targetHints":{"allow":["GET"]}}],"collection":[{"href":"https:\/\/www.europesays.com\/es\/wp-json\/wp\/v2\/posts"}],"about":[{"href":"https:\/\/www.europesays.com\/es\/wp-json\/wp\/v2\/types\/post"}],"author":[{"embeddable":true,"href":"https:\/\/www.europesays.com\/es\/wp-json\/wp\/v2\/users\/2"}],"replies":[{"embeddable":true,"href":"https:\/\/www.europesays.com\/es\/wp-json\/wp\/v2\/comments?post=205881"}],"version-history":[{"count":0,"href":"https:\/\/www.europesays.com\/es\/wp-json\/wp\/v2\/posts\/205881\/revisions"}],"wp:featuredmedia":[{"embeddable":true,"href":"https:\/\/www.europesays.com\/es\/wp-json\/wp\/v2\/media\/205882"}],"wp:attachment":[{"href":"https:\/\/www.europesays.com\/es\/wp-json\/wp\/v2\/media?parent=205881"}],"wp:term":[{"taxonomy":"category","embeddable":true,"href":"https:\/\/www.europesays.com\/es\/wp-json\/wp\/v2\/categories?post=205881"},{"taxonomy":"post_tag","embeddable":true,"href":"https:\/\/www.europesays.com\/es\/wp-json\/wp\/v2\/tags?post=205881"}],"curies":[{"name":"wp","href":"https:\/\/api.w.org\/{rel}","templated":true}]}}