{"id":205893,"date":"2025-10-28T18:44:10","date_gmt":"2025-10-28T18:44:10","guid":{"rendered":"https:\/\/www.europesays.com\/es\/205893\/"},"modified":"2025-10-28T18:44:10","modified_gmt":"2025-10-28T18:44:10","slug":"la-liga-denuncia-canticos-contra-el-barca-y-los-cules-en-el-clasico","status":"publish","type":"post","link":"https:\/\/www.europesays.com\/es\/205893\/","title":{"rendered":"La Liga denuncia c\u00e1nticos contra el Bar\u00e7a y los cul\u00e9s en el Cl\u00e1sico"},"content":{"rendered":"<p class=\"ft-text\">Como cada semana, LaLiga ha hecho p\u00fablico el <strong>escrito de denuncia que remite al Comit\u00e9 de Competici\u00f3n de la RFEF y a la Comisi\u00f3n Antiviolencia<\/strong>. En \u00e9l se incluyen los \u00abc\u00e1nticos que se producen en los encuentros de f\u00fatbol que inciten a la violencia o tengan un contenido insultante o intolerante\u00bb. Son comportamientos prohibidos y por tanto sancionables.<\/p>\n<p class=\"ft-text\">Por lo que respecta al Cl\u00e1sico que se disput\u00f3 entre el Real Madrid y el Barcelona en el Santiago Bernab\u00e9u, <strong>se hacen constar dos c\u00e1nticos que se produjeron de manera repetida.<\/strong><\/p>\n<p><img decoding=\"async\" src=\"https:\/\/www.europesays.com\/es\/wp-content\/uploads\/2025\/10\/20340076-a6cb-4d5e-806c-28fbea3d7c29_alta-libre-aspect-ratio_default_0.jpg\" width=\"1200\" height=\"800\" alt=\"Marcus Rashford, en el cl\u00e1sico del Santiago Bernab\u00e9u\" class=\"ft-helper-img-rd\" loading=\"lazy\" hasdataaida=\"true\"\/><\/p>\n<p class=\"ft-helper-fontColor-quaternary ft-helper-fontSize-body-S ft-helper-spacer-t-xxs\">Marcus Rashford, en el cl\u00e1sico del Santiago Bernab\u00e9u  \/ Valent\u00ed Enrich<\/p>\n<p class=\"ft-text\">Por un lado, 35 minutos antes del inicio del partido y en el minuto 2, un grupo de aficionados locales ubicados en la &#8216;Grada Fans RMCF&#8217;, concretamente en el Fondo Sur, entonaron de forma coral y coordinada durante, aproximadamente, aproximadamente 10 segundos, el c\u00e1ntico <strong>\u00abPuta Bar\u00e7a, puta Bar\u00e7a, eh\u00bb.<\/strong><\/p>\n<p class=\"ft-text\">Adem\u00e1s, tambi\u00e9n se hace menci\u00f3n que en dos ocasiones antes del inicio del partido, un grupo de aficionados locales situados de nuevo en la &#8216;Grada Fans RMCF&#8217; entonaron tambi\u00e9n el c\u00e1ntico <strong>\u00abOlel\u00e9, olal\u00e1, ser del Bar\u00e7a es, ser un subnormal\u00bb.<\/strong><\/p>\n<p class=\"ft-text\">LaLiga no incluye m\u00e1s c\u00e1nticos contra el conjunto azulgrana y su afici\u00f3n, pero seg\u00fan varios testigos del encuentro, tambi\u00e9n se produjeron otros de <strong>\u00abPuta Catalunya\u00bb y \u00abEs polaco el que no bote\u00bb.<\/strong><\/p>\n<p class=\"ft-text\">Tal y como se esperaba, el Bar\u00e7a <strong>se encontr\u00f3 con un clima hostil en el Santiago Bernab\u00e9u.<\/strong> Al margen de los c\u00e1nticos, los locales tambi\u00e9n se cebaron con los pitos a los jugadores, especialmente contra Lamine Yamal cada vez que este cog\u00eda la pelota.<\/p>\n<p class=\"ft-text\">Una tensi\u00f3n que tambi\u00e9n <a class=\"ft-link ft-link--decoration\" href=\"https:\/\/www.sport.es\/es\/noticias\/real-madrid\/trash-talkings-vinicius-bellingham-clasico-123086015\" rel=\"nofollow noopener\" target=\"_blank\">se traslad\u00f3 al c\u00e9sped<\/a> y que provoc\u00f3 varias tanganas entre los jugadores de ambos equipos y <strong>dej\u00f3 varias declaraciones y rifirrafes pol\u00e9micos <\/strong>que han ido apareciendo en los medios desde que termin\u00f3 el partido.<\/p>\n<p>Otros partidos<\/p>\n<p class=\"ft-text\">Adem\u00e1s del Cl\u00e1sico, LaLiga tambi\u00e9n ha denunciado c\u00e1nticos contra Joan Garc\u00eda, portero del Bar\u00e7a, durante el partido entre el Espanyol y el Elche: \u00abEn el minuto 35 de partido, un grupo de aficionados locales, ubicados en Gol Cornell\u00e1, sectores 109, 110 y 111 e integrantes de la grada de animaci\u00f3n \u201cGrada Canito\u201d, entonaron de forma coral y coordinada durante, aproximadamente, 20 segundos el c\u00e1ntico &#8216;<strong>Queremos la cabeza de Joan&#8217;<\/strong> referido al portero del FC Barcelona, Joan Garc\u00eda.\u00bb<\/p>\n<p class=\"ft-text\">Los aficionados locales no fueron los \u00fanicos que realizaron alg\u00fan c\u00e1ntico contra la entidad cul\u00e9: \u00abEn el minuto 42 de partido, <strong>un grupo de aficionados VISITANTES<\/strong>, ubicados en Gol de El Prat de Llobregat, sectores 229, 230 y 231, entonaron <strong>de forma coral y coordinada durante 15 segundos el c\u00e1ntico \u201cPuta Bar\u00e7a\u201d<\/strong>, siendo secundado por aficionados locales ubicados en diferentes sectores del estadio\u00bb.<\/p>\n","protected":false},"excerpt":{"rendered":"Como cada semana, LaLiga ha hecho p\u00fablico el escrito de denuncia que remite al Comit\u00e9 de Competici\u00f3n de&hellip;\n","protected":false},"author":2,"featured_media":205894,"comment_status":"","ping_status":"","sticky":false,"template":"","format":"standard","meta":{"footnotes":""},"categories":[93],"tags":[2296,46595,56241,6775,168,25,24,1044,23,167],"class_list":{"0":"post-205893","1":"post","2":"type-post","3":"status-publish","4":"format-standard","5":"has-post-thumbnail","7":"category-deportes","8":"tag-barca","9":"tag-canticos","10":"tag-cules","11":"tag-denuncia","12":"tag-deportes","13":"tag-es","14":"tag-espana","15":"tag-liga","16":"tag-spain","17":"tag-sports"},"share_on_mastodon":{"url":"https:\/\/pubeurope.com\/@es\/115453274829149419","error":""},"_links":{"self":[{"href":"https:\/\/www.europesays.com\/es\/wp-json\/wp\/v2\/posts\/205893","targetHints":{"allow":["GET"]}}],"collection":[{"href":"https:\/\/www.europesays.com\/es\/wp-json\/wp\/v2\/posts"}],"about":[{"href":"https:\/\/www.europesays.com\/es\/wp-json\/wp\/v2\/types\/post"}],"author":[{"embeddable":true,"href":"https:\/\/www.europesays.com\/es\/wp-json\/wp\/v2\/users\/2"}],"replies":[{"embeddable":true,"href":"https:\/\/www.europesays.com\/es\/wp-json\/wp\/v2\/comments?post=205893"}],"version-history":[{"count":0,"href":"https:\/\/www.europesays.com\/es\/wp-json\/wp\/v2\/posts\/205893\/revisions"}],"wp:featuredmedia":[{"embeddable":true,"href":"https:\/\/www.europesays.com\/es\/wp-json\/wp\/v2\/media\/205894"}],"wp:attachment":[{"href":"https:\/\/www.europesays.com\/es\/wp-json\/wp\/v2\/media?parent=205893"}],"wp:term":[{"taxonomy":"category","embeddable":true,"href":"https:\/\/www.europesays.com\/es\/wp-json\/wp\/v2\/categories?post=205893"},{"taxonomy":"post_tag","embeddable":true,"href":"https:\/\/www.europesays.com\/es\/wp-json\/wp\/v2\/tags?post=205893"}],"curies":[{"name":"wp","href":"https:\/\/api.w.org\/{rel}","templated":true}]}}