{"id":205897,"date":"2025-10-28T18:46:14","date_gmt":"2025-10-28T18:46:14","guid":{"rendered":"https:\/\/www.europesays.com\/es\/205897\/"},"modified":"2025-10-28T18:46:14","modified_gmt":"2025-10-28T18:46:14","slug":"me-levanto-a-las-5-para-ir-a-correr-y-desde-las-7-de-la-tarde-no-como-mas","status":"publish","type":"post","link":"https:\/\/www.europesays.com\/es\/205897\/","title":{"rendered":"Me levanto a las 5 para ir a correr y desde las 7 de la tarde no como m\u00e1s"},"content":{"rendered":"<p class=\"paragraph\" id=\"paragraph_1\">A sus casi 60 a\u00f1os, <strong>Luis Zahera<\/strong> parece haber hecho un pacto con el tiempo. El actor gallego, <a href=\"https:\/\/www.elespanol.com\/el-cultural\/cine\/series\/20251025\/luis-zahera-protagoniza-serie-animal-pais-encasilla-actores\/1003743984269_0.html?utm_cmp_rs=linksinline\" rel=\"nofollow noopener\" target=\"_blank\">ganador de dos premios Goya y querido por su autenticidad<\/a>, no solo mantiene la <strong>energ\u00eda de un veintea\u00f1ero<\/strong>, sino tambi\u00e9n una lucidez que muchos admiran.<\/p>\n<p><a class=\"btn__link\" href=\"https:\/\/www.elespanol.com\/elandroidelibre\/noticias-y-novedades\/20250924\/seguir-espanol-google-discover-siempre-bien-informado-paso-movil-pc\/1003743939695_0.html\" rel=\"noopener nofollow\" target=\"_blank\">Sigue aqu\u00ed a EL ESPA\u00d1OL en Discover<\/a><\/p>\n<p class=\"paragraph\" id=\"paragraph_2\">Su alimentaci\u00f3n, como casi todo en \u00e9l, tiene acento gallego. \u00ab<strong>Mi vicio gastron\u00f3mico son las ostras<\/strong>. Eso es lo que m\u00e1s me gusta en el mundo\u00bb, <a href=\"https:\/\/www.elespanol.com\/mujer\/estilo-vida\/20251026\/isabel-gemio-anos-sin-trabajar-paso-factura-decirle-no-jefe-poderoso\/1003743982634_0.html?utm_cmp_rs=linksinline\" rel=\"nofollow noopener\" target=\"_blank\">confes\u00f3 en una entrevista<\/a>.<\/p>\n<p class=\"paragraph\" id=\"paragraph_3\"><a href=\"https:\/\/www.elespanol.com\/corazon\/20251021\/luis-zahera-trabajo-albanil-anos-demolicion-torres-gemelas-nueva-york\/1003743979800_0.html?utm_cmp_rs=linksinline\" rel=\"nofollow noopener\" target=\"_blank\">No es un capricho cualquiera<\/a>: las ostras contienen <strong>9 gramos de prote\u00edna por cada 100 gramos<\/strong>, adem\u00e1s de ser ricas en selenio y cobre.<\/p>\n<p><img loading=\"lazy\" decoding=\"async\" alt=\"Luis Zahera con el Goya a Mejor Actor de Reparto por As Bestas\" height=\"180\" src=\"https:\/\/www.europesays.com\/es\/wp-content\/uploads\/2025\/10\/846675609_241388443_320x180.jpg\" width=\"320\" data-lazy-status=\"processed\" data-lazy-info=\"remove loading item 1\"\/><\/p>\n<p class=\"paragraph\" id=\"paragraph_4\">\u00ab<strong>Comerlas me hace sentir bien<\/strong>, es algo que disfruto y que me conecta con mi tierra\u00bb, dijo el actor entre risas.<\/p>\n<p class=\"paragraph\" id=\"paragraph_5\">Aunque se declara amante del buen comer, Zahera vive con moderaci\u00f3n. En La Resistencia, sorprendi\u00f3 al contar que practica <strong>ayuno intermitente<\/strong>.<\/p>\n<p class=\"paragraph\" id=\"paragraph_6\">\u00ab<strong>A partir de las 19.00 horas no como nada<\/strong>. La vida de top model es muy jodida. Si como despu\u00e9s,<strong> me da reflujo<\/strong>: soy mayor\u00bb, coment\u00f3 con su habitual iron\u00eda.<\/p>\n<p class=\"paragraph\" id=\"paragraph_7\">Esa rutina le ha ayudado a mantener el peso estable y dormir mejor. \u00ab<strong>Antes cenaba pesado, ahora me levanto m\u00e1s ligero<\/strong>. El cuerpo te lo agradece\u00bb.<\/p>\n<p><img decoding=\"async\" alt=\"Ana Mena, 28 a\u00f1os\" height=\"180\" loading=\"lazy\" width=\"320\" data-lazy-status=\"processed\" id=\"8d0d4b2369\" src=\"https:\/\/www.elespanol.com\/corazon\/20251026\/luis-zahera-anos-mantiene-joven-levanto-ir-correr-tarde-no-kw\/[\" https:=\"\" data-lazy-info=\"changed src\"\/><\/p>\n<p class=\"paragraph\" id=\"paragraph_8\">Los madrugones son otro de sus sellos personales. \u00ab<strong>Me levanto a las 5.00 de la ma\u00f1ana a salir a correr<\/strong>&#8230; Bueno, camino r\u00e1pido, como Mariano Rajoy\u00bb, brome\u00f3 tambi\u00e9n en televisi\u00f3n.<\/p>\n<p class=\"paragraph\" id=\"paragraph_9\">Caminar a paso r\u00e1pido durante una hora y hacer tramos de escaleras sustituye para \u00e9l al gimnasio. Y cuando est\u00e1 en casa, complementa el ejercicio con \u00ab<strong>pesitas de 3 kilos<\/strong>\u00ab.<\/p>\n<p class=\"paragraph\" id=\"paragraph_10\">\u00ab<strong>Subo y bajo escaleras, mis pesitas<\/strong>&#8230; s\u00ed, s\u00ed, soy un presumido loco\u00bb, reconoc\u00eda en el Late Xou con <strong>Marc Gir\u00f3<\/strong>.<\/p>\n<p class=\"paragraph\" id=\"paragraph_11\">Pero m\u00e1s all\u00e1 del f\u00edsico, hubo un cambio que lo marc\u00f3. Durante el rodaje de la serie <strong>Animal<\/strong>, Zahera sufri\u00f3 un <strong>susto de salud<\/strong> serio.<\/p>\n<p>El \u00e9xito de Luis Zahera<\/p>\n<p class=\"paragraph\" id=\"paragraph_12\">\u00abMe hice mayor de un d\u00eda para otro. Dej\u00e9 de mear. <strong>La pr\u00f3stata<\/strong>\u00ab, cont\u00f3 mirando al p\u00fablico de El Hormiguero con una mezcla de humor y vulnerabilidad.<\/p>\n<p class=\"paragraph\" id=\"paragraph_13\">Pas\u00f3 nueve d\u00edas con sonda y tuvo que suspender el rodaje. \u00abColaps\u00e9. Volaba de fiebre. <strong>Solo le pasa al 10% de los hombres<\/strong>\u00ab, record\u00f3.<\/p>\n<p class=\"paragraph\" id=\"paragraph_14\">Aquello, asegura, le cambi\u00f3: \u00ab<strong>Me volv\u00ed m\u00e1s miedoso<\/strong>. Antes pod\u00eda con todo: madrugar, cruzar el r\u00edo de noche&#8230; y ahora me cuido m\u00e1s\u00bb.<\/p>\n<p class=\"paragraph\" id=\"paragraph_15\">Desde entonces, Luis Zahera cuida cada detalle: cena temprano, <strong>duerme ocho horas<\/strong> y camina todos los d\u00edas.<\/p>\n<p><img decoding=\"async\" alt=\"Cristina Pedroche (36) y Dabiz Mu\u00f1oz (45)\" height=\"180\" loading=\"lazy\" width=\"320\" data-lazy-status=\"processed\" id=\"3354125346\" src=\"https:\/\/www.elespanol.com\/corazon\/20251026\/luis-zahera-anos-mantiene-joven-levanto-ir-correr-tarde-no-kw\/[\" https:=\"\" data-lazy-info=\"changed src\"\/><\/p>\n<p class=\"paragraph\" id=\"paragraph_16\">Dice que la clave no es parecer joven, sino \u00ab<strong>mantener la cabeza clara y el cuerpo \u00fatil<\/strong>\u00ab. Su rutina no se basa en f\u00f3rmulas milagrosas, sino en sentido com\u00fan, trabajo constante y un toque de retranca gallega.<\/p>\n<p class=\"paragraph\" id=\"paragraph_17\">\u00ab<strong>Comer bien, dormir y trabajar<\/strong>\u00ab, resumi\u00f3 en una entrevista. Suena simple, pero en su caso funciona.<\/p>\n<p class=\"paragraph\" id=\"paragraph_18\">Porque si algo demuestra Zahera es que <strong>la edad no es un freno<\/strong> cuando se vive con energ\u00eda, humor y un plato de ostras esperando.<\/p>\n","protected":false},"excerpt":{"rendered":"A sus casi 60 a\u00f1os, Luis Zahera parece haber hecho un pacto con el tiempo. El actor gallego,&hellip;\n","protected":false},"author":2,"featured_media":205898,"comment_status":"","ping_status":"","sticky":false,"template":"","format":"standard","meta":{"footnotes":""},"categories":[91],"tags":[1014,4835,1507,146,147,25,24,27362,23],"class_list":{"0":"post-205897","1":"post","2":"type-post","3":"status-publish","4":"format-standard","5":"has-post-thumbnail","7":"category-entretenimiento","8":"tag-actores","9":"tag-corazon","10":"tag-ejercicio-fisico","11":"tag-entertainment","12":"tag-entretenimiento","13":"tag-es","14":"tag-espana","15":"tag-luis-zahera","16":"tag-spain"},"share_on_mastodon":{"url":"https:\/\/pubeurope.com\/@es\/115453282850295023","error":""},"_links":{"self":[{"href":"https:\/\/www.europesays.com\/es\/wp-json\/wp\/v2\/posts\/205897","targetHints":{"allow":["GET"]}}],"collection":[{"href":"https:\/\/www.europesays.com\/es\/wp-json\/wp\/v2\/posts"}],"about":[{"href":"https:\/\/www.europesays.com\/es\/wp-json\/wp\/v2\/types\/post"}],"author":[{"embeddable":true,"href":"https:\/\/www.europesays.com\/es\/wp-json\/wp\/v2\/users\/2"}],"replies":[{"embeddable":true,"href":"https:\/\/www.europesays.com\/es\/wp-json\/wp\/v2\/comments?post=205897"}],"version-history":[{"count":0,"href":"https:\/\/www.europesays.com\/es\/wp-json\/wp\/v2\/posts\/205897\/revisions"}],"wp:featuredmedia":[{"embeddable":true,"href":"https:\/\/www.europesays.com\/es\/wp-json\/wp\/v2\/media\/205898"}],"wp:attachment":[{"href":"https:\/\/www.europesays.com\/es\/wp-json\/wp\/v2\/media?parent=205897"}],"wp:term":[{"taxonomy":"category","embeddable":true,"href":"https:\/\/www.europesays.com\/es\/wp-json\/wp\/v2\/categories?post=205897"},{"taxonomy":"post_tag","embeddable":true,"href":"https:\/\/www.europesays.com\/es\/wp-json\/wp\/v2\/tags?post=205897"}],"curies":[{"name":"wp","href":"https:\/\/api.w.org\/{rel}","templated":true}]}}