{"id":205914,"date":"2025-10-28T19:01:07","date_gmt":"2025-10-28T19:01:07","guid":{"rendered":"https:\/\/www.europesays.com\/es\/205914\/"},"modified":"2025-10-28T19:01:07","modified_gmt":"2025-10-28T19:01:07","slug":"ella-no-fue-el-motivo-de-mi-separacion","status":"publish","type":"post","link":"https:\/\/www.europesays.com\/es\/205914\/","title":{"rendered":"Ella no fue el motivo de mi separaci\u00f3n"},"content":{"rendered":"<p class=\"c-paragraph\">El cantante <a href=\"https:\/\/www.20minutos.es\/tags\/temas\/pitingo.html\" title=\"Pitingo\" rel=\"nofollow noopener\" target=\"_blank\">Pitingo<\/a> ha emitido un comunicado en sus redes sociales con el que trata de adelantarse a las revistas del coraz\u00f3n a la hora de hacer p\u00fablico que<b> se ha divorciado oficialmente de\u00a0Ver\u00f3nica Fern\u00e1ndez<\/b> y a la vez, que ha encontrado de nuevo el amor.\u00a0<\/p>\n<p class=\"c-paragraph\">\u00abS\u00e9 que la prensa siempre me ha tratado con respeto, pero he recibido varias llamadas y<b> siento que debo ser yo quien lo cuente,<\/b> con calma y con verdad\u00bb, dice el cantante.\u00a0<\/p>\n<p class=\"c-paragraph\">\u00abHace ya m\u00e1s de un a\u00f1o y medio que Ver\u00f3nica y yo tomamos caminos distintos, y <b>hoy puedo decir con serenidad que estamos oficialmente divorciados<\/b>\u00ab, hace ver a sus fans.\u00a0<\/p>\n<p class=\"c-paragraph\">El cantante asegura<b> sentir \u00abrespeto y gratitud\u00bb<\/b> por la que ahora es su exmujer y madre de su hijo Manuel, que es \u00ablo m\u00e1s hermoso\u00bb que le ha dado la vida.<\/p>\n<p class=\"c-paragraph\">A la par, Pitingo ha anunciado que ahora sale con otra mujer, Laura, que fue su primer amor.\u00a0\u00abLa que conoc\u00ed hace m\u00e1s de 30 a\u00f1os y la vida nos ha unido otra vez\u00bb. La describe como \u00ab<b>una mujer buena, serena, con un coraz\u00f3n enorme,<\/b> que ha sabido darme calma, alegr\u00eda y mucha verdad\u00bb.<\/p>\n<p class=\"c-paragraph\">\u00abY quiero dejarlo claro: ella no fue el motivo de mi separaci\u00f3n. Nuestra relaci\u00f3n comenz\u00f3 mucho tiempo despu\u00e9s, cuando ambos ya hab\u00edamos rehecho<b> nuestras vidas por caminos distintos<\/b>\u00ab, recalca el cantante, que insiste: \u00ab<b>No ha habido terceras personas<\/b>, ni historias turbias, solo el paso del tiempo, la vida y sus caminos\u00bb.\u00a0<\/p>\n<p class=\"c-paragraph\">Pitingo cuenta que ya est\u00e1n conviviendo,la familia de \u00e9l con la de ella. \u00abNuestros hijos se adoran, <b>viven conmigo y Laura, se cuidan y se acompa\u00f1an<\/b> como hermanos\u00bb, explica.<\/p>\n","protected":false},"excerpt":{"rendered":"El cantante Pitingo ha emitido un comunicado en sus redes sociales con el que trata de adelantarse a&hellip;\n","protected":false},"author":2,"featured_media":205915,"comment_status":"","ping_status":"","sticky":false,"template":"","format":"standard","meta":{"footnotes":""},"categories":[174],"tags":[4187,255,146,147,25,24,256,1080,29029,2074,7745,23],"class_list":{"0":"post-205914","1":"post","2":"type-post","3":"status-publish","4":"format-standard","5":"has-post-thumbnail","7":"category-famosos","8":"tag-anuncia","9":"tag-celebrities","10":"tag-entertainment","11":"tag-entretenimiento","12":"tag-es","13":"tag-espana","14":"tag-famosos","15":"tag-ha","16":"tag-pitingo","17":"tag-que","18":"tag-se","19":"tag-spain"},"share_on_mastodon":{"url":"https:\/\/pubeurope.com\/@es\/115453342234963044","error":""},"_links":{"self":[{"href":"https:\/\/www.europesays.com\/es\/wp-json\/wp\/v2\/posts\/205914","targetHints":{"allow":["GET"]}}],"collection":[{"href":"https:\/\/www.europesays.com\/es\/wp-json\/wp\/v2\/posts"}],"about":[{"href":"https:\/\/www.europesays.com\/es\/wp-json\/wp\/v2\/types\/post"}],"author":[{"embeddable":true,"href":"https:\/\/www.europesays.com\/es\/wp-json\/wp\/v2\/users\/2"}],"replies":[{"embeddable":true,"href":"https:\/\/www.europesays.com\/es\/wp-json\/wp\/v2\/comments?post=205914"}],"version-history":[{"count":0,"href":"https:\/\/www.europesays.com\/es\/wp-json\/wp\/v2\/posts\/205914\/revisions"}],"wp:featuredmedia":[{"embeddable":true,"href":"https:\/\/www.europesays.com\/es\/wp-json\/wp\/v2\/media\/205915"}],"wp:attachment":[{"href":"https:\/\/www.europesays.com\/es\/wp-json\/wp\/v2\/media?parent=205914"}],"wp:term":[{"taxonomy":"category","embeddable":true,"href":"https:\/\/www.europesays.com\/es\/wp-json\/wp\/v2\/categories?post=205914"},{"taxonomy":"post_tag","embeddable":true,"href":"https:\/\/www.europesays.com\/es\/wp-json\/wp\/v2\/tags?post=205914"}],"curies":[{"name":"wp","href":"https:\/\/api.w.org\/{rel}","templated":true}]}}