{"id":205920,"date":"2025-10-28T19:05:13","date_gmt":"2025-10-28T19:05:13","guid":{"rendered":"https:\/\/www.europesays.com\/es\/205920\/"},"modified":"2025-10-28T19:05:13","modified_gmt":"2025-10-28T19:05:13","slug":"la-nieta-de-geezer-butler-black-sabbath-rinde-tributo-a-ozzy-osbourne-cantando-uno-de-sus-grandes-clasicos-y-su-abuelo-lo-celebra-en-redes","status":"publish","type":"post","link":"https:\/\/www.europesays.com\/es\/205920\/","title":{"rendered":"La nieta de Geezer Butler (Black Sabbath) rinde tributo a Ozzy Osbourne cantando uno de sus grandes cl\u00e1sicos y su abuelo lo celebra en redes"},"content":{"rendered":"<p data-start=\"141\" data-end=\"526\">Nunca olvidaremos la \u00faltima vez que <a target=\"_blank\" href=\"https:\/\/mariskalrock.com\/noticias\/muere-ozzy-osbourne-tan-solo-unos-dias-despues-de-dar-su-ultimo-concierto\/\" rel=\"nofollow noopener\"><strong>Ozzy Osbourne<\/strong><\/a> cant\u00f3 en el ya m\u00edtico <strong>Back To The Beginning<\/strong>\u00a0la melanc\u00f3lica <strong>\u201cMama, I\u2019m Coming Home\u201d<\/strong>, canci\u00f3n de su disco<strong> &#8216;No More Tears&#8217;<\/strong> (1991). El p\u00fablico estaba emocionado, sin poder contener las l\u00e1grimas, mientras coreaba su ic\u00f3nico estribillo junto al <strong>Pr\u00edncipe de las Tinieblas<\/strong>, al que, con los ojos brillantes, se le quebraba la voz por momentos.<\/p>\n<p data-start=\"528\" data-end=\"1011\">Ozzy, adem\u00e1s de despedirse arropado por sus fans, estaba acompa\u00f1ado por los miembros originales de <a target=\"_blank\" href=\"https:\/\/www.blacksabbath.com\/\" rel=\"nofollow noopener\"><strong>Black Sabbath<\/strong><\/a>, entre ellos el bajista y letrista de un buen n\u00famero de canciones de la banda, <strong>Geezer Butler<\/strong>. El m\u00fasico brit\u00e1nico ha amplificado con orgullo a trav\u00e9s de sus redes sociales un nuevo homenaje al padrino del heavy metal a trav\u00e9s de la voz de su nieta<a target=\"_blank\" href=\"https:\/\/www.instagram.com\/carolinachasemusic\/?igsh=MXQ5YmNwMTM0MGM1bA%3D%3D#\" rel=\"nofollow noopener\"><strong> Carolina Chase<\/strong><\/a>, quien ha interpretado este cl\u00e1sico en directo junto a j\u00f3venes m\u00fasicos. Chase tambi\u00e9n comparti\u00f3 el video en sus redes sociales, acompa\u00f1ado de la frase \u201cOzzy Forever\u201d.<\/p>\n<blockquote class=\"instagram-media\" style=\"background: #FFF; border: 0; border-radius: 3px; box-shadow: 0 0 1px 0 rgba(0,0,0,0.5),0 1px 10px 0 rgba(0,0,0,0.15); margin: 1px; max-width: 540px; min-width: 326px; padding: 0; width: calc(100% - 2px);\" data-instgrm-captioned=\"\" data-instgrm-permalink=\"https:\/\/www.instagram.com\/reel\/DQSFf_SErqD\/?utm_source=ig_embed&amp;utm_campaign=loading\" data-instgrm-version=\"14\">\n<\/blockquote>\n<p data-start=\"1013\" data-end=\"1344\">En la escritura de la letra de este cl\u00e1sico, Ozzy cont\u00f3 con la colaboraci\u00f3n de <strong>Lemmy Kilmister (Mot\u00f6rhead)<\/strong>, mientras que el guitarrista <strong>Zakk Wylde<\/strong> particip\u00f3 en la composici\u00f3n musical. La uni\u00f3n de los tres m\u00fasicos dio como resultado una carta que refleja un viaje emocional de arrepentimiento y redenci\u00f3n, con un destinatario claro: Sharon Osbourne, esposa y m\u00e1nager de Ozzy.<\/p>\n<p data-start=\"1346\" data-end=\"1712\">La balada, que se aleja del estilo m\u00e1s visceral de Ozzy en los a\u00f1os setenta y ochenta, transmite un retorno al hogar, al lugar de confort, reflexionando acerca del pasado y de una transformaci\u00f3n personal. En esta \u00e9poca, el artista medit\u00f3 sobre su vida y sus excesos, intentando dejar atr\u00e1s el mundo de las drogas, a pesar de que volver\u00eda a recaer en el futuro. La palabra \u201cmam\u00e1\u201d es una referencia a Sharon, ya que durante d\u00e9cadas fue la figura que lo ayud\u00f3 a mantenerse con vida y recuperar el control.<\/p>\n<p style=\"text-align: center;\" data-start=\"1346\" data-end=\"1712\">\n<p data-start=\"1859\" data-end=\"2218\">La canci\u00f3n ya era todo un \u00e9xito e imprescindible dentro de las baladas del rock, pero ahora, tras la muerte de Ozzy Osbourne, ha cobrado mucha m\u00e1s potencia emocional, siendo un disparo directo al coraz\u00f3n para todos los amantes del g\u00e9nero. Mientras sigan existiendo interpretaciones como la de Carolina Chase, el legado de Ozzy siempre se mantendr\u00e1 con vida.<\/p>\n<p data-start=\"1859\" data-end=\"2218\">De hecho, su m\u00fasica, al igual que la de sus compa\u00f1eros de Black Sabbath, est\u00e1 siendo homenajeada a trav\u00e9s de un ballet que crea una experiencia transgresora, la cual el propio Tony Iommi lamentaba no hace mucho que<a target=\"_blank\" href=\"https:\/\/mariskalrock.com\/actualidad\/tony-iommi-dice-que-es-una-pena-que-ozzy-osbourne-no-viera-el-ballet-de-black-sabbath-antes-de-morir-significa-todo\/\" rel=\"nofollow noopener\"><strong> Ozzy Osbourne no pudiera disfrutar.<\/strong><\/a> Precisamente, el hist\u00f3rico guitarrista, que ha apoyado este proyecto desde sus inicios, no dud\u00f3 en aparecer por sorpresa tocando en la primera funci\u00f3n del ballet dedicado a la legendaria banda de Birmingham, durante su regreso a Londres.<\/p>\n<p style=\"text-align: center;\" data-start=\"1859\" data-end=\"2218\">\n<p><a target=\"_blank\" href=\"http:\/\/www.mariskalrock.com\" class=\"url\" title=\"Alfonso Herreros\" rel=\"nofollow noopener\"> <img loading=\"lazy\" decoding=\"async\" alt=\"Alfonso Herreros\" src=\"https:\/\/www.europesays.com\/es\/wp-content\/uploads\/2025\/10\/1761678313_284_26c6e9bbf17d5bd012e077614c37eae6ad0f217989dda0aede0e4c1fcfe3ae72\"  class=\"avatar avatar-250 photo\" height=\"250\" width=\"250\"\/><\/a>  <a href=\"http:\/\/www.mariskalrock.com\" class=\"url\" target=\"_blank\" title=\"Alfonso Herreros\" rel=\"nofollow noopener\"><img loading=\"lazy\" decoding=\"async\" alt=\"Alfonso Herreros\" src=\"https:\/\/www.europesays.com\/es\/wp-content\/uploads\/2025\/10\/1761678313_284_26c6e9bbf17d5bd012e077614c37eae6ad0f217989dda0aede0e4c1fcfe3ae72\"  class=\"avatar avatar-250 photo\" height=\"250\" width=\"250\"\/><\/a>\u00daltimas entradas de Alfonso Herreros (<a target=\"_blank\" href=\"https:\/\/mariskalrock.com\/author\/alfonso-herreros\/\" rel=\"nofollow noopener\">ver todo<\/a>)  <\/p>\n<p>\t\t\t\t<script async src=\"\/\/www.instagram.com\/embed.js\"><\/script><\/p>\n","protected":false},"excerpt":{"rendered":"Nunca olvidaremos la \u00faltima vez que Ozzy Osbourne cant\u00f3 en el ya m\u00edtico Back To The Beginning\u00a0la melanc\u00f3lica&hellip;\n","protected":false},"author":2,"featured_media":205921,"comment_status":"","ping_status":"","sticky":false,"template":"","format":"standard","meta":{"footnotes":""},"categories":[170],"tags":[7590,187,56244,146,147,25,24,56245,56246,4917,4622,184,185,189,23],"class_list":{"0":"post-205920","1":"post","2":"type-post","3":"status-publish","4":"format-standard","5":"has-post-thumbnail","7":"category-musica","8":"tag-back-to-the-beginning","9":"tag-black-sabbath","10":"tag-carolina-chase","11":"tag-entertainment","12":"tag-entretenimiento","13":"tag-es","14":"tag-espana","15":"tag-geezer-butler","16":"tag-im-coming-home","17":"tag-mama","18":"tag-mr2022","19":"tag-music","20":"tag-musica","21":"tag-ozzy-osbourne","22":"tag-spain"},"share_on_mastodon":{"url":"https:\/\/pubeurope.com\/@es\/115453357454683275","error":""},"_links":{"self":[{"href":"https:\/\/www.europesays.com\/es\/wp-json\/wp\/v2\/posts\/205920","targetHints":{"allow":["GET"]}}],"collection":[{"href":"https:\/\/www.europesays.com\/es\/wp-json\/wp\/v2\/posts"}],"about":[{"href":"https:\/\/www.europesays.com\/es\/wp-json\/wp\/v2\/types\/post"}],"author":[{"embeddable":true,"href":"https:\/\/www.europesays.com\/es\/wp-json\/wp\/v2\/users\/2"}],"replies":[{"embeddable":true,"href":"https:\/\/www.europesays.com\/es\/wp-json\/wp\/v2\/comments?post=205920"}],"version-history":[{"count":0,"href":"https:\/\/www.europesays.com\/es\/wp-json\/wp\/v2\/posts\/205920\/revisions"}],"wp:featuredmedia":[{"embeddable":true,"href":"https:\/\/www.europesays.com\/es\/wp-json\/wp\/v2\/media\/205921"}],"wp:attachment":[{"href":"https:\/\/www.europesays.com\/es\/wp-json\/wp\/v2\/media?parent=205920"}],"wp:term":[{"taxonomy":"category","embeddable":true,"href":"https:\/\/www.europesays.com\/es\/wp-json\/wp\/v2\/categories?post=205920"},{"taxonomy":"post_tag","embeddable":true,"href":"https:\/\/www.europesays.com\/es\/wp-json\/wp\/v2\/tags?post=205920"}],"curies":[{"name":"wp","href":"https:\/\/api.w.org\/{rel}","templated":true}]}}