{"id":205924,"date":"2025-10-28T19:07:10","date_gmt":"2025-10-28T19:07:10","guid":{"rendered":"https:\/\/www.europesays.com\/es\/205924\/"},"modified":"2025-10-28T19:07:10","modified_gmt":"2025-10-28T19:07:10","slug":"suecia-espana-en-directo","status":"publish","type":"post","link":"https:\/\/www.europesays.com\/es\/205924\/","title":{"rendered":"Suecia &#8211; Espa\u00f1a en directo"},"content":{"rendered":"<p> \u00daltima hora y resultado del Suecia &#8211; Espa\u00f1a femenino de la UEFA Nations League<\/p>\n<p class=\"ue-c-article__paragraph \">\u00a1\u00a1Muy buenas tardessss!! Las de Sonia Berm\u00fadez afrontan la vuelta de semifinales contra Suecia en el estadio <strong>Gamla Ullevi d\u00f3nde el bal\u00f3n empezar\u00e1 a rodar a partir de las 19:00 horas.<\/strong><\/p>\n<p class=\"ue-c-article__paragraph \">Espa\u00f1a afronta la vuelta de las semifinales de la Nations League femenina ante Suecia, con el objetivo de confirmar en Gotemburgo el billete a la final. El 4-0 logrado en la ida en M\u00e1laga dej\u00f3 encarrilada la eliminatoria para el equipo de <strong>Sonia Berm\u00fadez, que debut\u00f3 como seleccionadora con la misma versi\u00f3n dominante<\/strong> y ambiciosa de la actual campeona del mundo. <strong>Los dobletes de Alexia Putellas y Cl\u00e0udia Pina sellaron una noche redonda<\/strong> en La Rosaleda, donde Jenni Hermoso volvi\u00f3 a vestir la camiseta de la Selecci\u00f3n entre aplausos y Mapi Le\u00f3n lider\u00f3 la zaga con solvencia.<\/p>\n<p class=\"ue-c-article__paragraph \"><strong>La gran nota negativa lleg\u00f3 con la lesi\u00f3n de Salma Paralluelo<\/strong>, que sufre una rotura parcial del ligamento lateral interno de la rodilla izquierda. En su lugar, Athenea del Castillo ha sido convocada para la cita en Suecia. Todo apunta a que Pina repetir\u00e1 en el once tras su exhibici\u00f3n en la ida, mientras que Vicky L\u00f3pez volver\u00e1 a ser titular y Laia Aleixandri ocupar\u00e1 de nuevo el mediocentro defensivo. C<strong>on la eliminatoria bien encaminada, Espa\u00f1a buscar\u00e1 mantener la intensidad y sellar el pase a la final<\/strong>, donde espera el ganador del duelo entre Alemania y Francia.<\/p>\n<p class=\"ue-c-article__paragraph \">De esta manera queda presentado el enfrentamiento. Seg\u00fan eche a rodar el bal\u00f3n, podr\u00e9is seguir<strong> los comentarios en directo <\/strong>con todo lo que ocurra sobre el terreno de juego. Por \u00faltimo, la <strong>cr\u00f3nica <\/strong>estar\u00e1 disponible en <strong>MARCA.com<\/strong>. \u00a1ARRANCAMOOOOS!<\/p>\n","protected":false},"excerpt":{"rendered":"\u00daltima hora y resultado del Suecia &#8211; Espa\u00f1a femenino de la UEFA Nations League \u00a1\u00a1Muy buenas tardessss!! Las&hellip;\n","protected":false},"author":2,"featured_media":205925,"comment_status":"","ping_status":"","sticky":false,"template":"","format":"standard","meta":{"footnotes":""},"categories":[93],"tags":[168,56247,25,24,1809,4487,23,167,56248],"class_list":{"0":"post-205924","1":"post","2":"type-post","3":"status-publish","4":"format-standard","5":"has-post-thumbnail","7":"category-deportes","8":"tag-deportes","9":"tag-en-femenino","10":"tag-es","11":"tag-espana","12":"tag-futbol-femenino","13":"tag-seleccion-femenina-futbol-espana","14":"tag-spain","15":"tag-sports","16":"tag-uefa-nations-league-femenina"},"share_on_mastodon":{"url":"https:\/\/pubeurope.com\/@es\/115453365046828225","error":""},"_links":{"self":[{"href":"https:\/\/www.europesays.com\/es\/wp-json\/wp\/v2\/posts\/205924","targetHints":{"allow":["GET"]}}],"collection":[{"href":"https:\/\/www.europesays.com\/es\/wp-json\/wp\/v2\/posts"}],"about":[{"href":"https:\/\/www.europesays.com\/es\/wp-json\/wp\/v2\/types\/post"}],"author":[{"embeddable":true,"href":"https:\/\/www.europesays.com\/es\/wp-json\/wp\/v2\/users\/2"}],"replies":[{"embeddable":true,"href":"https:\/\/www.europesays.com\/es\/wp-json\/wp\/v2\/comments?post=205924"}],"version-history":[{"count":0,"href":"https:\/\/www.europesays.com\/es\/wp-json\/wp\/v2\/posts\/205924\/revisions"}],"wp:featuredmedia":[{"embeddable":true,"href":"https:\/\/www.europesays.com\/es\/wp-json\/wp\/v2\/media\/205925"}],"wp:attachment":[{"href":"https:\/\/www.europesays.com\/es\/wp-json\/wp\/v2\/media?parent=205924"}],"wp:term":[{"taxonomy":"category","embeddable":true,"href":"https:\/\/www.europesays.com\/es\/wp-json\/wp\/v2\/categories?post=205924"},{"taxonomy":"post_tag","embeddable":true,"href":"https:\/\/www.europesays.com\/es\/wp-json\/wp\/v2\/tags?post=205924"}],"curies":[{"name":"wp","href":"https:\/\/api.w.org\/{rel}","templated":true}]}}