{"id":205943,"date":"2025-10-28T19:24:09","date_gmt":"2025-10-28T19:24:09","guid":{"rendered":"https:\/\/www.europesays.com\/es\/205943\/"},"modified":"2025-10-28T19:24:09","modified_gmt":"2025-10-28T19:24:09","slug":"el-desplante-de-paz-padilla-a-sus-antiguos-companeros-de-salvame-en-el-estreno-de-su-ultima-pelicula","status":"publish","type":"post","link":"https:\/\/www.europesays.com\/es\/205943\/","title":{"rendered":"El desplante de Paz Padilla a sus antiguos compa\u00f1eros de &#8216;S\u00e1lvame&#8217; en el estreno de su \u00faltima pel\u00edcula"},"content":{"rendered":"<p class=\"v-mdl-ath__p v-mdl-ath__p--6\">\nMartes, 28 de octubre 2025, 13:56<\/p>\n<p>| Actualizado 14:14h.<\/p>\n<p class=\"v-p\">\u00ab\u00a1Qu\u00e9 feo, qu\u00e9 feo!\u00bb, exclamaba este martes indignada Bel\u00e9n Esteban. La colaboradora de &#8216;No somos nadie&#8217; no dud\u00f3 en afear la actitud de Paz Padilla con sus antiguos compa\u00f1eros de &#8216;S\u00e1lvame&#8217; durante el estreno de su \u00faltima pel\u00edcula, &#8216;Cuerpos locos&#8217;, que se rod\u00f3 en <a href=\"https:\/\/www.elcorreo.com\/alava\/araba\/paz-padilla-mueve-patinete-vitoria-20250318132533-nt.html\" target=\"_blank\" title=\"Paz Padilla se mueve en skate por Vitoria\" data-voc-vtm-id=\"in-text-traffic\" data-mrf-link=\"www.elcorreo.com\" rel=\"nofollow noopener\">Vitoria<\/a>. <\/p>\n<p class=\"v-p\">El programa que se emite en TEN y en Quickie obtuvo la acreditaci\u00f3n para la premier celebrada en Madrid y en plena alfombra roja la c\u00f3mica y actriz gaditana hizo un desplante a Marta Riesco que pone de relieve la mala relaci\u00f3n de con los colaboradores del emblem\u00e1tico programa de Telecinco.<\/p>\n<p class=\"v-p\">El reencuentro comenz\u00f3 con cordialidad, pero la tensi\u00f3n se palp\u00f3 cuando la reportera de &#8216;No somos nadie&#8217; le pregunt\u00f3 por su reciente paso por &#8216;D Coraz\u00f3n&#8217;, programa que se emite los fines de semana en La 1 de Televisi\u00f3n Espa\u00f1ola, para presentar el filme: \u00abHan dicho los medios que estuviste un poco arisquilla\u2026\u00bb, le solt\u00f3 la ex de Antonio David Flores. Riesco no pudo ni terminar la frase, ya que la andaluza le dio dos besos, con una amplia sonrisa, y trat\u00f3 de escabullirse del lugar. Sin embargo, un miembro de la organizaci\u00f3n le record\u00f3 que ten\u00eda que atender al resto de medios.<\/p>\n<p class=\"v-p\">Fue entonces cuando en el plat\u00f3 de &#8216;No somos nadie&#8217;, que siguieron en directo el reencuentro con Paz, hicieron visible su malestar. \u00abPrefiero que no me acrediten antes que pasar el momento que has pasado, Marta. Eso no lo hace una profesional. Su cara era un cuadro\u00bb, lanz\u00f3 &#8216;la princesa del pueblo&#8217;.<\/p>\n<p>Vitoria, un plat\u00f3 de cine<\/p>\n<p class=\"v-p\">La comedia &#8216;Cuerpos Locos&#8217; y est\u00e1 dirigida por Ana Murugarren, que en los \u00faltimos a\u00f1os se ha consolidado con la saga de &#8216;Garc\u00eda y Garc\u00eda&#8217;, en cuya segunda parte participaba Paz Padilla junto a Jos\u00e9 Mota y Pepe Viyuela. Se rod\u00f3 en Vitoria. La presencia de la conocida presentadora en la ciudad cre\u00f3 una enorme expectaci\u00f3n. <\/p>\n<p>Reporta un error<\/p>\n","protected":false},"excerpt":{"rendered":"Martes, 28 de octubre 2025, 13:56 | Actualizado 14:14h. \u00ab\u00a1Qu\u00e9 feo, qu\u00e9 feo!\u00bb, exclamaba este martes indignada Bel\u00e9n&hellip;\n","protected":false},"author":2,"featured_media":205944,"comment_status":"","ping_status":"","sticky":false,"template":"","format":"standard","meta":{"footnotes":""},"categories":[174],"tags":[8711,255,14347,29685,146,147,25,24,1055,256,14744,11506,1257,25286,23,1885],"class_list":{"0":"post-205943","1":"post","2":"type-post","3":"status-publish","4":"format-standard","5":"has-post-thumbnail","7":"category-famosos","8":"tag-antiguos","9":"tag-celebrities","10":"tag-companeros","11":"tag-desplante","12":"tag-entertainment","13":"tag-entretenimiento","14":"tag-es","15":"tag-espana","16":"tag-estreno","17":"tag-famosos","18":"tag-padilla","19":"tag-paz","20":"tag-pelicula","21":"tag-salvame","22":"tag-spain","23":"tag-ultima"},"share_on_mastodon":{"url":"https:\/\/pubeurope.com\/@es\/115453432143127077","error":""},"_links":{"self":[{"href":"https:\/\/www.europesays.com\/es\/wp-json\/wp\/v2\/posts\/205943","targetHints":{"allow":["GET"]}}],"collection":[{"href":"https:\/\/www.europesays.com\/es\/wp-json\/wp\/v2\/posts"}],"about":[{"href":"https:\/\/www.europesays.com\/es\/wp-json\/wp\/v2\/types\/post"}],"author":[{"embeddable":true,"href":"https:\/\/www.europesays.com\/es\/wp-json\/wp\/v2\/users\/2"}],"replies":[{"embeddable":true,"href":"https:\/\/www.europesays.com\/es\/wp-json\/wp\/v2\/comments?post=205943"}],"version-history":[{"count":0,"href":"https:\/\/www.europesays.com\/es\/wp-json\/wp\/v2\/posts\/205943\/revisions"}],"wp:featuredmedia":[{"embeddable":true,"href":"https:\/\/www.europesays.com\/es\/wp-json\/wp\/v2\/media\/205944"}],"wp:attachment":[{"href":"https:\/\/www.europesays.com\/es\/wp-json\/wp\/v2\/media?parent=205943"}],"wp:term":[{"taxonomy":"category","embeddable":true,"href":"https:\/\/www.europesays.com\/es\/wp-json\/wp\/v2\/categories?post=205943"},{"taxonomy":"post_tag","embeddable":true,"href":"https:\/\/www.europesays.com\/es\/wp-json\/wp\/v2\/tags?post=205943"}],"curies":[{"name":"wp","href":"https:\/\/api.w.org\/{rel}","templated":true}]}}