{"id":205955,"date":"2025-10-28T19:31:10","date_gmt":"2025-10-28T19:31:10","guid":{"rendered":"https:\/\/www.europesays.com\/es\/205955\/"},"modified":"2025-10-28T19:31:10","modified_gmt":"2025-10-28T19:31:10","slug":"un-brote-de-shigelosis-activa-las-alarmas-en-bilbao","status":"publish","type":"post","link":"https:\/\/www.europesays.com\/es\/205955\/","title":{"rendered":"Un brote de shigelosis activa las alarmas en Bilbao"},"content":{"rendered":"<p>El <b>Departamento de Salud del <a href=\"https:\/\/orain.eus\/es\/tag\/gobierno-vasco\/\" rel=\"nofollow noopener\" target=\"_blank\">Gobierno Vasco<\/a> <\/b>investiga un<b> brote de shigelosis en <a href=\"https:\/\/orain.eus\/es\/tag\/bilbao\/\" rel=\"nofollow noopener\" target=\"_blank\">Bilbao<\/a><\/b>, con <b>cinco casos<\/b> confirmados y otros <b>tres probables<\/b>. Por el momento, se aconseja a los ciudadanos a reforzar las medidas de higiene.<\/p>\n<p>La shigelosis es una <b>infecci\u00f3n intestinal <\/b>aguda que se transmite, principalmente, por v\u00eda fecal-oral. Los s\u00edntomas m\u00e1s comunes incluyen fiebre y diarrea.<\/p>\n<p>Por lo general, la enfermedad suele desaparecer de forma espont\u00e1nea pasados<b> los 4 a 7 d\u00edas.<\/b><\/p>\n<p>Desde el mismo momento que se han dado a conocer los casos, los servicios de salud han activado una<b> investigaci\u00f3n epidemiol\u00f3gica y alimentaria<\/b> en torno al brote.<\/p>\n<p>El Departamento de Salud, junto con el <a href=\"https:\/\/orain.eus\/es\/tag\/ayuntamiento-de-bilbao\/\" rel=\"nofollow noopener\" target=\"_blank\">Ayuntamiento de Bilbao<\/a>, ha activado las medidas preventivas, antes los cinco casos confirmados. Adem\u00e1s, se investigan otros tres casos probables.<\/p>\n<p>Ante este nuevo brote, el Gobierno Vasco ha recordado la importancia de <b>reforzar las medidas de higiene<\/b> b\u00e1sicas, como el lavado frecuente de manos, para as\u00ed evitar la propagaci\u00f3n de la infecci\u00f3n.<\/p>\n<p>Medidas de prevenci\u00f3n<\/p>\n<p>El Departamento de Salud ha compartido unas medidas de prevenci\u00f3n ante la infecci\u00f3n de la shigelosis, subrayando la importancia de mantenerlas activas:<\/p>\n<ul>\n<li><b>Lavarse las manos<\/b> frecuentemente con agua y jab\u00f3n, especialmente despu\u00e9s de ir al ba\u00f1o, cambiar pa\u00f1ales y antes de manipular alimentos.<\/li>\n<li><b>Evitar compartir utensilios o elementos de higiene personal<\/b>, y asegurar una adecuada limpieza y desinfecci\u00f3n de superficies.<\/li>\n<li>Garantizar que los <b>alimentos y el agua sean seguros<\/b> y est\u00e9n bien tratados o cocinados.<\/li>\n<li>Ante la aparici\u00f3n de diarrea, se recomienda no acudir a entornos laborales hasta la recuperaci\u00f3n completa. En caso de fiebre o presencia de sangre en las heces, es fundamental <b>acudir al centro de salud<\/b>.<\/li>\n<\/ul>\n","protected":false},"excerpt":{"rendered":"El Departamento de Salud del Gobierno Vasco investiga un brote de shigelosis en Bilbao, con cinco casos confirmados&hellip;\n","protected":false},"author":2,"featured_media":205956,"comment_status":"","ping_status":"","sticky":false,"template":"","format":"standard","meta":{"footnotes":""},"categories":[92],"tags":[56261,2601,4144,38088,1293,25,24,165,6115,166,492,23],"class_list":{"0":"post-205955","1":"post","2":"type-post","3":"status-publish","4":"format-standard","5":"has-post-thumbnail","7":"category-salud","8":"tag-ayuntamiento-de-bilbao","9":"tag-bilbao","10":"tag-bizkaia","11":"tag-comunidad-autonoma-vasca","12":"tag-enfermedades","13":"tag-es","14":"tag-espana","15":"tag-health","16":"tag-osakidetza","17":"tag-salud","18":"tag-sociedad","19":"tag-spain"},"share_on_mastodon":{"url":"https:\/\/pubeurope.com\/@es\/115453459446534434","error":""},"_links":{"self":[{"href":"https:\/\/www.europesays.com\/es\/wp-json\/wp\/v2\/posts\/205955","targetHints":{"allow":["GET"]}}],"collection":[{"href":"https:\/\/www.europesays.com\/es\/wp-json\/wp\/v2\/posts"}],"about":[{"href":"https:\/\/www.europesays.com\/es\/wp-json\/wp\/v2\/types\/post"}],"author":[{"embeddable":true,"href":"https:\/\/www.europesays.com\/es\/wp-json\/wp\/v2\/users\/2"}],"replies":[{"embeddable":true,"href":"https:\/\/www.europesays.com\/es\/wp-json\/wp\/v2\/comments?post=205955"}],"version-history":[{"count":0,"href":"https:\/\/www.europesays.com\/es\/wp-json\/wp\/v2\/posts\/205955\/revisions"}],"wp:featuredmedia":[{"embeddable":true,"href":"https:\/\/www.europesays.com\/es\/wp-json\/wp\/v2\/media\/205956"}],"wp:attachment":[{"href":"https:\/\/www.europesays.com\/es\/wp-json\/wp\/v2\/media?parent=205955"}],"wp:term":[{"taxonomy":"category","embeddable":true,"href":"https:\/\/www.europesays.com\/es\/wp-json\/wp\/v2\/categories?post=205955"},{"taxonomy":"post_tag","embeddable":true,"href":"https:\/\/www.europesays.com\/es\/wp-json\/wp\/v2\/tags?post=205955"}],"curies":[{"name":"wp","href":"https:\/\/api.w.org\/{rel}","templated":true}]}}