{"id":205971,"date":"2025-10-28T19:43:11","date_gmt":"2025-10-28T19:43:11","guid":{"rendered":"https:\/\/www.europesays.com\/es\/205971\/"},"modified":"2025-10-28T19:43:11","modified_gmt":"2025-10-28T19:43:11","slug":"un-ex-ciclista-de-movistar-team-sancionado-2-anos-por-infringir-las-normas-anti-dopaje","status":"publish","type":"post","link":"https:\/\/www.europesays.com\/es\/205971\/","title":{"rendered":"Un ex ciclista de Movistar Team, sancionado 2 a\u00f1os por infringir las normas anti dopaje"},"content":{"rendered":"<p>El ciclismo es un deporte que siempre ha estado, por desgracia, muy ligado a los casos de <a href=\"https:\/\/ciclismoaldia.es\/doping\" title=\"doping\" rel=\"nofollow noopener\" target=\"_blank\">doping<\/a>. El pasado oscuro con Lance Armstrong y sus Tours de Francia fueron un golpe demasiado duro del que, a d\u00eda de hoy, a\u00fan no se ha recuperado del todo. Y tampoco ayuda que siga habiendo constantes casos de tramposos salt\u00e1ndose las reglas, como ha sido el caso reciente de <a href=\"https:\/\/ciclismoaldia.es\/vinicius-rangel\" title=\"Vinicius Rangel\" rel=\"nofollow noopener\" target=\"_blank\">Vinicius Rangel<\/a>.El corredor brasile\u00f1o del Swift Pro Cycling, que corri\u00f3 para <a href=\"https:\/\/ciclismoaldia.es\/movistar-team\" title=\"Movistar Team\" rel=\"nofollow noopener\" target=\"_blank\">Movistar Team<\/a> entre los a\u00f1os 2022 y 2024, ha sido sancionado por dopaje con 20 meses sin poder competir.  El antiguo campe\u00f3n nacional ha sido castigado por la UCI por falta de localizaci\u00f3n, lo que le impide competir hasta abril de 2027.La <a href=\"https:\/\/www.uci.org\/pressrelease\/uci-statement-concerning-vinicius-rangel-costa\/2QNZgFdmqSwMSKg92jBxqj\" target=\"_blank\" rel=\"nofollow noopener\">UCI<\/a> confirm\u00f3 que el joven de 24 a\u00f1os ha sido sancionado por una infracci\u00f3n de las normas antidopaje tras registrar tres incumplimientos de localizaci\u00f3n en un periodo de 12 meses. De acuerdo con el C\u00f3digo Mundial Antidopaje, los atletas est\u00e1n obligados a proporcionar datos actualizados de localizaci\u00f3n para los controles fuera de competici\u00f3n.<\/p>\n<p>Tres incumplimientos en un a\u00f1o se consideran una infracci\u00f3n de las normas antidopaje, incluso en ausencia de un resultado positivo.<\/p>\n<p>La UCI declar\u00f3 que el caso de Rangel \u00abse resolvi\u00f3 mediante la aceptaci\u00f3n de las consecuencias\u00bb, lo que significa que el corredor no impugn\u00f3 los cargos. Su periodo de suspensi\u00f3n comenz\u00f3 el 27 de agosto de 2025 y se prolongar\u00e1 hasta el 26 de abril de 2027. El organismo rector a\u00f1adi\u00f3 que no har\u00eda m\u00e1s comentarios sobre el asunto.<\/p>\n<p><img decoding=\"async\" width=\"500\" height=\"280\" loading=\"lazy\" src=\"https:\/\/www.europesays.com\/es\/wp-content\/uploads\/2025\/10\/viniciusrangel-2.jpg@webp.webp\" class=\"w-auto h-auto\" alt=\"Vinicius Rangel, sancionado por dopaje\"\/><\/p>\n<p>Vinicius Rangel, sancionado por dopaje<\/p>\n<p>De Movistar Team a la sanci\u00f3n<\/p>\n<p>Rangel fue uno de los ciclistas brasile\u00f1os m\u00e1s brillantes de la \u00faltima d\u00e9cada. Tras desarrollarse en las filas amateurs espa\u00f1olas, se uni\u00f3 al Movistar Team en 2022 y r\u00e1pidamente salt\u00f3 a los titulares al ganar el t\u00edtulo nacional brasile\u00f1o de ciclismo en ruta ese mismo a\u00f1o. Ese triunfo le convirti\u00f3 en el primer ciclista del equipo Movistar en vestir los colores verde y amarillo en el pelot\u00f3n WorldTour.<\/p>\n<p>A pesar de los destellos de promesa, la etapa de tres a\u00f1os de Rangel con Movistar termin\u00f3 en agosto de 2024, cuando anunci\u00f3 su decisi\u00f3n de volver a casa, alegando el deseo de \u00abdisfrutar del deporte de otra manera\u00bb. M\u00e1s tarde fich\u00f3 por Swift Pro Cycling, un equipo de nivel continental con sede en Brasil.<\/p>\n<p>La sanci\u00f3n pone fin a lo que parec\u00eda una fase de reconstrucci\u00f3n para el corredor de 24 a\u00f1os tras su regreso a la escena nacional. Tambi\u00e9n supone un duro golpe para el ciclismo brasile\u00f1o, que en los \u00faltimos a\u00f1os ha intentado consolidar su presencia en el calendario internacional a trav\u00e9s de corredores como Rangel y Nicolas Sessler.<\/p>\n<p>El programa antidopaje de la UCI ha sido gestionado por la Agencia Internacional de Pruebas (ITA) desde 2021, y la federaci\u00f3n conserva la responsabilidad de perseguir las infracciones. Seg\u00fan el comunicado de la UCI, la unidad de ciclismo de la ITA sigue supervisando las pruebas independientes y el cumplimiento en todas las disciplinas del deporte.<\/p>\n<p>Rangel podr\u00e1 volver a competir en abril de 2027, poco antes de cumplir 26 a\u00f1os.<\/p>\n","protected":false},"excerpt":{"rendered":"El ciclismo es un deporte que siempre ha estado, por desgracia, muy ligado a los casos de doping.&hellip;\n","protected":false},"author":2,"featured_media":205972,"comment_status":"","ping_status":"","sticky":false,"template":"","format":"standard","meta":{"footnotes":""},"categories":[273],"tags":[313,312,168,25,24,23,167],"class_list":{"0":"post-205971","1":"post","2":"type-post","3":"status-publish","4":"format-standard","5":"has-post-thumbnail","7":"category-ciclismo","8":"tag-ciclismo","9":"tag-cycling","10":"tag-deportes","11":"tag-es","12":"tag-espana","13":"tag-spain","14":"tag-sports"},"share_on_mastodon":{"url":"https:\/\/pubeurope.com\/@es\/115453506986206981","error":""},"_links":{"self":[{"href":"https:\/\/www.europesays.com\/es\/wp-json\/wp\/v2\/posts\/205971","targetHints":{"allow":["GET"]}}],"collection":[{"href":"https:\/\/www.europesays.com\/es\/wp-json\/wp\/v2\/posts"}],"about":[{"href":"https:\/\/www.europesays.com\/es\/wp-json\/wp\/v2\/types\/post"}],"author":[{"embeddable":true,"href":"https:\/\/www.europesays.com\/es\/wp-json\/wp\/v2\/users\/2"}],"replies":[{"embeddable":true,"href":"https:\/\/www.europesays.com\/es\/wp-json\/wp\/v2\/comments?post=205971"}],"version-history":[{"count":0,"href":"https:\/\/www.europesays.com\/es\/wp-json\/wp\/v2\/posts\/205971\/revisions"}],"wp:featuredmedia":[{"embeddable":true,"href":"https:\/\/www.europesays.com\/es\/wp-json\/wp\/v2\/media\/205972"}],"wp:attachment":[{"href":"https:\/\/www.europesays.com\/es\/wp-json\/wp\/v2\/media?parent=205971"}],"wp:term":[{"taxonomy":"category","embeddable":true,"href":"https:\/\/www.europesays.com\/es\/wp-json\/wp\/v2\/categories?post=205971"},{"taxonomy":"post_tag","embeddable":true,"href":"https:\/\/www.europesays.com\/es\/wp-json\/wp\/v2\/tags?post=205971"}],"curies":[{"name":"wp","href":"https:\/\/api.w.org\/{rel}","templated":true}]}}