{"id":206001,"date":"2025-10-28T20:00:19","date_gmt":"2025-10-28T20:00:19","guid":{"rendered":"https:\/\/www.europesays.com\/es\/206001\/"},"modified":"2025-10-28T20:00:19","modified_gmt":"2025-10-28T20:00:19","slug":"la-policia-la-encontro-semiinconsciente","status":"publish","type":"post","link":"https:\/\/www.europesays.com\/es\/206001\/","title":{"rendered":"la Polic\u00eda la encontr\u00f3 \u00absemiinconsciente\u00bb"},"content":{"rendered":"<p class=\"paragraph\" id=\"paragraph_1\">La Polic\u00eda Municipal de Pamplona <a href=\"https:\/\/www.elespanol.com\/reportajes\/20251028\/guarda-montserrat-anade-incertidumbre-muerte-isak-andic-cayo-no-accidentes-anos\/1003743987701_0.html?utm_cmp_rs=linksinline\" rel=\"nofollow noopener\" target=\"_blank\">investiga a cuatro hombres<\/a> de origen magreb\u00ed por una <strong>agresi\u00f3n sexual<\/strong> a una joven durante la carpa universitaria que se celebr\u00f3 el fin de semana en la ciudad, en un evento que re\u00fane cada a\u00f1o a <a href=\"https:\/\/www.elespanol.com\/reportajes\/20251028\/ainhoa-anos-echo-novio-quique-casa-luego-mato-librilla-pasaba-dia-play-controlaba\/1003743987540_0.html?utm_cmp_rs=linksinline\" rel=\"nofollow noopener\" target=\"_blank\">centenares de estudiantes<\/a>.<\/p>\n<p class=\"paragraph\" id=\"paragraph_2\">Los sospechosos han sido detenidos este martes despu\u00e9s de que la mujer interpusiera una denuncia, y <strong>se encuentran en dependencias policiales<\/strong> a la espera de que este mi\u00e9rcoles el juez tome una decisi\u00f3n sobre su situaci\u00f3n.<\/p>\n<p class=\"paragraph\" id=\"paragraph_3\">El suceso tuvo lugar antes de la medianoche, <strong>en las inmediaciones de la citada carpa universitaria<\/strong>, instalada en la CD Amaya.<\/p>\n<p><img loading=\"lazy\" decoding=\"async\" alt=\"Quique mat\u00f3 a su novia Ainhoa de 19 a\u00f1os en Librilla por querer romper la relaci\u00f3n: \u00e9l ya intent\u00f3 suicidarse en marzo\" height=\"180\" src=\"https:\/\/www.europesays.com\/es\/wp-content\/uploads\/2025\/10\/1003743987097_259593771_320x180.jpg\" width=\"320\" data-lazy-status=\"processed\" data-lazy-info=\"remove loading item 1\"\/><\/p>\n<p class=\"paragraph\" id=\"paragraph_4\">Fuentes cercanas a la investigaci\u00f3n sospechan que la violaci\u00f3n se produjo <strong>en una zona de tiendas de campa\u00f1a<\/strong>, en el camino que baja de Beloso a Caballos de Go\u00f1i.<\/p>\n<p class=\"paragraph\" id=\"paragraph_5\"><strong>La joven fue hallada semiinconsciente<\/strong> bajo un \u00e1rbol, tras lo cual fue llevada a un centro sanitario.<\/p>\n<p class=\"paragraph\" id=\"paragraph_6\">Fuentes policiales explican a EL ESPA\u00d1OL que la investigaci\u00f3n se est\u00e1 sirviendo de las \u00ab<strong>m\u00e1s de 300 c\u00e1maras de vigilancia<\/strong> que se reparten por toda Pamplona\u00bb, y que les pueden ayudar a identificar a los culpables y a reconstruir lo ocurrido.<\/p>\n<p>Punto Morado<\/p>\n<p class=\"paragraph\" id=\"paragraph_7\">La agresi\u00f3n se consum\u00f3 pese a que <strong>el recinto contaba con un Punto Morado<\/strong>: un espacio pensado para que las mujeres puedan denunciar este tipo de incidentes y as\u00ed evitar que se produzcan.<\/p>\n<p class=\"paragraph\" id=\"paragraph_8\">Adem\u00e1s, las citadas fuentes conocedoras del caso critican que \u00abhay<strong> informes realizados por polic\u00edas<\/strong> de esas tiendas de campa\u00f1a a los que el Ayuntamiento ha hecho caso omiso\u00bb.<\/p>\n<p class=\"paragraph\" id=\"paragraph_9\">Al cierre de este art\u00edculo, los agentes municipales que est\u00e1n al frente de la investigaci\u00f3n, siguen custodiando la zona y est\u00e1n\u00a0a la espera de las <strong>pruebas de ADN<\/strong> que se han encargado.<\/p>\n","protected":false},"excerpt":{"rendered":"La Polic\u00eda Municipal de Pamplona investiga a cuatro hombres de origen magreb\u00ed por una agresi\u00f3n sexual a una&hellip;\n","protected":false},"author":2,"featured_media":206002,"comment_status":"","ping_status":"","sticky":false,"template":"","format":"standard","meta":{"footnotes":""},"categories":[5],"tags":[17,18,25,24,13,14,11,19,20,9,10,15,16,1358,9743,4286,23,12,21,22,16595],"class_list":{"0":"post-206001","1":"post","2":"type-post","3":"status-publish","4":"format-standard","5":"has-post-thumbnail","7":"category-titulares","8":"tag-breaking-news","9":"tag-breakingnews","10":"tag-es","11":"tag-espana","12":"tag-featured-news","13":"tag-featurednews","14":"tag-headlines","15":"tag-latest-news","16":"tag-latestnews","17":"tag-news","18":"tag-noticias","19":"tag-noticias-destacadas","20":"tag-noticiasdestacadas","21":"tag-pamplona","22":"tag-region-de-murcia-comunidad","23":"tag-reportajes","24":"tag-spain","25":"tag-titulares","26":"tag-ultimas-noticias","27":"tag-ultimasnoticias","28":"tag-violaciones"},"share_on_mastodon":{"url":"https:\/\/pubeurope.com\/@es\/115453573454022210","error":""},"_links":{"self":[{"href":"https:\/\/www.europesays.com\/es\/wp-json\/wp\/v2\/posts\/206001","targetHints":{"allow":["GET"]}}],"collection":[{"href":"https:\/\/www.europesays.com\/es\/wp-json\/wp\/v2\/posts"}],"about":[{"href":"https:\/\/www.europesays.com\/es\/wp-json\/wp\/v2\/types\/post"}],"author":[{"embeddable":true,"href":"https:\/\/www.europesays.com\/es\/wp-json\/wp\/v2\/users\/2"}],"replies":[{"embeddable":true,"href":"https:\/\/www.europesays.com\/es\/wp-json\/wp\/v2\/comments?post=206001"}],"version-history":[{"count":0,"href":"https:\/\/www.europesays.com\/es\/wp-json\/wp\/v2\/posts\/206001\/revisions"}],"wp:featuredmedia":[{"embeddable":true,"href":"https:\/\/www.europesays.com\/es\/wp-json\/wp\/v2\/media\/206002"}],"wp:attachment":[{"href":"https:\/\/www.europesays.com\/es\/wp-json\/wp\/v2\/media?parent=206001"}],"wp:term":[{"taxonomy":"category","embeddable":true,"href":"https:\/\/www.europesays.com\/es\/wp-json\/wp\/v2\/categories?post=206001"},{"taxonomy":"post_tag","embeddable":true,"href":"https:\/\/www.europesays.com\/es\/wp-json\/wp\/v2\/tags?post=206001"}],"curies":[{"name":"wp","href":"https:\/\/api.w.org\/{rel}","templated":true}]}}