{"id":206005,"date":"2025-10-28T20:06:09","date_gmt":"2025-10-28T20:06:09","guid":{"rendered":"https:\/\/www.europesays.com\/es\/206005\/"},"modified":"2025-10-28T20:06:09","modified_gmt":"2025-10-28T20:06:09","slug":"vinicius-rangel-suspendido-20-meses-por-incumplir-la-normativa-antidopaje","status":"publish","type":"post","link":"https:\/\/www.europesays.com\/es\/206005\/","title":{"rendered":"Vinicius Rangel, suspendido 20 meses por incumplir la normativa antidopaje"},"content":{"rendered":"<p>                        La Uni\u00f3n Ciclista Internacional (UCI) impone una suspensi\u00f3n de 20 meses al ciclista brasile\u00f1o Vinicius Rangel por incumplir la normativa antidopaje\n<\/p>\n<p><img src=\"https:\/\/www.mundodeportivo.com\/files\/image_449_220\/files\/fp\/uploads\/2025\/10\/28\/6901128bd258f.r_d.305-169-7373.jpeg\" data-full-src=\"https:\/\/www.europesays.com\/es\/wp-content\/uploads\/2025\/10\/6901128bd258f.jpeg\" alt=\"Vinicius Rangel, ciclista brasile\u00f1o, actual corredor del equipo Swift\" width=\"449\" height=\"220\" class=\"nolazy\" decoding=\"async\" fetchpriority=\"high\"\/><\/p>\n<p class=\"caption-title \">Vinicius Rangel, ciclista brasile\u00f1o, actual corredor del equipo Swift<\/p>\n<p>Getty<\/p>\n<p>\n                        Actualizado a  28\/10\/2025 20:08 CET\n                    <\/p>\n<p data-gtm-element-container=\"modulo-texto-link\" class=\"paragraph\">La <strong>Uni\u00f3n Ciclista Internacional (UCI)<\/strong>\u00a0ha impuesto una suspensi\u00f3n de 20 meses al ciclista brasile\u00f1o<strong> Vinicius Rangel<\/strong> por incumplir la normativa antidopaje.<\/p>\n<p data-gtm-element-container=\"modulo-texto-link\" class=\"paragraph\">Ex corredor del Movistar, Rangel milita actualmente en el equipo <strong>Swift <\/strong>de categor\u00eda continental y ha sido sancionado al incumplir tres veces las normas antidopaje que obligan a los deportistas profesionales a estar localizables para la realizaci\u00f3n de controles sorpresa cuando los organismos antidopaje as\u00ed lo consideren oportuno.<\/p>\n<p>    Lee tambi\u00e9n<\/p>\n<p data-gtm-element-container=\"modulo-texto-link\" class=\"paragraph\">\u00abLa Uni\u00f3n Ciclista Internacional (UCI) anuncia que el ciclista brasile\u00f1o Vinicius Rangel Costa ha sido sancionado por un per\u00edodo de inelegibilidad de 20 meses tras una violaci\u00f3n de las reglas antidopaje debido a tres fallos de localizaci\u00f3n en un per\u00edodo de 12 meses\u00bb, reza el comunicado de la UCI.<\/p>\n<p data-gtm-element-container=\"modulo-texto-link\" class=\"paragraph\">\u00abDe acuerdo con el <strong>C\u00f3digo Mundial Antidopaje <\/strong>y el <strong>Reglamento Antidopaje de la UCI<\/strong>, el per\u00edodo de inelegibilidad para el corredor comenz\u00f3 el 27 de agosto de 2025 y estar\u00e1 vigente hasta el 26 de abril de 2027&#8243;, concluye la UCI.<\/p>\n<p>\n        Mostrar comentarios\n    <\/p>\n<p>{\u00aballowComment\u00bb:\u00bballowed\u00bb,\u00bbarticleId\u00bb:\u00bbarticle-1002559325&#8243;,\u00bburl\u00bb:\u00bbhttps:\\\/\\\/www.mundodeportivo.com\\\/ciclismo\\\/20251028\\\/1002559325\\\/vinicius-rangel-suspendido-20-meses-incumplir-normativa-antidopaje.html\u00bb,\u00bblivefyre-url\u00bb:\u00bbarticle-1002559325&#8243;}<\/p>\n<p>Cargando siguiente contenido&#8230;\n                <\/p>\n","protected":false},"excerpt":{"rendered":"La Uni\u00f3n Ciclista Internacional (UCI) impone una suspensi\u00f3n de 20 meses al ciclista brasile\u00f1o Vinicius Rangel por incumplir&hellip;\n","protected":false},"author":2,"featured_media":206006,"comment_status":"","ping_status":"","sticky":false,"template":"","format":"standard","meta":{"footnotes":""},"categories":[273],"tags":[313,312,168,25,24,23,167],"class_list":{"0":"post-206005","1":"post","2":"type-post","3":"status-publish","4":"format-standard","5":"has-post-thumbnail","7":"category-ciclismo","8":"tag-ciclismo","9":"tag-cycling","10":"tag-deportes","11":"tag-es","12":"tag-espana","13":"tag-spain","14":"tag-sports"},"share_on_mastodon":{"url":"https:\/\/pubeurope.com\/@es\/115453597023189037","error":""},"_links":{"self":[{"href":"https:\/\/www.europesays.com\/es\/wp-json\/wp\/v2\/posts\/206005","targetHints":{"allow":["GET"]}}],"collection":[{"href":"https:\/\/www.europesays.com\/es\/wp-json\/wp\/v2\/posts"}],"about":[{"href":"https:\/\/www.europesays.com\/es\/wp-json\/wp\/v2\/types\/post"}],"author":[{"embeddable":true,"href":"https:\/\/www.europesays.com\/es\/wp-json\/wp\/v2\/users\/2"}],"replies":[{"embeddable":true,"href":"https:\/\/www.europesays.com\/es\/wp-json\/wp\/v2\/comments?post=206005"}],"version-history":[{"count":0,"href":"https:\/\/www.europesays.com\/es\/wp-json\/wp\/v2\/posts\/206005\/revisions"}],"wp:featuredmedia":[{"embeddable":true,"href":"https:\/\/www.europesays.com\/es\/wp-json\/wp\/v2\/media\/206006"}],"wp:attachment":[{"href":"https:\/\/www.europesays.com\/es\/wp-json\/wp\/v2\/media?parent=206005"}],"wp:term":[{"taxonomy":"category","embeddable":true,"href":"https:\/\/www.europesays.com\/es\/wp-json\/wp\/v2\/categories?post=206005"},{"taxonomy":"post_tag","embeddable":true,"href":"https:\/\/www.europesays.com\/es\/wp-json\/wp\/v2\/tags?post=206005"}],"curies":[{"name":"wp","href":"https:\/\/api.w.org\/{rel}","templated":true}]}}