{"id":206011,"date":"2025-10-28T20:10:11","date_gmt":"2025-10-28T20:10:11","guid":{"rendered":"https:\/\/www.europesays.com\/es\/206011\/"},"modified":"2025-10-28T20:10:11","modified_gmt":"2025-10-28T20:10:11","slug":"repentino-adios-a-la-actriz-esther-uria-a-los-55-anos-la-voz-de-galicia","status":"publish","type":"post","link":"https:\/\/www.europesays.com\/es\/206011\/","title":{"rendered":"Repentino adi\u00f3s a la actriz Esther Ur\u00eda a los 55 a\u00f1os &#8211; La Voz de Galicia"},"content":{"rendered":"<ol>\n<li><a href=\"https:\/\/news.google.com\/rss\/articles\/CBMiygFBVV95cUxQX0tjcElHX3V3TTNMTmlGU01VN1ZEb2Y0bnBmWFZ3SXk0RkU1MWxNSXJZUnQ4dTN2WTZKSEVPQ1ZkOEVSQXlOMkxsZ29KcE5vQmlWZHBVT3pmY1ZKdnlQVVFkMGQ0Mlhldmd1c3VjZzY4bU5HUDk0bjhuTkREVGQ0ajRaRDRHSHRFN0FuV0IzMFlWVGxHb1ljY2ZtdWxEQ0R3eTc2ZGQ0bDEyZ3E5WWRsdzRTQ0dGUUdFa0tCZ2RMb3hJdk41cXB2aVdR0gHmAUFVX3lxTE9jTm8zWWxKcnFfYl9admI4SmVncUNRV2M2YnhXdm5QV0xlLTU5R29PZ3o3UlBOaXJlbnplZS1vSFRzbU5henFyU01hLXJpSTVIM3BvWTIxWG5ETWptQnNNQnRXYkQycFNaRGxTTzM1dHJCUkJCTk1HU0FYVm9FR3F1a3E4cF9XbkZ2aEdoYUs0Y25XcHFDUUVVUXV5MUJUSHA3Z0JMQUFkcWUzVDEzM2VHdE9CUko5eUpoTmphTmpZVnpXdHBmeE1hdjNWTF9fVDRDX1R6akNfVHQ5d0FNci1KOWJhZ0FR?oc=5\" target=\"_blank\" rel=\"nofollow noopener\">Repentino adi\u00f3s a la actriz Esther Ur\u00eda a los 55 a\u00f1os<\/a>&nbsp;&nbsp;La Voz de Galicia<\/li>\n<li><a href=\"https:\/\/news.google.com\/rss\/articles\/CBMiwwFBVV95cUxOZU96eG5BZ1gybnV3WG1peUFtMWtrRkt0akxYRVpBc25vbWJ6YkVPNGt4OGxlZUtVT01zbi1DaWh1cVpUZ3A5ZE9VSWQ4SFJlNVcwcUpEM0lHalBKei1zNXh6Mk80MVRCSVVzeW5HUjdBeGoxMWRMTmpQTkNPYndfSVpjMUo2NF9yb1UtZ244MjhGdE9EQVdfYU4wbElkR2xOblhVZnExeWoyNHFhMWR0S21SMjctUVdrZkUxYzhoSEcxdWc?oc=5\" target=\"_blank\" rel=\"nofollow noopener\">Muere a los 55 a\u00f1os Esther Uria, actriz de \u2018Cu\u00e9ntame c\u00f3mo pas\u00f3\u2019 y \u2018Hospital Central\u2019<\/a>&nbsp;&nbsp;EL PA\u00cdS<\/li>\n<li><a href=\"https:\/\/news.google.com\/rss\/articles\/CBMinwFBVV95cUxQSUlsWU9GMmhPaXAwUldEckNyTlpJU2NoR25GNHR1NlQyN1cyMS1qU3hvMnJmQ3IxY3dCekNLYTh4b2hmX1pYdkdXcE5qaFB6cERmLVQtSjJjdnVleGttVUxQQ2EtSkk1NTlfT2RqcWRXSkVfX21lclp2NFFkU2ZUZlNHV1ZoZnltOUVuNk9yTTJ2S1U3YkhVNDJuUk5YT3M?oc=5\" target=\"_blank\" rel=\"nofollow noopener\">Muere la actriz Esther Uria, de \u00abCu\u00e9ntame c\u00f3mo pas\u00f3\u00bb y \u00abHospital Central\u00bb<\/a>&nbsp;&nbsp;La Regi\u00f3n<\/li>\n<li><a href=\"https:\/\/news.google.com\/rss\/articles\/CBMirwFBVV95cUxNby05RTBILTFYcjhfSW91R2dyM3h0Mi1fTEFQSEJKMWd1R2psM2RnQ0ZIQjNnVXRrS1RhQTlzWU44eWh1X3JmZjVfZXQ3NW9uTnRDS05HUVlhUnhRc1Mzdk5HQzF5c01HOEhIUXdQLVoyM29SdjA2cFZQbUxDaHdSWUNuUGhySWFPaVdOb0RZR0xRelpaWmFoTFBMR3ZRazZROUppODd0aHpObHJpa3dn?oc=5\" target=\"_blank\" rel=\"nofollow noopener\">El lado personal de la actriz Esther Uria, fallecida a los 55 a\u00f1os: de &#8216;Cu\u00e9ntame&#8217; y &#8216;Hospital Central&#8217; a su salto como profesora<\/a>&nbsp;&nbsp;vanitatis.elconfidencial.com<\/li>\n<li><a href=\"https:\/\/news.google.com\/rss\/articles\/CBMiogFBVV95cUxNUlVmM25mYnh4MENBUWxYYjRwelJ5QU84d3I2U0hjUTYta3NTX01oZURQNS1vSVJsUGducGVkTEZ5WnVxNkRvX19qZ0E3MWpLd0Q5dGZMNG9jRzN1VTBabXY3QlVYVEszVm5BOG54Y0NQVzhwNUliRUJvc2NWWU5ma3RaV3JCaG1kd1BwRkl3dTlGSm9DeDVvR3kxUEJKUWFpSlE?oc=5\" target=\"_blank\" rel=\"nofollow noopener\">Muere la actriz Esther Uria a los 55 a\u00f1os<\/a>&nbsp;&nbsp;El Norte de Castilla<\/li>\n<\/ol>\n","protected":false},"excerpt":{"rendered":"Repentino adi\u00f3s a la actriz Esther Ur\u00eda a los 55 a\u00f1os&nbsp;&nbsp;La Voz de Galicia Muere a los 55&hellip;\n","protected":false},"author":2,"featured_media":206012,"comment_status":"","ping_status":"","sticky":false,"template":"","format":"standard","meta":{"footnotes":""},"categories":[174],"tags":[255,146,147,25,24,256,724,23],"class_list":{"0":"post-206011","1":"post","2":"type-post","3":"status-publish","4":"format-standard","5":"has-post-thumbnail","7":"category-famosos","8":"tag-celebrities","9":"tag-entertainment","10":"tag-entretenimiento","11":"tag-es","12":"tag-espana","13":"tag-famosos","14":"tag-obituarios","15":"tag-spain"},"share_on_mastodon":{"url":"https:\/\/pubeurope.com\/@es\/115453612765956529","error":""},"_links":{"self":[{"href":"https:\/\/www.europesays.com\/es\/wp-json\/wp\/v2\/posts\/206011","targetHints":{"allow":["GET"]}}],"collection":[{"href":"https:\/\/www.europesays.com\/es\/wp-json\/wp\/v2\/posts"}],"about":[{"href":"https:\/\/www.europesays.com\/es\/wp-json\/wp\/v2\/types\/post"}],"author":[{"embeddable":true,"href":"https:\/\/www.europesays.com\/es\/wp-json\/wp\/v2\/users\/2"}],"replies":[{"embeddable":true,"href":"https:\/\/www.europesays.com\/es\/wp-json\/wp\/v2\/comments?post=206011"}],"version-history":[{"count":0,"href":"https:\/\/www.europesays.com\/es\/wp-json\/wp\/v2\/posts\/206011\/revisions"}],"wp:featuredmedia":[{"embeddable":true,"href":"https:\/\/www.europesays.com\/es\/wp-json\/wp\/v2\/media\/206012"}],"wp:attachment":[{"href":"https:\/\/www.europesays.com\/es\/wp-json\/wp\/v2\/media?parent=206011"}],"wp:term":[{"taxonomy":"category","embeddable":true,"href":"https:\/\/www.europesays.com\/es\/wp-json\/wp\/v2\/categories?post=206011"},{"taxonomy":"post_tag","embeddable":true,"href":"https:\/\/www.europesays.com\/es\/wp-json\/wp\/v2\/tags?post=206011"}],"curies":[{"name":"wp","href":"https:\/\/api.w.org\/{rel}","templated":true}]}}