{"id":206021,"date":"2025-10-28T20:16:10","date_gmt":"2025-10-28T20:16:10","guid":{"rendered":"https:\/\/www.europesays.com\/es\/206021\/"},"modified":"2025-10-28T20:16:10","modified_gmt":"2025-10-28T20:16:10","slug":"maracena-valencia-alineaciones-del-partido","status":"publish","type":"post","link":"https:\/\/www.europesays.com\/es\/206021\/","title":{"rendered":"Maracena &#8211; Valencia: Alineaciones del partido"},"content":{"rendered":"<p class=\"ft-text\">Con el <strong>Valencia CF<\/strong> en puestos de descenso tras los resultados de la \u00faltima jornada, llega el par\u00e9ntesis copero. Un partido sencillo en el que los jugadores con menos minutos podr\u00e1n <a class=\"ft-link ft-link--decoration\" href=\"https:\/\/www.superdeporte.es\/valencia-cf\/2025\/10\/28\/directo-maracena-valencia-copa-rey-123061525.html\" target=\"_blank\" rel=\"nofollow noopener\">lucirse y golear al d\u00e9bil Maracena<\/a> y, de paso, romper la mala racha de resultados que arrastra el cuadro de Corber\u00e1n.<\/p>\n<p class=\"ft-text\">Los blanquinegros, que tienen la visita al <a class=\"ft-link ft-link--decoration\" href=\"https:\/\/www.superdeporte.es\/tags\/santiago-bernabeu\/\" target=\"_blank\" rel=\"nofollow noopener\"><strong>Santiago Bernab\u00e9u<\/strong><\/a><strong> en el horizonte<\/strong>, tendr\u00e1n que hacer escala en la localidad granadina de Maracena en un partido que ser\u00e1 una fiesta para el municipio de 18.900 habitanes que sue\u00f1a con ver a los suyos &#8216;tumbando&#8217; a un Primera Divisi\u00f3n. La probabilidad es similar a que toque una buena millonada en Euromillones, pero todo podr\u00eda pasar.<\/p>\n<p class=\"ft-text\">En la porter\u00eda est\u00e1 claro que juega <a class=\"ft-link ft-link--decoration\" href=\"https:\/\/www.superdeporte.es\/tags\/stole-dimitrievski\/\" target=\"_blank\" rel=\"nofollow noopener\"><strong>Dimitrievski<\/strong><\/a><strong>, portero de Copa esta temporada<\/strong>. Jes\u00fas V\u00e1zquez e Iranzo ser\u00e1n los laterales titulares, aunque Gay\u00e0 y Thierry estar\u00e1n en el banquillo. C\u00f6mert ser\u00e1 un fijo copero y, junto a \u00e9l, se colocar\u00e1 Panach. Santamar\u00eda regresa al once para ser el pivote defensivo y hacer de escudero de Javi Guerra y Andr\u00e9 Almeida. En ataque regresa Raba, que estar\u00e1 acompa\u00f1ado por Otorni y Hugo Duro.<\/p>\n<p>Alineaciones oficiales del Maracena &#8211; Valencia<\/p>\n<p class=\"ft-text\"><strong>Maracena:<\/strong> Garc\u00eda; Alarc\u00f3n, Maldonado, Salvatierra, Juanjo; Marfil, Sabaca, Fal\u00edn, Romero; Osuna y Fern\u00e1ndez<\/p>\n<p class=\"ft-text\"><strong>Valencia CF:<\/strong> Dimitrievski; Jes\u00fas V\u00e1zquez, C\u00f6mert, Panach, Iranzo; Santamar\u00eda, Javi Guerra, Almeida; Otorbi, <a class=\"ft-link ft-link--decoration\" href=\"https:\/\/www.superdeporte.es\/tags\/dani-raba\/\" target=\"_blank\" rel=\"nofollow noopener\">Raba<\/a> y Hugo Duro.<\/p>\n","protected":false},"excerpt":{"rendered":"Con el Valencia CF en puestos de descenso tras los resultados de la \u00faltima jornada, llega el par\u00e9ntesis&hellip;\n","protected":false},"author":2,"featured_media":206022,"comment_status":"","ping_status":"","sticky":false,"template":"","format":"standard","meta":{"footnotes":""},"categories":[93],"tags":[4659,2493,1941,18448,168,25,24,27896,18446,38778,46410,1045,13663,23,167,235],"class_list":{"0":"post-206021","1":"post","2":"type-post","3":"status-publish","4":"format-standard","5":"has-post-thumbnail","7":"category-deportes","8":"tag-alineacion","9":"tag-copa","10":"tag-copa-del-rey","11":"tag-dani-raba","12":"tag-deportes","13":"tag-es","14":"tag-espana","15":"tag-hugo-duro","16":"tag-javi-guerra","17":"tag-jesus-vazquez","18":"tag-maracena","19":"tag-partido","20":"tag-santiago-bernabeu","21":"tag-spain","22":"tag-sports","23":"tag-valencia"},"share_on_mastodon":{"url":"https:\/\/pubeurope.com\/@es\/115453636485229585","error":""},"_links":{"self":[{"href":"https:\/\/www.europesays.com\/es\/wp-json\/wp\/v2\/posts\/206021","targetHints":{"allow":["GET"]}}],"collection":[{"href":"https:\/\/www.europesays.com\/es\/wp-json\/wp\/v2\/posts"}],"about":[{"href":"https:\/\/www.europesays.com\/es\/wp-json\/wp\/v2\/types\/post"}],"author":[{"embeddable":true,"href":"https:\/\/www.europesays.com\/es\/wp-json\/wp\/v2\/users\/2"}],"replies":[{"embeddable":true,"href":"https:\/\/www.europesays.com\/es\/wp-json\/wp\/v2\/comments?post=206021"}],"version-history":[{"count":0,"href":"https:\/\/www.europesays.com\/es\/wp-json\/wp\/v2\/posts\/206021\/revisions"}],"wp:featuredmedia":[{"embeddable":true,"href":"https:\/\/www.europesays.com\/es\/wp-json\/wp\/v2\/media\/206022"}],"wp:attachment":[{"href":"https:\/\/www.europesays.com\/es\/wp-json\/wp\/v2\/media?parent=206021"}],"wp:term":[{"taxonomy":"category","embeddable":true,"href":"https:\/\/www.europesays.com\/es\/wp-json\/wp\/v2\/categories?post=206021"},{"taxonomy":"post_tag","embeddable":true,"href":"https:\/\/www.europesays.com\/es\/wp-json\/wp\/v2\/tags?post=206021"}],"curies":[{"name":"wp","href":"https:\/\/api.w.org\/{rel}","templated":true}]}}