{"id":206023,"date":"2025-10-28T20:17:08","date_gmt":"2025-10-28T20:17:08","guid":{"rendered":"https:\/\/www.europesays.com\/es\/206023\/"},"modified":"2025-10-28T20:17:08","modified_gmt":"2025-10-28T20:17:08","slug":"entrenar-la-fuerza-para-reducir-el-riesgo-de-ictus","status":"publish","type":"post","link":"https:\/\/www.europesays.com\/es\/206023\/","title":{"rendered":"Entrenar la fuerza para reducir el riesgo de ictus"},"content":{"rendered":"<p>\n        El <strong>ejercicio aer\u00f3bico <\/strong>\u2013salir a andar, a correr, ir a nadar&#8230;\u2013 se ha considerado siempre como la modalidad deportiva m\u00e1s <strong>beneficiosa<\/strong>. Sin embargo, la <a href=\"https:\/\/www.noticiasdenavarra.com\/tags\/fundacion-adacen\/\" title=\"Asociaci\u00f3n de Da\u00f1o Cerebral de Navarra\" class=\"link copy\" rel=\"nofollow noopener\" target=\"_blank\">Asociaci\u00f3n de Da\u00f1o Cerebral de Navarra<\/a> (Adacen) revela que existen m\u00e1s de <strong>90 estudios internacionales<\/strong> donde se demuestra que la pr\u00e1ctica de <strong>ejercicios de fuerza<\/strong> reduce significativamente el <strong>riesgo <\/strong>de padecer enfermedades <strong>cardiovasculares <\/strong>y <strong>cerebrovasculares<\/strong>, entre otros beneficios.\n<\/p>\n<p class=\"article-body__text \">\n        Con motivo del <strong>D\u00eda Mundial del Ictus<\/strong>, que se celebra ma\u00f1ana, 29 de octubre, <strong>sanitarios <\/strong>de Navarra especializados en la atenci\u00f3n a pacientes con esta patolog\u00eda se han reunido esta tarde, de la mano de Adacen, en el <strong>gimnasio al aire libre del parque Luis Ibero de Zizur Mayor<\/strong>, para promover el entrenamiento de fuerza que, seg\u00fan <strong>Roberto Mu\u00f1oz<\/strong>, m\u00e9dico de la Unidad de Ictus del Hospital Universitario de Navarra (HUN),<strong> \u201cse podr\u00eda considerar uno de los mejores f\u00e1rmacos posibles\u201d<\/strong>. Por un lado, <strong>\u201cpreviene la diabetes, la hipertensi\u00f3n y mejora el sistema cardiovascular\u201d<\/strong>. Por otro, <strong>\u201ctiene grandes beneficios a nivel cognitivo<\/strong> y mejora el<strong> estado emocional <\/strong>de los pacientes que ya han sufrido un ictus, de los cuales el <strong>30% <\/strong>desarrolla un <strong>trastorno depresivo<\/strong>\u201d.\n<\/p>\n<p class=\"article-body__text \">\n        Por eso, los profesionales coinciden en que espacios de entrenamiento como el de Zizur<strong> \u201csalvan vidas\u201d<\/strong>. \u201cMuchas personas no se atreven a ir a un gimnasio por <strong>verg\u00fcenza<\/strong>, por sentir que son <strong>demasiado mayores<\/strong> o por <strong>no poder coste\u00e1rselo<\/strong>\u201d, apunta Mu\u00f1oz. \u201cSin embargo, gracias a estas instalaciones al aire libre, <strong>no hay lugar para las excusas<\/strong>\u201d, se\u00f1ala.\n<\/p>\n<p class=\"article-body__text \">\n        Adem\u00e1s, a\u00f1ade, \u201cla <strong>musculatura <\/strong>se encarga de <strong>sostener el cuerpo<\/strong>, por lo que ejercitarla y desarrollarla es fundamental, sobre todo cuando<strong> nos hacemos mayores<\/strong>, porque <strong>perdemos masa muscular y densidad \u00f3sea<\/strong>\u201d. En definitiva, resume, \u201cal ejercitar el m\u00fasculo, se <strong>segregan una serie de sustancias <\/strong>que producen efectos positivos a distintos niveles\u201d. Se trata, en su opini\u00f3n, \u201c<strong>del f\u00e1rmaco perfecto, el que sirve para todo, sin efectos secundarios y, adem\u00e1s, se produce de forma natural por nuestro cuerpo\u201d<\/strong>.\n<\/p>\n<p class=\"article-body__text \">\n        No obstante, el facultativo recuerda que es importante que esta pr\u00e1ctica \u201cse realice de forma <strong>supervisada<\/strong>\u201d.<strong> Gema S\u00e1nchez<\/strong>, fisioterapeuta de Adacen, recuerda que <strong>\u201cel entrenamiento de fuerza<\/strong> se debe hacer de<strong> manera pautada, individualizada y progresiva, <\/strong>sobre todo en<strong> pacientes neurol\u00f3gicos.<\/strong> Hay que<strong> ajustar las cargas <\/strong>y <strong>conocer el historial cl\u00ednico\u201d<\/strong>.\n<\/p>\n<p class=\"article-body__text \">\n        Tal y como detalla S\u00e1nchez, \u201cel trabajo de fuerza ayuda a la <strong>recuperaci\u00f3n <\/strong>y <strong>rehabilitaci\u00f3n <\/strong>de los pacientes\u201d. Antes, explica, \u201cse trabajaba mucho la <strong>marcha<\/strong>, la <strong>simetr\u00eda <\/strong>o el <strong>equilibrio<\/strong>, pero ganar fuerza les permite<strong> avanzar mucho m\u00e1s r\u00e1pido<\/strong> y ser mucho<strong> m\u00e1s aut\u00f3nomos e independientes<\/strong>\u201d. En conclusi\u00f3n, el desarrollo de la musculatura tiene una <strong>repercusi\u00f3n funcional<\/strong> en los pacientes que<strong> mejora su calidad de vida<\/strong>. \u201cAl final, lo que importa es que esa fuerza se traduzca, por ejemplo, en un <strong>atado de zapatillas m\u00e1s c\u00f3modo<\/strong> o una <strong>subida de escaleras m\u00e1s r\u00e1pida<\/strong>\u201d, concluye la sanitaria.\n<\/p>\n<p>        \u201cGanar fuerza acelera la recuperaci\u00f3n y aumenta la autonom\u00eda de los pacientes\u201d<\/p>\n<p class=\"article-quote__author\">Gema S\u00e1nchez &#8211; Fisioterapeuta de Adacen<\/p>\n<p>  El ictus en Navarra <\/p>\n<p class=\"article-body__text \">\n        Cada a\u00f1o se diagnostican en Navarra m\u00e1s de <strong>1.000 nuevos casos<\/strong> de ictus, seg\u00fan datos del Servicio Navarro de Salud-Osasunbidea. Se trata de una de las<strong> principales causas de mortalidad<\/strong> <strong>y<\/strong> <strong>discapacidad <\/strong>adquirida en adultos. Aunque la incidencia ha descendido significativamente en los \u00faltimos a\u00f1os, situando a la Comunidad Foral entre las regiones europeas con tasas m\u00e1s bajas, el ictus sigue siendo una de las principales causas de discapacidad. En este contexto, aunque factores como la <strong>edad <\/strong>o la <strong>gen\u00e9tica <\/strong>influyen, Mu\u00f1oz recuerda que<strong> \u201centre el 80 y el 90% de los ictus se podr\u00edan prevenir con h\u00e1bitos de vida saludables\u201d<\/strong>.<\/p>\n","protected":false},"excerpt":{"rendered":"El ejercicio aer\u00f3bico \u2013salir a andar, a correr, ir a nadar&#8230;\u2013 se ha considerado siempre como la modalidad&hellip;\n","protected":false},"author":2,"featured_media":206024,"comment_status":"","ping_status":"","sticky":false,"template":"","format":"standard","meta":{"footnotes":""},"categories":[92],"tags":[19324,25,24,8720,165,12369,9952,1288,166,23],"class_list":{"0":"post-206023","1":"post","2":"type-post","3":"status-publish","4":"format-standard","5":"has-post-thumbnail","7":"category-salud","8":"tag-entrenar","9":"tag-es","10":"tag-espana","11":"tag-fuerza","12":"tag-health","13":"tag-ictus","14":"tag-reducir","15":"tag-riesgo","16":"tag-salud","17":"tag-spain"},"share_on_mastodon":{"url":"https:\/\/pubeurope.com\/@es\/115453640357068858","error":""},"_links":{"self":[{"href":"https:\/\/www.europesays.com\/es\/wp-json\/wp\/v2\/posts\/206023","targetHints":{"allow":["GET"]}}],"collection":[{"href":"https:\/\/www.europesays.com\/es\/wp-json\/wp\/v2\/posts"}],"about":[{"href":"https:\/\/www.europesays.com\/es\/wp-json\/wp\/v2\/types\/post"}],"author":[{"embeddable":true,"href":"https:\/\/www.europesays.com\/es\/wp-json\/wp\/v2\/users\/2"}],"replies":[{"embeddable":true,"href":"https:\/\/www.europesays.com\/es\/wp-json\/wp\/v2\/comments?post=206023"}],"version-history":[{"count":0,"href":"https:\/\/www.europesays.com\/es\/wp-json\/wp\/v2\/posts\/206023\/revisions"}],"wp:featuredmedia":[{"embeddable":true,"href":"https:\/\/www.europesays.com\/es\/wp-json\/wp\/v2\/media\/206024"}],"wp:attachment":[{"href":"https:\/\/www.europesays.com\/es\/wp-json\/wp\/v2\/media?parent=206023"}],"wp:term":[{"taxonomy":"category","embeddable":true,"href":"https:\/\/www.europesays.com\/es\/wp-json\/wp\/v2\/categories?post=206023"},{"taxonomy":"post_tag","embeddable":true,"href":"https:\/\/www.europesays.com\/es\/wp-json\/wp\/v2\/tags?post=206023"}],"curies":[{"name":"wp","href":"https:\/\/api.w.org\/{rel}","templated":true}]}}