{"id":206025,"date":"2025-10-28T20:18:05","date_gmt":"2025-10-28T20:18:05","guid":{"rendered":"https:\/\/www.europesays.com\/es\/206025\/"},"modified":"2025-10-28T20:18:05","modified_gmt":"2025-10-28T20:18:05","slug":"orgullo-en-malaga-por-el-premio-nacional-de-la-letras-a-maria-victoria-atencia","status":"publish","type":"post","link":"https:\/\/www.europesays.com\/es\/206025\/","title":{"rendered":"Orgullo en M\u00e1laga por el Premio Nacional de la Letras a Mar\u00eda Victoria Atencia"},"content":{"rendered":"<p style=\"\">El mundo de la cultura y la pol\u00edtica en M\u00e1laga ha reaccionado con \u00ab<strong>orgullo<\/strong>\u00bb este martes 28 de octubre al conocer la concesi\u00f3n del Premio Nacional de las Letras 2025 a la poeta malague\u00f1a Mar\u00eda Victoria Atencia. Representantes institucionales han utilizado la red social  &#8230; X para celebrar el galard\u00f3n, consider\u00e1ndolo un <strong>hito<\/strong> para la <strong>provincia<\/strong>.<\/p>\n<p class=\"voc-p\" style=\"\">El galard\u00f3n, que concede el Ministerio de Cultura desde 1984, reconoce el conjunto de la obra literaria de un autor vivo y est\u00e1 dotado con 50.000 euros. Atencia, nacida en M\u00e1laga en 1931 y figura clave del grupo po\u00e9tico de los a\u00f1os 50, ha sido premiada por una obra que, seg\u00fan el jurado, \u00abposee y recrea la <strong>esencia de la vida<\/strong>\u00bb. Este premio se suma a otros grandes reconocimientos en su carrera, como el <strong>Premio Reina Sof\u00eda<\/strong> de Poes\u00eda Iberoamericana.<\/p>\n<blockquote class=\"twitter-tweet\" data-width=\"550\">\n<p lang=\"es\" dir=\"ltr\">Enhorabuena a Mar\u00eda Victoria Atencia, galardonada con el Premio Nacional de las Letras 2025. <br \/>Una voz imprescindible de la poes\u00eda espa\u00f1ola que llena de orgullo a toda la provincia de M\u00e1laga.<br \/>Gracias por la emoci\u00f3n y la belleza. <a href=\"https:\/\/t.co\/jIWahyh50o\" rel=\"nofollow\">pic.twitter.com\/jIWahyh50o<\/a><\/p>\n<p>\u2014 Diputaci\u00f3n de M\u00e1laga (@diputacionMLG) <a href=\"https:\/\/twitter.com\/diputacionMLG\/status\/1983226184822403420?ref_src=twsrc%5Etfw\" rel=\"nofollow noopener\" target=\"_blank\">October 28, 2025<\/a><\/p><\/blockquote>\n<p class=\"voc-p\" style=\"\">La Diputaci\u00f3n de M\u00e1laga ha sido una de las primeras en reaccionar, calificando a Atencia como \u00abuna <strong>voz imprescindible<\/strong> de la <strong>poes\u00eda espa\u00f1ola<\/strong> que llena de orgullo a toda la provincia\u00bb. En la misma l\u00ednea, el presidente de la instituci\u00f3n, Francisco Salado, ha recalcado que \u00abM\u00e1laga entera se llena de <strong>orgullo<\/strong>\u00bb por el premio. Salado ha subrayado que la obra de la poeta \u00abes un aut\u00e9ntico <strong>legado<\/strong> para todos los que amamos la poes\u00eda\u00bb y le ha dado las gracias por \u00abser un referente\u00bb.<\/p>\n<p class=\"voc-p\" style=\"\">Desde la capital, el alcalde de M\u00e1laga, Francisco de la Torre, ha hecho p\u00fablica su \u00abm\u00e1s sincera felicitaci\u00f3n\u00bb a la poeta. A trav\u00e9s de su cuenta personal, De la Torre ha afirmado que este reconocimiento \u00abpone en valor una <strong>trayectoria literaria ejemplar<\/strong>, marcada por la sensibilidad, la elegancia y el compromiso con la cultura\u00bb.<\/p>\n<p class=\"voc-p\" style=\"\">Las felicitaciones se han extendido a otros miembros de la corporaci\u00f3n municipal. El concejal de Cultura, Manuel L\u00f3pez Mestanza, tambi\u00e9n ha celebrado la noticia: \u00ab\u00a1Felicidades a Mar\u00eda Victoria Atencia!\u00bb, ha publicado, destacando que su poes\u00eda \u00absigue <strong>inspirando<\/strong> y emocionando\u00bb.<\/p>\n<p class=\"voc-p\" style=\"\">La oleada de felicitaciones, un\u00e1nime entre las instituciones malague\u00f1as, subraya la profunda<strong> admiraci\u00f3n y el respeto<\/strong> que genera la figura de Mar\u00eda Victoria Atencia en su tierra natal. Con este Premio Nacional, la poeta no solo recibe el m\u00e1ximo reconocimiento a una <strong>vida dedicada<\/strong> a las letras, sino que consolida a <strong>M\u00e1laga<\/strong> como cuna de <strong>referentes<\/strong> indiscutibles de la<strong> cultura espa\u00f1ola<\/strong>.<\/p>\n<p><script async src=\"https:\/\/platform.twitter.com\/widgets.js\" charset=\"utf-8\"><\/script><\/p>\n","protected":false},"excerpt":{"rendered":"El mundo de la cultura y la pol\u00edtica en M\u00e1laga ha reaccionado con \u00aborgullo\u00bb este martes 28 de&hellip;\n","protected":false},"author":2,"featured_media":206026,"comment_status":"","ping_status":"","sticky":false,"template":"","format":"standard","meta":{"footnotes":""},"categories":[91],"tags":[56266,146,147,25,24,5131,3855,1932,813,5602,843,23,1261],"class_list":{"0":"post-206025","1":"post","2":"type-post","3":"status-publish","4":"format-standard","5":"has-post-thumbnail","7":"category-entretenimiento","8":"tag-atencia","9":"tag-entertainment","10":"tag-entretenimiento","11":"tag-es","12":"tag-espana","13":"tag-letras","14":"tag-malaga","15":"tag-maria","16":"tag-nacional","17":"tag-orgullo","18":"tag-premio","19":"tag-spain","20":"tag-victoria"},"share_on_mastodon":{"url":"https:\/\/pubeurope.com\/@es\/115453644356995255","error":""},"_links":{"self":[{"href":"https:\/\/www.europesays.com\/es\/wp-json\/wp\/v2\/posts\/206025","targetHints":{"allow":["GET"]}}],"collection":[{"href":"https:\/\/www.europesays.com\/es\/wp-json\/wp\/v2\/posts"}],"about":[{"href":"https:\/\/www.europesays.com\/es\/wp-json\/wp\/v2\/types\/post"}],"author":[{"embeddable":true,"href":"https:\/\/www.europesays.com\/es\/wp-json\/wp\/v2\/users\/2"}],"replies":[{"embeddable":true,"href":"https:\/\/www.europesays.com\/es\/wp-json\/wp\/v2\/comments?post=206025"}],"version-history":[{"count":0,"href":"https:\/\/www.europesays.com\/es\/wp-json\/wp\/v2\/posts\/206025\/revisions"}],"wp:featuredmedia":[{"embeddable":true,"href":"https:\/\/www.europesays.com\/es\/wp-json\/wp\/v2\/media\/206026"}],"wp:attachment":[{"href":"https:\/\/www.europesays.com\/es\/wp-json\/wp\/v2\/media?parent=206025"}],"wp:term":[{"taxonomy":"category","embeddable":true,"href":"https:\/\/www.europesays.com\/es\/wp-json\/wp\/v2\/categories?post=206025"},{"taxonomy":"post_tag","embeddable":true,"href":"https:\/\/www.europesays.com\/es\/wp-json\/wp\/v2\/tags?post=206025"}],"curies":[{"name":"wp","href":"https:\/\/api.w.org\/{rel}","templated":true}]}}