{"id":206030,"date":"2025-10-28T20:21:11","date_gmt":"2025-10-28T20:21:11","guid":{"rendered":"https:\/\/www.europesays.com\/es\/206030\/"},"modified":"2025-10-28T20:21:11","modified_gmt":"2025-10-28T20:21:11","slug":"escenas-de-guerra-en-rio-de-janeiro-drones-y-mas-de-60-muertos-en-enfrentamiento-entre-el-crimen-organizado-y-la-policia","status":"publish","type":"post","link":"https:\/\/www.europesays.com\/es\/206030\/","title":{"rendered":"Escenas de guerra en R\u00edo de Janeiro: drones y m\u00e1s de 60 muertos en enfrentamiento entre el crimen organizado y la polic\u00eda"},"content":{"rendered":"<p>      CNN Espa\u00f1ol<br \/>\n        \u00a0\u2014\u00a0<\/p>\n<p class=\"paragraph inline-placeholder vossi-paragraph\" data-uri=\"es.cms.cnn.com\/_components\/paragraph\/instances\/cmhajmmu8002r27p6cfek69zc@published\" data-editable=\"text\" data-component-name=\"paragraph\" data-article-gutter=\"true\">\n            Las autoridades de R\u00edo de Janeiro lanzaron este martes un masivo despliegue de fuerzas de seguridad en la zona norte de la ciudad, con el objetivo de \u201ccombatir la expansi\u00f3n territorial\u201d del grupo criminal Comando Vermelho, que fue respondido con un ataque desde un dron, seg\u00fan inform\u00f3 el gobierno estatal.\n    <\/p>\n<p class=\"paragraph inline-placeholder vossi-paragraph\" data-uri=\"es.cms.cnn.com\/_components\/paragraph\/instances\/cmhawoiwj0000356nmgq3zrt0@published\" data-editable=\"text\" data-component-name=\"paragraph\" data-article-gutter=\"true\">\n            Al menos 64 personas murieron, incluyendo cuatro pol\u00edcias, en el operativo, seg\u00fan dijeron las fuerzas <a href=\"https:\/\/www.cnnbrasil.com.br\/nacional\/sudeste\/rj\/operacao-no-alemao-deixa-mortos\/\" target=\"_blank\" rel=\"nofollow noopener\">de seguridad a CNN Brasil.<\/a> Hay adem\u00e1s al menos 81 detenidos, de acuerdo con un <a href=\"https:\/\/x.com\/PCERJ\/status\/1983195197875044674\" target=\"_blank\" rel=\"nofollow\">reporte <\/a>de la Polic\u00eda de R\u00edo de Janeiro.\n    <\/p>\n<p class=\"paragraph inline-placeholder vossi-paragraph\" data-uri=\"es.cms.cnn.com\/_components\/paragraph\/instances\/cmhaqobu10000356n90d78qm6@published\" data-editable=\"text\" data-component-name=\"paragraph\" data-article-gutter=\"true\">\n            El gobernador del estado de R\u00edo de Janeiro, Cl\u00e1udio Castro, aclar\u00f3 a la prensa que los balances son parciales porque el operativo, uno de los m\u00e1s sangrientos en la historia de R\u00edo, contin\u00faa. Castro agreg\u00f3 que se trata de \u201cla mayor\u201d operaci\u00f3n realizada contra el Comando Vermelho, que junto con el Primer Comando de la Capital (PCC) es una de las m\u00e1s activas bandas del narcotr\u00e1fico de Brasil.\n    <\/p>\n<p class=\"paragraph inline-placeholder vossi-paragraph\" data-uri=\"es.cms.cnn.com\/_components\/paragraph\/instances\/cmhajn58p0004356np6bdhrxy@published\" data-editable=\"text\" data-component-name=\"paragraph\" data-article-gutter=\"true\">\n            M\u00e1s de 2.500 polic\u00edas civiles y militares participan en la Operaci\u00f3n Contenci\u00f3n que se realiza en los complejos de Alem\u00e3o y Penha, y deja al menos 81 detenidos, seg\u00fan el <a href=\"https:\/\/x.com\/PCERJ\/status\/1983195197875044674\" target=\"_blank\" rel=\"nofollow\">cuarto balance<\/a> en lo que va de la jornada.\n    <\/p>\n<p>       <img decoding=\"async\" src=\"https:\/\/www.europesays.com\/es\/wp-content\/uploads\/2025\/10\/84fd63114d5badd2c22217e6e0f2d77f5db3479aw.jpg\" alt=\"Integrantes de la Polic\u00eda de R\u00edo de Janeiro trasladan a un grupo de personas durante un operativo este martes.\" class=\"image__dam-img image__dam-img--loading\" onload=\"this.classList.remove('image__dam-img--loading')\" onerror=\"imageLoadError(this)\" height=\"1280\" width=\"1920\" loading=\"lazy\"\/><\/p>\n<p class=\"paragraph inline-placeholder vossi-paragraph\" data-uri=\"es.cms.cnn.com\/_components\/paragraph\/instances\/cmhajn58p0005356nwqky67b4@published\" data-editable=\"text\" data-component-name=\"paragraph\" data-article-gutter=\"true\">\n            \u201cEn represalia, los delincuentes utilizaron drones para atacar a los polic\u00edas en el Complejo de Penha\u201d, indicaron las autoridades, que <a href=\"https:\/\/x.com\/GovRJ\/status\/1983119476825698335\" target=\"_blank\" rel=\"nofollow\">compartieron<\/a> un video que muestra a un dispositivo disparar un proyectil desde el cielo. El informe no detall\u00f3 el impacto de la ofensiva.\n    <\/p>\n<p class=\"paragraph inline-placeholder vossi-paragraph\" data-uri=\"es.cms.cnn.com\/_components\/paragraph\/instances\/cmhajn58p0006356nwu8r7vss@published\" data-editable=\"text\" data-component-name=\"paragraph\" data-article-gutter=\"true\">\n            \u201cA pesar de los ataques, las fuerzas de seguridad siguen firmes en la lucha contra la delincuencia\u201d, agreg\u00f3 el gobierno estatal.\n    <\/p>\n<p class=\"paragraph inline-placeholder vossi-paragraph\" data-uri=\"es.cms.cnn.com\/_components\/paragraph\/instances\/cmhajn58p0007356n6m2e1heb@published\" data-editable=\"text\" data-component-name=\"paragraph\" data-article-gutter=\"true\">\n            Al respecto, el gobernador Castro <a href=\"https:\/\/x.com\/claudiocastroRJ\/status\/1983132405645852872\" target=\"_blank\" rel=\"nofollow\">expres\u00f3<\/a>: \u201cEs el tama\u00f1o del desaf\u00edo al que nos enfrentamos; ya no es crimen com\u00fan, es narcoterrorismo\u201d. Tambi\u00e9n pidi\u00f3 a la poblaci\u00f3n de los barrios afectados que permanezcan dentro de sus casas mientras se desarrolla la operaci\u00f3n.\n    <\/p>\n<blockquote class=\"twitter__tweet\">\n<blockquote class=\"twitter-tweet\">\n<p lang=\"pt\" dir=\"ltr\">\ud83d\udea8 <a href=\"https:\/\/twitter.com\/hashtag\/Opera%C3%A7%C3%A3oConten%C3%A7%C3%A3o?src=hash&amp;ref_src=twsrc%5Etfw\" target=\"_blank\" rel=\"nofollow noopener\">#Opera\u00e7\u00e3oConten\u00e7\u00e3o<\/a><\/p>\n<p>Em repres\u00e1lia, criminosos usaram drones para atacar policiais no Complexo da Penha.<\/p>\n<p>Mesmo sob ataque, as for\u00e7as de seguran\u00e7a seguem firmes no combate ao crime! <a href=\"https:\/\/t.co\/eGXIWGABkS\" target=\"_blank\" rel=\"nofollow\">pic.twitter.com\/eGXIWGABkS<\/a><\/p>\n<p>\u2014 Governo do RJ (@GovRJ) <a href=\"https:\/\/twitter.com\/GovRJ\/status\/1983119476825698335?ref_src=twsrc%5Etfw\" target=\"_blank\" rel=\"nofollow noopener\">October 28, 2025<\/a><\/p><\/blockquote>\n<\/blockquote>\n<p class=\"paragraph inline-placeholder vossi-paragraph\" data-uri=\"es.cms.cnn.com\/_components\/paragraph\/instances\/cmhajmyo40000356nr1av26x5@published\" data-editable=\"text\" data-component-name=\"paragraph\" data-article-gutter=\"true\">\n            Im\u00e1genes obtenidas por CNN Brasil muestran varios incendios en la zona y se escuchan disparos.\n    <\/p>\n<p class=\"paragraph inline-placeholder vossi-paragraph\" data-uri=\"es.cms.cnn.com\/_components\/paragraph\/instances\/cmhaqskhw0005356n4dy0ef3m@published\" data-editable=\"text\" data-component-name=\"paragraph\" data-article-gutter=\"true\">\n            Medios locales reportan que miembros del Comando Vermelho, una de las m\u00e1s poderosas bandas del crimen organizado de R\u00edo de Janeiro, montaron barricas en las favelas para intentar impedir el ingreso de los polic\u00edas.\n    <\/p>\n<p class=\"paragraph inline-placeholder vossi-paragraph\" data-uri=\"es.cms.cnn.com\/_components\/paragraph\/instances\/cmhajn58p0008356n0wshmyk8@published\" data-editable=\"text\" data-component-name=\"paragraph\" data-article-gutter=\"true\">\n            El despliegue de las fuerzas de seguridad incluye drones, dos helic\u00f3pteros, 32 blindados terrestres y 12 veh\u00edculos de demolici\u00f3n del N\u00facleo de Apoyo a Operaciones Especiales de la Polic\u00eda Militar, adem\u00e1s de ambulancias del Grupo de Salvamento y Rescate, seg\u00fan el informe.\n    <\/p>\n<p class=\"paragraph inline-placeholder vossi-paragraph\" data-uri=\"es.cms.cnn.com\/_components\/paragraph\/instances\/cmhajn58p0009356nmby6gaug@published\" data-editable=\"text\" data-component-name=\"paragraph\" data-article-gutter=\"true\">\n            Las autoridades tambi\u00e9n <a href=\"https:\/\/x.com\/GovRJ\/status\/1983201991737454656\" target=\"_blank\" rel=\"nofollow\">mostraron<\/a> en redes sociales que al menos 42 rifles fueron incautados durante el operativo.\n    <\/p>\n<p>       <img decoding=\"async\" src=\"https:\/\/www.europesays.com\/es\/wp-content\/uploads\/2025\/10\/6153621e5229b5272f8287f3cd7a77eaa5beda85w.jpg\" alt=\"Integrantes de la Polic\u00f3a de R\u00edo de Janeiro realizan un operativo este martes.\" class=\"image__dam-img image__dam-img--loading\" onload=\"this.classList.remove('image__dam-img--loading')\" onerror=\"imageLoadError(this)\" height=\"1280\" width=\"1920\" loading=\"lazy\"\/><\/p>\n<p class=\"paragraph inline-placeholder vossi-paragraph\" data-uri=\"es.cms.cnn.com\/_components\/paragraph\/instances\/cmhb048mk000y356nk1zug642@published\" data-editable=\"text\" data-component-name=\"paragraph\" data-article-gutter=\"true\">\n            Las favelas de R\u00edo de Janeiro, como los complejos Alem\u00e3o y Penha donde tuvo lugar la operaci\u00f3n de este martes, son asentamientos pobres y densamente poblados que se extienden por el accidentado terreno costero de la ciudad.\n    <\/p>\n<p class=\"paragraph inline-placeholder vossi-paragraph\" data-uri=\"es.cms.cnn.com\/_components\/paragraph\/instances\/cmhawuz3l0007356n8b3g3i2q@published\" data-editable=\"text\" data-component-name=\"paragraph\" data-article-gutter=\"true\">\n            La pr\u00f3xima semana, R\u00edo de Janeiro ser\u00e1 sede de la cumbre mundial C40 de alcaldes que abordan el cambio clim\u00e1tico y del Premio Earthshot del pr\u00edncipe William, en el que participar\u00e1n celebridades como la estrella del pop Kylie Minogue y el cuatro veces campe\u00f3n mundial de F\u00f3rmula Uno Sebastian Vettel.\n    <\/p>\n<p class=\"paragraph inline-placeholder vossi-paragraph\" data-uri=\"es.cms.cnn.com\/_components\/paragraph\/instances\/cmhazlsnl000p356nfkkowpk3@published\" data-editable=\"text\" data-component-name=\"paragraph\" data-article-gutter=\"true\">\n            El evento se enmarca en los preparativos para la COP30, la cumbre clim\u00e1tica de las Naciones Unidas que se celebrar\u00e1 en la ciudad amaz\u00f3nica de Bel\u00e9m del 10 al 21 de noviembre.\n    <\/p>\n<p class=\"paragraph inline-placeholder vossi-paragraph\" data-uri=\"es.cms.cnn.com\/_components\/paragraph\/instances\/cmhazl414000m356ntxmopfd2@published\" data-editable=\"text\" data-component-name=\"paragraph\" data-article-gutter=\"true\">\n            Es usual que la polic\u00eda lleve a cabo operaciones a gran escala contra grupos criminales antes de eventos importantes en la ciudad, que alberg\u00f3 los Juegos Ol\u00edmpicos de 2016, la cumbre del G20 de 2024 y la cumbre de los BRICS en julio.\n    <\/p>\n<p class=\"paragraph inline-placeholder vossi-paragraph\" data-uri=\"es.cms.cnn.com\/_components\/paragraph\/instances\/cmhazmqwe000s356nw7rwzhcj@published\" data-editable=\"text\" data-component-name=\"paragraph\" data-article-gutter=\"true\">\n            Los enfrentamientos de este martes interrumpieron el funcionamiento de decenas de escuelas y centros m\u00e9dicos, desviaron las rutas de autobuses y causaron problemas de tr\u00e1fico en varios barrios de la capital del estado.\n    <\/p>\n<p>              <script async src=\"https:\/\/platform.twitter.com\/widgets.js\" charset=\"utf-8\"><\/script><\/p>\n","protected":false},"excerpt":{"rendered":"CNN Espa\u00f1ol \u00a0\u2014\u00a0 Las autoridades de R\u00edo de Janeiro lanzaron este martes un masivo despliegue de fuerzas de&hellip;\n","protected":false},"author":2,"featured_media":206031,"comment_status":"","ping_status":"","sticky":false,"template":"","format":"standard","meta":{"footnotes":""},"categories":[42],"tags":[3216,17,18,56264,13,14,11,150,61,62,63,64,19,20,9,10,15,16,18954,12,21,22,65,66,67],"class_list":{"0":"post-206030","1":"post","2":"type-post","3":"status-publish","4":"format-standard","5":"has-post-thumbnail","7":"category-internacional","8":"tag-brasil","9":"tag-breaking-news","10":"tag-breakingnews","11":"tag-comando-vermelho","12":"tag-featured-news","13":"tag-featurednews","14":"tag-headlines","15":"tag-instanoticias","16":"tag-internacional","17":"tag-international","18":"tag-international-news","19":"tag-internationalnews","20":"tag-latest-news","21":"tag-latestnews","22":"tag-news","23":"tag-noticias","24":"tag-noticias-destacadas","25":"tag-noticiasdestacadas","26":"tag-rio-de-janeiro","27":"tag-titulares","28":"tag-ultimas-noticias","29":"tag-ultimasnoticias","30":"tag-world","31":"tag-world-news","32":"tag-worldnews"},"share_on_mastodon":{"url":"https:\/\/pubeurope.com\/@es\/115453656145896033","error":""},"_links":{"self":[{"href":"https:\/\/www.europesays.com\/es\/wp-json\/wp\/v2\/posts\/206030","targetHints":{"allow":["GET"]}}],"collection":[{"href":"https:\/\/www.europesays.com\/es\/wp-json\/wp\/v2\/posts"}],"about":[{"href":"https:\/\/www.europesays.com\/es\/wp-json\/wp\/v2\/types\/post"}],"author":[{"embeddable":true,"href":"https:\/\/www.europesays.com\/es\/wp-json\/wp\/v2\/users\/2"}],"replies":[{"embeddable":true,"href":"https:\/\/www.europesays.com\/es\/wp-json\/wp\/v2\/comments?post=206030"}],"version-history":[{"count":0,"href":"https:\/\/www.europesays.com\/es\/wp-json\/wp\/v2\/posts\/206030\/revisions"}],"wp:featuredmedia":[{"embeddable":true,"href":"https:\/\/www.europesays.com\/es\/wp-json\/wp\/v2\/media\/206031"}],"wp:attachment":[{"href":"https:\/\/www.europesays.com\/es\/wp-json\/wp\/v2\/media?parent=206030"}],"wp:term":[{"taxonomy":"category","embeddable":true,"href":"https:\/\/www.europesays.com\/es\/wp-json\/wp\/v2\/categories?post=206030"},{"taxonomy":"post_tag","embeddable":true,"href":"https:\/\/www.europesays.com\/es\/wp-json\/wp\/v2\/tags?post=206030"}],"curies":[{"name":"wp","href":"https:\/\/api.w.org\/{rel}","templated":true}]}}