{"id":206037,"date":"2025-10-28T20:29:11","date_gmt":"2025-10-28T20:29:11","guid":{"rendered":"https:\/\/www.europesays.com\/es\/206037\/"},"modified":"2025-10-28T20:29:11","modified_gmt":"2025-10-28T20:29:11","slug":"el-gran-fichaje-que-podria-preparar-movistar-team-para-el-proximo-mercado-ciclista","status":"publish","type":"post","link":"https:\/\/www.europesays.com\/es\/206037\/","title":{"rendered":"El gran fichaje que podr\u00eda preparar Movistar Team para el pr\u00f3ximo mercado ciclista"},"content":{"rendered":"<p>Los preparativos para la temporada 2026 han comenzado. Para <a href=\"https:\/\/ciclismoaldia.es\/movistar-team\" title=\"Movistar Team\" rel=\"nofollow noopener\" target=\"_blank\">Movistar Team<\/a> se avecina un a\u00f1o duro, ya que se inicia un nuevo trienio y con ello vuelve la lucha por evitar el descenso. Por eso, su trabajo en el <a href=\"https:\/\/ciclismoaldia.es\/mercado-ciclista\" title=\"Mercado Ciclista\" rel=\"nofollow noopener\" target=\"_blank\">mercado ciclista<\/a> ha sido magn\u00edfico con fichajes de la talla de Cian Uijtdebroeks como col\u00edder para las grandes vueltas. \u00bfY si todav\u00eda falta un gran bombazo para el pr\u00f3ximo a\u00f1o?Para entender esto, hay que echar la memoria atr\u00e1s unas semanas. A inicios de septiembre, antes de la Vuelta a Espa\u00f1a 2025, <a href=\"https:\/\/ciclismoaldia.es\/eusebio-unzue\" title=\"Eusebio Unzu\u00e9\" rel=\"nofollow noopener\" target=\"_blank\">Eusebio Unzu\u00e9<\/a>, jefazo del equipo Movistar, se\u00f1al\u00f3 que <a href=\"https:\/\/ciclismoaldia.es\/ciclismo\/la-sinceridad-de-eusebio-unzue-sobre-los-fichajes-de-movistar-team\" target=\"_self\" rel=\"nofollow noopener\">el plan era fichar al relevo generacional<\/a> de Enric Mas en 2027. Es cierto que fue antes de firmar a Uijtdebroeks. Pero, \u00bfy si el plan sigue siendo el mismo? Y si es as\u00ed, \u00bfpor qu\u00e9 no mirar hacia Red Bull &#8211; BORA &#8211; hansgrohe?Si Movistar Team sigue planeando ir con todo en el mercado de fichajes de la temporada 2027, el equipo alem\u00e1n tiene una cantidad de estrellas que puede ayudar a que la escuadra telef\u00f3nica encuentre a su nuevo l\u00edder (que compartir\u00eda galones con Cian Uijtdebroeks). Y en ese contexto, imaginar a <a href=\"https:\/\/ciclismoaldia.es\/jai-hindley\" title=\"Jai Hindley\" rel=\"nofollow noopener\" target=\"_blank\">Jai Hindley<\/a> vistiendo la &#8216;M&#8217; en su maillot no ser\u00eda algo descabellado.El corredor australiano cumplir\u00e1 30 a\u00f1os la pr\u00f3xima temporada, la misma que actualmente figura como \u00faltima de su contrato con Red Bull &#8211; BORA. Con la llegada de <a href=\"https:\/\/www.procyclingstats.com\/rider\/remco-evenepoel\/\/\" target=\"_blank\" rel=\"nofollow noopener\">Remco Evenepoel<\/a>, adem\u00e1s de la presencia de Primoz Roglic, Florian Lipowitz, Giulio Pellizzari y Aleksandr Vlasov, no es ning\u00fan secreto que a Hindley le faltar\u00e1n todav\u00eda m\u00e1s las oportunidades que las que ha tenido en 2025.<img decoding=\"async\" width=\"500\" height=\"280\" loading=\"lazy\" src=\"https:\/\/www.europesays.com\/es\/wp-content\/uploads\/2025\/10\/jaihindley-68a2e6c573bc7.jpg@webp.webp\" class=\"w-auto h-auto\" alt=\"\u00bfY si Jai Hindley es el fichaje estelar que necesita Movistar Team?\"\/><\/p>\n<p>\u00bfY si Jai Hindley es el fichaje estelar que necesita Movistar Team?<\/p>\n<p>No hay duda de que, si existe la oportunidad, gastarse los millones en Jai Hindley ser\u00eda un negocio seguro para Movistar Team. El australiano sigue siendo uno de los mejores vuelt\u00f3manos del ciclismo, y se encuentra en Red Bull en una situaci\u00f3n similar a la que ten\u00eda Cian Uijtdebroeks en el Visma &#8211; Lease a Bike de Jonas Vingegaard, y por la que decidi\u00f3 unirse al equipo espa\u00f1ol con un contrato de 4 a\u00f1os.<\/p>\n<p>Jai Hindley, un reputado ganador<\/p>\n<p>El hipot\u00e9tico fichaje de Jai Hindley por Movistar Team para 2027 le dar\u00eda al equipo telef\u00f3nico a un ganador de grandes vueltas capaz de seguir rindiendo al m\u00e1ximo nivel. En sus \u00faltimas temporadas, el vencedor del Giro de Italia 2022 ha seguido demostrando que puede ir a por las principales carreras del calendario. Sin ser l\u00edder destacado de Red Bull ha logrado resultados como:<\/p>\n<ul class=\"&#10;          list-outside pl-10&#10;          list-disc &#10;        \">\n<li class=\"[&amp;&gt;a]:text-primary dark:[&amp;&gt;a]:text-white [&amp;&gt;a]:underline md:text-lg text-base\">4\u00ba en la clasificaci\u00f3n general de la Vuelta a Espa\u00f1a 2025.<\/li>\n<li class=\"[&amp;&gt;a]:text-primary dark:[&amp;&gt;a]:text-white [&amp;&gt;a]:underline md:text-lg text-base\">Dos Top 3 de etapa en la Vuelta a Espa\u00f1a 2025.<\/li>\n<li class=\"[&amp;&gt;a]:text-primary dark:[&amp;&gt;a]:text-white [&amp;&gt;a]:underline md:text-lg text-base\">5\u00ba en la clasificaci\u00f3n general de la Tirreno Adri\u00e1tico 2025.<\/li>\n<li class=\"[&amp;&gt;a]:text-primary dark:[&amp;&gt;a]:text-white [&amp;&gt;a]:underline md:text-lg text-base\">3\u00ba en la clasificaci\u00f3n general de la Tirreno Adri\u00e1tico 2024.<\/li>\n<\/ul>\n<p>M\u00e1s atr\u00e1s en el tiempo, cuando ten\u00eda m\u00e1s galones en BORA antes de la llegada de Primoz Roglic, Hindley fue 7\u00ba en el Tour de Francia 2023, 4\u00ba en el Criterium du Dauphin\u00e9 del mismo a\u00f1o, o 9\u00ba en la Vuelta a Espa\u00f1a de la temporada en la que gan\u00f3 su Giro de Italia.<\/p>\n<p>Sin duda alguna, un aut\u00e9ntico seguro de vida en clasificaciones generales desde hace mucho tiempo, justo lo que m\u00e1s gusta en un equipo como Movistar Team.<\/p>\n","protected":false},"excerpt":{"rendered":"Los preparativos para la temporada 2026 han comenzado. Para Movistar Team se avecina un a\u00f1o duro, ya que&hellip;\n","protected":false},"author":2,"featured_media":206038,"comment_status":"","ping_status":"","sticky":false,"template":"","format":"standard","meta":{"footnotes":""},"categories":[273],"tags":[313,312,168,25,24,23,167],"class_list":{"0":"post-206037","1":"post","2":"type-post","3":"status-publish","4":"format-standard","5":"has-post-thumbnail","7":"category-ciclismo","8":"tag-ciclismo","9":"tag-cycling","10":"tag-deportes","11":"tag-es","12":"tag-espana","13":"tag-spain","14":"tag-sports"},"share_on_mastodon":{"url":"https:\/\/pubeurope.com\/@es\/115453687463982751","error":""},"_links":{"self":[{"href":"https:\/\/www.europesays.com\/es\/wp-json\/wp\/v2\/posts\/206037","targetHints":{"allow":["GET"]}}],"collection":[{"href":"https:\/\/www.europesays.com\/es\/wp-json\/wp\/v2\/posts"}],"about":[{"href":"https:\/\/www.europesays.com\/es\/wp-json\/wp\/v2\/types\/post"}],"author":[{"embeddable":true,"href":"https:\/\/www.europesays.com\/es\/wp-json\/wp\/v2\/users\/2"}],"replies":[{"embeddable":true,"href":"https:\/\/www.europesays.com\/es\/wp-json\/wp\/v2\/comments?post=206037"}],"version-history":[{"count":0,"href":"https:\/\/www.europesays.com\/es\/wp-json\/wp\/v2\/posts\/206037\/revisions"}],"wp:featuredmedia":[{"embeddable":true,"href":"https:\/\/www.europesays.com\/es\/wp-json\/wp\/v2\/media\/206038"}],"wp:attachment":[{"href":"https:\/\/www.europesays.com\/es\/wp-json\/wp\/v2\/media?parent=206037"}],"wp:term":[{"taxonomy":"category","embeddable":true,"href":"https:\/\/www.europesays.com\/es\/wp-json\/wp\/v2\/categories?post=206037"},{"taxonomy":"post_tag","embeddable":true,"href":"https:\/\/www.europesays.com\/es\/wp-json\/wp\/v2\/tags?post=206037"}],"curies":[{"name":"wp","href":"https:\/\/api.w.org\/{rel}","templated":true}]}}