{"id":206039,"date":"2025-10-28T20:31:08","date_gmt":"2025-10-28T20:31:08","guid":{"rendered":"https:\/\/www.europesays.com\/es\/206039\/"},"modified":"2025-10-28T20:31:08","modified_gmt":"2025-10-28T20:31:08","slug":"julen-olaizola-se-despide-de-las-canchas-con-una-emotiva-carta-gracias-por-empujarme-a-sacar-lo-mejor-de-mi","status":"publish","type":"post","link":"https:\/\/www.europesays.com\/es\/206039\/","title":{"rendered":"Julen Olaizola se despide de las canchas con una emotiva carta: \u00abGracias por empujarme a sacar lo mejor de m\u00ed\u00bb"},"content":{"rendered":"<p class=\"v-mdl-ath__p v-mdl-ath__p--6\">\nMartes, 28 de octubre 2025, 16:15<\/p>\n<p class=\"v-p\">Julen Olaizola lo deja. Una lesi\u00f3n en la rodilla le empuja a retirarse de forma definitiva. El donostiarra cuelga las botas a los 32 a\u00f1os. \u00abUna retirada forzada por una lesi\u00f3n\u00bb, confiesa en una carta de despedida colgada en sus redes sociales. <\/p>\n<p class=\"v-p\">Olaizola agradece en este escrito \u00aba todas las personas\u00bb con las que se ha cruzado en su carrera desde que con 14 a\u00f1os se marc\u00f3 a Madrid. \u00abGracias por empujarme siempre a sacar la mejor versi\u00f3n de m\u00ed mismo\u00bb, agradece a sus compa\u00f1eros, asistentes, entrenadores, m\u00e9dicos y rivales que ha tenido en esta larga trayectoria que le ha llevado a jugar en todas las categor\u00edas, desde la ACB, en la que jug\u00f3 con el Gipuzkoa Basket y el Murcia, hasta la LEB Plata, en la que estaba en las tres \u00faltimas temporadas enrolado en las filas del Horta Godella. <\/p>\n<p class=\"v-p\">El p\u00edvot donostiarra tiene palabras para los clubes en los que dice ha tenido \u00abla suerte de jugar\u00bb y tambi\u00e9n para los aficionados de esos equipos \u00abpor hacerme sentir especial en cada cancha\u00bb.<\/p>\n<p class=\"v-p\">Menci\u00f3n aparte para su pareja Cristina Ouvi\u00f1a, tambi\u00e9n jugadora de baloncesto, por \u00abdarme el mejor motivo del mundo para retirarme m\u00e1s feliz de lo que jam\u00e1s habr\u00eda imaginado\u00bb y para su aita, el malogrado Kote Olaizola, que estar\u00eda \u00aborgulloso de ver a su hijo dejarse la piel con m\u00e1s o menos talento en cada segundo sobre una cancha\u00bb. <\/p>\n<p class=\"v-p\">Gipuzkoa Basket le brind\u00f3 un homenaje el pasado mayo en la previa de un partido en un momento en el que ya el jugador vislumbraba el final de su carrera deportiva. <\/p>\n<p class=\"v-p\"><strong>Trayectoria<\/strong><\/p>\n<p class=\"v-p\">Categor\u00edas formaci\u00f3n: Easo y Real Madrid<\/p>\n<p class=\"v-p\">2010\/11: Real Madrid (Junior y Liga EBA)<\/p>\n<p class=\"v-p\">2011\/12: Lagun Aro Gipuzkoa (Liga Endesa)<\/p>\n<p class=\"v-p\">2011\/12: Lan Mobel ISB (LEB Plata)<\/p>\n<p class=\"v-p\">2012\/16: Gipuzkoa Basket GBC (Liga Endesa)<\/p>\n<p class=\"v-p\">2016\/18: UCAM Murcia (Liga Endesa)<\/p>\n<p class=\"v-p\">2018\/19: ZTE Real Canoe (LEB Oro)<\/p>\n<p class=\"v-p\">2019\/20: Delteco Gipuzkoa Basket (LEB Oro)<\/p>\n<p class=\"v-p\">2020\/21: Acunsa Gipuzkoa Basket (Liga Endesa)<\/p>\n<p class=\"v-p\">2021\/22: C\u00e1ceres P. Humanidad (LEB Oro)<\/p>\n<p class=\"v-p\">2022\/25: CB L\u00b4Horta Godella (LEB Plata)<\/p>\n<p>Reporta un error<\/p>\n","protected":false},"excerpt":{"rendered":"Martes, 28 de octubre 2025, 16:15 Julen Olaizola lo deja. Una lesi\u00f3n en la rodilla le empuja a&hellip;\n","protected":false},"author":2,"featured_media":206040,"comment_status":"","ping_status":"","sticky":false,"template":"","format":"standard","meta":{"footnotes":""},"categories":[269],"tags":[299,298,9180,9179,8767,168,25,24,1142,42120,56268,23,167],"class_list":{"0":"post-206039","1":"post","2":"type-post","3":"status-publish","4":"format-standard","5":"has-post-thumbnail","7":"category-baloncesto","8":"tag-baloncesto","9":"tag-basketball","10":"tag-botas","11":"tag-cuelga","12":"tag-definitiva","13":"tag-deportes","14":"tag-es","15":"tag-espana","16":"tag-forma","17":"tag-julen","18":"tag-olaizola","19":"tag-spain","20":"tag-sports"},"share_on_mastodon":{"url":"https:\/\/pubeurope.com\/@es\/115453695429325993","error":""},"_links":{"self":[{"href":"https:\/\/www.europesays.com\/es\/wp-json\/wp\/v2\/posts\/206039","targetHints":{"allow":["GET"]}}],"collection":[{"href":"https:\/\/www.europesays.com\/es\/wp-json\/wp\/v2\/posts"}],"about":[{"href":"https:\/\/www.europesays.com\/es\/wp-json\/wp\/v2\/types\/post"}],"author":[{"embeddable":true,"href":"https:\/\/www.europesays.com\/es\/wp-json\/wp\/v2\/users\/2"}],"replies":[{"embeddable":true,"href":"https:\/\/www.europesays.com\/es\/wp-json\/wp\/v2\/comments?post=206039"}],"version-history":[{"count":0,"href":"https:\/\/www.europesays.com\/es\/wp-json\/wp\/v2\/posts\/206039\/revisions"}],"wp:featuredmedia":[{"embeddable":true,"href":"https:\/\/www.europesays.com\/es\/wp-json\/wp\/v2\/media\/206040"}],"wp:attachment":[{"href":"https:\/\/www.europesays.com\/es\/wp-json\/wp\/v2\/media?parent=206039"}],"wp:term":[{"taxonomy":"category","embeddable":true,"href":"https:\/\/www.europesays.com\/es\/wp-json\/wp\/v2\/categories?post=206039"},{"taxonomy":"post_tag","embeddable":true,"href":"https:\/\/www.europesays.com\/es\/wp-json\/wp\/v2\/tags?post=206039"}],"curies":[{"name":"wp","href":"https:\/\/api.w.org\/{rel}","templated":true}]}}