{"id":206054,"date":"2025-10-28T20:40:16","date_gmt":"2025-10-28T20:40:16","guid":{"rendered":"https:\/\/www.europesays.com\/es\/206054\/"},"modified":"2025-10-28T20:40:16","modified_gmt":"2025-10-28T20:40:16","slug":"el-departamento-de-salud-investiga-un-brote-de-shigelosis-en-bilbao","status":"publish","type":"post","link":"https:\/\/www.europesays.com\/es\/206054\/","title":{"rendered":"El Departamento de Salud investiga un brote de shigelosis en Bilbao"},"content":{"rendered":"<p>\t\t\t\t\t<img width=\"880\" height=\"495\" src=\"https:\/\/www.europesays.com\/es\/wp-content\/uploads\/2025\/10\/fotonoticia_20250618134655_1200-e1751617274794-880x495.jpg\" class=\"attachment-noticia size-noticia wp-post-image\" alt=\"El Departamento de Salud investiga un brote de shigelosis en Bilbao\" decoding=\"async\" fetchpriority=\"high\"  \/>\t\t\t\t<\/p>\n<p>         \t<a href=\"https:\/\/www.caritasbi.org\/cas\/?rp_banner_movil\" target=\"_blank\" rel=\"nofollow noopener\" onclick=\"ga(&#039;send&#039;, &#039;event&#039;, &#039;Publicidad&#039;, &#039;C\u00e1ritas Bizkaia (Rotaci\u00f3n)&#039;, &#039;banner_movil&#039;, 1);\"><\/p>\n<p>\t\t\t \t\t\t\t\t \t\t\t\t\t \t<img decoding=\"async\" class=\"d-xl-none mb-3 w-100\" src=\"https:\/\/www.europesays.com\/es\/wp-content\/uploads\/2025\/10\/1759896370_602_BANNER-CARITAS-960X300-jpg.webp.webp\" alt=\"Banner de C\u00e1ritas Bizkaia (Rotaci\u00f3n) en Bilbao\" width=\"320\" height=\"100\" loading=\"lazy\"\/><\/p>\n<p>\t\t  \t<\/a><\/p>\n<p>La <a href=\"https:\/\/www.euskadi.eus\/gobierno-vasco\/departamento-salud\/inicio\/\" rel=\"nofollow noopener\" target=\"_blank\"><strong>Direcci\u00f3n de Salud P\u00fablica del Gobierno Vasco<\/strong><\/a>, en colaboraci\u00f3n con el Ayuntamiento de Bilbao, ha abierto una investigaci\u00f3n por un brote de <strong>shigelosis<\/strong> detectado en la capital vizca\u00edna. Hasta el momento se han confirmado <strong>cinco casos<\/strong>, todos ellos con evoluci\u00f3n cl\u00ednica favorable.<\/p>\n<p>Investigaci\u00f3n en marcha<\/p>\n<p>Desde la notificaci\u00f3n de los primeros contagios, los servicios de <strong>Vigilancia Epidemiol\u00f3gica<\/strong> activaron una investigaci\u00f3n epidemiol\u00f3gica y alimentaria. T\u00e9cnicos del Departamento de Salud y del Consistorio bilba\u00edno han realizado inspecciones en los establecimientos relacionados sin encontrar deficiencias higi\u00e9nico-sanitarias ni irregularidades en los registros de seguridad alimentaria.<\/p>\n<p>El <strong>Laboratorio de Salud P\u00fablica<\/strong> analiza ahora diversas muestras de alimentos consumidos en las fechas vinculadas a los casos. Adem\u00e1s de los cinco confirmados, se investigan otros tres posibles contagios.<\/p>\n<p>Recomendaciones sanitarias<\/p>\n<p>El Departamento de Salud recuerda la importancia de reforzar las medidas b\u00e1sicas de higiene, especialmente el lavado frecuente de manos antes de comer y despu\u00e9s de ir al ba\u00f1o, para evitar la transmisi\u00f3n de infecciones intestinales como la shigelosis, altamente contagiosa.<\/p>\n<p>Qu\u00e9 es la shigelosis<\/p>\n<p>La <strong>shigelosis<\/strong> es una infecci\u00f3n intestinal aguda causada por bacterias del g\u00e9nero Shigella. Se transmite por v\u00eda fecal-oral, al ingerir peque\u00f1as cantidades de material contaminado por contacto directo o a trav\u00e9s de alimentos, agua o superficies.<\/p>\n<p>Sus s\u00edntomas incluyen fiebre, calambres abdominales y diarrea, en ocasiones con moco o sangre. Suele remitir de forma espont\u00e1nea entre 4 y 7 d\u00edas, aunque puede complicarse en ni\u00f1os peque\u00f1os o personas mayores.<\/p>\n<p>Para prevenir nuevos casos, Salud insiste en mantener una higiene rigurosa: lavarse las manos con agua y jab\u00f3n, no compartir utensilios o elementos personales, limpiar y desinfectar superficies, y consumir alimentos y agua seguros.<\/p>\n<p>En caso de diarrea o fiebre, se recomienda no acudir al trabajo hasta la recuperaci\u00f3n completa y, ante presencia de sangre en las heces, acudir al centro de salud. Dado que la dosis infectiva de Shigella es muy baja \u2014entre 10 y 100 bacterias\u2014, mantener una higiene adecuada resulta clave para cortar la cadena de transmisi\u00f3n.<\/p>\n","protected":false},"excerpt":{"rendered":"La Direcci\u00f3n de Salud P\u00fablica del Gobierno Vasco, en colaboraci\u00f3n con el Ayuntamiento de Bilbao, ha abierto una&hellip;\n","protected":false},"author":2,"featured_media":206055,"comment_status":"","ping_status":"","sticky":false,"template":"","format":"standard","meta":{"footnotes":""},"categories":[92],"tags":[11335,56270,25,24,165,6115,166,56271,23,2275],"class_list":{"0":"post-206054","1":"post","2":"type-post","3":"status-publish","4":"format-standard","5":"has-post-thumbnail","7":"category-salud","8":"tag-brote","9":"tag-departamento-de-salud","10":"tag-es","11":"tag-espana","12":"tag-health","13":"tag-osakidetza","14":"tag-salud","15":"tag-shigelosis","16":"tag-spain","17":"tag-virus"},"share_on_mastodon":{"url":"https:\/\/pubeurope.com\/@es\/115453730695507459","error":""},"_links":{"self":[{"href":"https:\/\/www.europesays.com\/es\/wp-json\/wp\/v2\/posts\/206054","targetHints":{"allow":["GET"]}}],"collection":[{"href":"https:\/\/www.europesays.com\/es\/wp-json\/wp\/v2\/posts"}],"about":[{"href":"https:\/\/www.europesays.com\/es\/wp-json\/wp\/v2\/types\/post"}],"author":[{"embeddable":true,"href":"https:\/\/www.europesays.com\/es\/wp-json\/wp\/v2\/users\/2"}],"replies":[{"embeddable":true,"href":"https:\/\/www.europesays.com\/es\/wp-json\/wp\/v2\/comments?post=206054"}],"version-history":[{"count":0,"href":"https:\/\/www.europesays.com\/es\/wp-json\/wp\/v2\/posts\/206054\/revisions"}],"wp:featuredmedia":[{"embeddable":true,"href":"https:\/\/www.europesays.com\/es\/wp-json\/wp\/v2\/media\/206055"}],"wp:attachment":[{"href":"https:\/\/www.europesays.com\/es\/wp-json\/wp\/v2\/media?parent=206054"}],"wp:term":[{"taxonomy":"category","embeddable":true,"href":"https:\/\/www.europesays.com\/es\/wp-json\/wp\/v2\/categories?post=206054"},{"taxonomy":"post_tag","embeddable":true,"href":"https:\/\/www.europesays.com\/es\/wp-json\/wp\/v2\/tags?post=206054"}],"curies":[{"name":"wp","href":"https:\/\/api.w.org\/{rel}","templated":true}]}}