{"id":206070,"date":"2025-10-28T20:52:10","date_gmt":"2025-10-28T20:52:10","guid":{"rendered":"https:\/\/www.europesays.com\/es\/206070\/"},"modified":"2025-10-28T20:52:10","modified_gmt":"2025-10-28T20:52:10","slug":"dalby-el-ciclista-milagro-que-sobrevive-a-dos-coagulos-en-el-cerebro-gracias-a-sus-padres","status":"publish","type":"post","link":"https:\/\/www.europesays.com\/es\/206070\/","title":{"rendered":"Dalby, el ciclista &#8216;milagro&#8217; que sobrevive a dos co\u00e1gulos en el cerebro gracias a sus padres"},"content":{"rendered":"<p data-mrf-recirculation=\"Links P\u00e1rrafos\" class=\"ue-c-article__paragraph paragraph ue-c-article--first-letter-highlighted\">El joven ciclista dan\u00e9s <strong>Simon Dalby,<\/strong> corredor del equipo <strong>Uno-X Mobility, <\/strong>se recupera favorablemente tras haber sufrido la semana pasada dos co\u00e1gulos en el cerebro. El deportista, de solo 22 a\u00f1os, tuvo que ser hospitalizado en Dinamarca, aunque gracias a la r\u00e1pida reacci\u00f3n de sus padres y a la atenci\u00f3n m\u00e9dica recibida, evoluciona con s\u00edntomas leves y contin\u00faa su rehabilitaci\u00f3n.<\/p>\n<p>El conjunto noruego-dan\u00e9s inform\u00f3 este lunes sobre su estado a trav\u00e9s de un comunicado: \u201c<strong>La semana pasada Simon Dalby sufri\u00f3 dos peque\u00f1os co\u00e1gulos en el cerebro. Gracias a la r\u00e1pida intervenci\u00f3n de sus padres y al excelente trabajo del hospital Regionshospitalet Godstrup, presenta \u00fanicamente s\u00edntomas leves y se encuentra ya en un proceso de recuperaci\u00f3n especializada. <\/strong>Se le han realizado m\u00e1s pruebas para conocer el origen del problema y, con base en los resultados, se establecer\u00e1 un plan para evitar que se repita. Todo el equipo Uno-X Mobility desea a Simon una recuperaci\u00f3n completa y espera verle pronto de nuevo sobre la bicicleta\u201d.<\/p>\n<p>Dalby es una de las grandes promesas del ciclismo dan\u00e9s. Este 2025 debut\u00f3 en la categor\u00eda profesional despu\u00e9s de destacar como sub-23, con actuaciones tan notables como el segundo puesto en la general de la Course de la Paix \u2014solo por detr\u00e1s del espa\u00f1ol Pau Mart\u00ed\u2014 y su presencia entre los veinte mejores en el reciente <strong>Tour de Langkawi.<\/strong> Ahora, la etapa m\u00e1s importante de su vida no ser\u00e1 sobre el asfalto, sino en el camino hacia su total recuperaci\u00f3n y el sue\u00f1o de volver a competir.<\/p>\n","protected":false},"excerpt":{"rendered":"El joven ciclista dan\u00e9s Simon Dalby, corredor del equipo Uno-X Mobility, se recupera favorablemente tras haber sufrido la&hellip;\n","protected":false},"author":2,"featured_media":206071,"comment_status":"","ping_status":"","sticky":false,"template":"","format":"standard","meta":{"footnotes":""},"categories":[273],"tags":[313,312,168,25,24,23,167],"class_list":{"0":"post-206070","1":"post","2":"type-post","3":"status-publish","4":"format-standard","5":"has-post-thumbnail","7":"category-ciclismo","8":"tag-ciclismo","9":"tag-cycling","10":"tag-deportes","11":"tag-es","12":"tag-espana","13":"tag-spain","14":"tag-sports"},"share_on_mastodon":{"url":"https:\/\/pubeurope.com\/@es\/115453777888353546","error":""},"_links":{"self":[{"href":"https:\/\/www.europesays.com\/es\/wp-json\/wp\/v2\/posts\/206070","targetHints":{"allow":["GET"]}}],"collection":[{"href":"https:\/\/www.europesays.com\/es\/wp-json\/wp\/v2\/posts"}],"about":[{"href":"https:\/\/www.europesays.com\/es\/wp-json\/wp\/v2\/types\/post"}],"author":[{"embeddable":true,"href":"https:\/\/www.europesays.com\/es\/wp-json\/wp\/v2\/users\/2"}],"replies":[{"embeddable":true,"href":"https:\/\/www.europesays.com\/es\/wp-json\/wp\/v2\/comments?post=206070"}],"version-history":[{"count":0,"href":"https:\/\/www.europesays.com\/es\/wp-json\/wp\/v2\/posts\/206070\/revisions"}],"wp:featuredmedia":[{"embeddable":true,"href":"https:\/\/www.europesays.com\/es\/wp-json\/wp\/v2\/media\/206071"}],"wp:attachment":[{"href":"https:\/\/www.europesays.com\/es\/wp-json\/wp\/v2\/media?parent=206070"}],"wp:term":[{"taxonomy":"category","embeddable":true,"href":"https:\/\/www.europesays.com\/es\/wp-json\/wp\/v2\/categories?post=206070"},{"taxonomy":"post_tag","embeddable":true,"href":"https:\/\/www.europesays.com\/es\/wp-json\/wp\/v2\/tags?post=206070"}],"curies":[{"name":"wp","href":"https:\/\/api.w.org\/{rel}","templated":true}]}}