{"id":206097,"date":"2025-10-28T21:08:14","date_gmt":"2025-10-28T21:08:14","guid":{"rendered":"https:\/\/www.europesays.com\/es\/206097\/"},"modified":"2025-10-28T21:08:14","modified_gmt":"2025-10-28T21:08:14","slug":"david-alandete-tajante-cuando-le-preguntan-por-la-situacion-de-zapatero-tras-la-ofensiva-de-estados-unidos-en-venezuela-yo-estaria-muy-nervioso","status":"publish","type":"post","link":"https:\/\/www.europesays.com\/es\/206097\/","title":{"rendered":"David Alandete, tajante cuando le preguntan por la situaci\u00f3n de Zapatero tras la ofensiva de Estados Unidos en Venezuela: \u00abYo estar\u00eda muy nervioso\u00bb"},"content":{"rendered":"<p style=\"\"><strong>David Alandete<\/strong>, corresponsal de ABC en Washington, centr\u00f3 la actualidad hace una semana despu\u00e9s de que, tanto la ministra de Defensa, <strong>Margarita Robles<\/strong>, como el ministro de Transportes, <strong>\u00d3scar Puente<\/strong>, <a href=\"https:\/\/www.abc.es\/espana\/gobierno-senala-abc-informar-20251020201941-nt.html\" title=\"www.abc.es\" data-voc-vtm-id=\"in-text-traffic\" data-mrf-link=\"www.abc.es\" rel=\"nofollow noopener\" target=\"_blank\">lo se\u00f1alaran por preguntar al presidente de EE.UU., Donald Trump<\/a>, acerca  &#8230; de la postura de Espa\u00f1a con la inversi\u00f3n en defensa.<\/p>\n<p class=\"voc-p\" style=\"\">Este martes, Alandete ha comparecido en <strong>la Comisi\u00f3n Mixta de Seguridad Nacional (Congreso y Senado)<\/strong> para responder acerca de sus investigaciones sobre los contratos de Huawei con el Gobierno y la injerencia rusa en el proceso independentista catal\u00e1n del a\u00f1o 2017, dos de sus trabajos period\u00edsticos mas reconocidos. <\/p>\n<p class=\"voc-p\" style=\"\">Pero, antes de acudir a la Comisi\u00f3n Mixta de Seguridad Nacional como experto en varios temas que afectan a la seguridad interna de Espa\u00f1a y sus relaciones con el extranjero, Alandete pas\u00f3 por <strong>COPE<\/strong>, donde tambi\u00e9n colabora. El corresponsal en Wahington de la emisora de radio acudi\u00f3 al programa <a href=\"https:\/\/www.cope.es\/programas\/herrera-en-cope\/la-entrevista-de-las-9h-con-herrera\/noticias\/david-alandete-corresponsal-washington-espana-tenga-contrato-huawei-hecho-eeuu-comparta-inteligencia-guardia-civil-policia-nacional-20251028_3240251.html\" title=\"www.cope.es\" data-voc-vtm-id=\"in-text-traffic\" data-mrf-link=\"www.cope.es\" rel=\"nofollow noopener\" target=\"_blank\">&#8216;Herrera en COPE&#8217;<\/a>, donde fue entrevistado por <strong>Jorge Bustos<\/strong>.<\/p>\n<p class=\"voc-p\" style=\"\">Durante su intervenci\u00f3n, Alandete revel\u00f3 que EE.UU. ya ha comenzado a limitar la inteligencia que comparte con Espa\u00f1a por los contratos del Gobierno con <strong>Huawei<\/strong>. Adem\u00e1s, el periodista pudo hablar sobre otras cuestiones como la trama rusa y su relaci\u00f3n con el independentismo catal\u00e1n o las <strong>presiones<\/strong> que reciben los corresponsales espa\u00f1oles en Washington.<\/p>\n<p>\nDavid Alandete, sobre Zapatero: \u00abYo si fuera \u00e9l, estar\u00eda muy nervioso\u00bb\n<\/p>\n<p class=\"voc-p\" style=\"\">Al final de la entrevista, Alandete tambi\u00e9n se ha pronunciado sobre el expresidente<strong> Jos\u00e9 Luis Rodr\u00edguez Zapatero, <\/strong>quien ha dicho deber\u00eda estar \u00abmuy nervioso\u00bb por la informaci\u00f3n que maneja la justicia estadounidense sobre sus relaciones con el r\u00e9gimen de Maduro y la reciente retirada de su visado.<\/p>\n<p class=\"voc-p\" style=\"\">Las palabras del corresponsal en Washington se produc\u00edan en respuesta a la pregunta directa que le ha hecho el director de ABC, <strong>Juli\u00e1n Quir\u00f3s<\/strong>: \u00ab\u00bf<strong>Zapatero tiene razones para sentirse nervioso <\/strong>por la consideraci\u00f3n que tienen de \u00e9l en EE.UU. y por la informaci\u00f3n que puedan ir recibiendo a futuro procedente de Venezuela y de otros sitios?<\/p>\n<p class=\"voc-p\" style=\"\">En este sentido, Quir\u00f3s ha matizado su pregunta: \u00abNo digo nervioso desde el punto de vista pol\u00edtico, sino tambi\u00e9n desde el punto de vista de <strong>responsabilidades legales <\/strong>que pueda haber adquirido en sus relaciones con aquel continente\u00bb.<\/p>\n<p class=\"voc-p\" style=\"\">Alandete ha sido tajante en su respuesta a la pregunta del director de ABC: \u00ab<strong>Yo si fuera Jos\u00e9 Luis Rodr\u00edguez Zapatero estar\u00eda muy nervioso<\/strong> porque hay un <strong>tri\u00e1ngulo <\/strong>en Estados Unidos que no pinta bien para \u00e9l\u00bb.<\/p>\n<p class=\"voc-p\" style=\"\">En este sentido, el corresponsal en Washington ha desgranado su afirmaci\u00f3n. En primer lugar, ha dicho, se encuentra <a href=\"https:\/\/www.abc.es\/internacional\/pollo-carvajal-declara-culpable-delitos-narcotrafico-narcoterrorismo-20250626085435-nt.html\" title=\"www.abc.es\" data-voc-vtm-id=\"in-text-traffic\" data-mrf-link=\"www.abc.es\" rel=\"nofollow noopener\" target=\"_blank\">&#8216;El Pollo&#8217; Carvajal<\/a>, que \u00abfue extraditado desde Espa\u00f1a\u00bb y \u00abya ha pasado a prestar su condena\u00bb. \u00abNos hicimos con las \u00faltimas declaraciones que tuvo y confirm\u00f3, adem\u00e1s, que <strong>est\u00e1 colaborando con la Fiscal\u00eda<\/strong> en muchos asuntos para <strong>reducir la pena <\/strong>y <strong>acceder a un indulto<\/strong>\u00bb, ha contado.<\/p>\n<p class=\"voc-p\" style=\"\">Otro de los motivos por los que Zapatero deber\u00eda estar nervioso, seg\u00fan Alandete, es el <strong>general Cl\u00edver Alcal\u00e1<\/strong>: \u00abEra el que organizaba todo el env\u00edo de coca\u00edna de Colombia a trav\u00e9s de Maduro\u00bb. Seg\u00fan el periodista, \u00abtambi\u00e9n est\u00e1 colaborando con la justicia y tiene mucha informaci\u00f3n de los negocios, no los del narcotr\u00e1fico, sino los dem\u00e1s, del <strong>r\u00e9gimen de Maduro\u00bb<\/strong>.<\/p>\n<p class=\"voc-p\" style=\"\">Por \u00faltimo, Alandete ha apuntado al n\u00famero dos de la diplomacia estadounidense: <strong>Christopher Landau<\/strong>. Tal y como ha contado el corresponsal en Washington, naci\u00f3 en Madrid \u00abporque sus padres eran diplom\u00e1ticos\u00bb y \u00ab<strong>le acaba de retirar el visado a Zapatero<\/strong> por unos motivos por los que yo me sentir\u00eda muy nervioso\u00bb. \u00abEst\u00e1 claro que <strong>el gobierno de Estados Unidos est\u00e1 <strong>muy interesado<\/strong><\/strong>\u00bb, ha concluido el periodista.<\/p>\n","protected":false},"excerpt":{"rendered":"David Alandete, corresponsal de ABC en Washington, centr\u00f3 la actualidad hace una semana despu\u00e9s de que, tanto la&hellip;\n","protected":false},"author":2,"featured_media":206098,"comment_status":"","ping_status":"","sticky":false,"template":"","format":"standard","meta":{"footnotes":""},"categories":[8],"tags":[56277,17,18,2429,25,24,13,14,11,19,20,9,10,15,16,23,12,21,22,5151],"class_list":{"0":"post-206097","1":"post","2":"type-post","3":"status-publish","4":"format-standard","5":"has-post-thumbnail","7":"category-espana","8":"tag-alandete","9":"tag-breaking-news","10":"tag-breakingnews","11":"tag-david","12":"tag-es","13":"tag-espana","14":"tag-featured-news","15":"tag-featurednews","16":"tag-headlines","17":"tag-latest-news","18":"tag-latestnews","19":"tag-news","20":"tag-noticias","21":"tag-noticias-destacadas","22":"tag-noticiasdestacadas","23":"tag-spain","24":"tag-titulares","25":"tag-ultimas-noticias","26":"tag-ultimasnoticias","27":"tag-xxx"},"share_on_mastodon":{"url":"https:\/\/pubeurope.com\/@es\/115453841301865369","error":""},"_links":{"self":[{"href":"https:\/\/www.europesays.com\/es\/wp-json\/wp\/v2\/posts\/206097","targetHints":{"allow":["GET"]}}],"collection":[{"href":"https:\/\/www.europesays.com\/es\/wp-json\/wp\/v2\/posts"}],"about":[{"href":"https:\/\/www.europesays.com\/es\/wp-json\/wp\/v2\/types\/post"}],"author":[{"embeddable":true,"href":"https:\/\/www.europesays.com\/es\/wp-json\/wp\/v2\/users\/2"}],"replies":[{"embeddable":true,"href":"https:\/\/www.europesays.com\/es\/wp-json\/wp\/v2\/comments?post=206097"}],"version-history":[{"count":0,"href":"https:\/\/www.europesays.com\/es\/wp-json\/wp\/v2\/posts\/206097\/revisions"}],"wp:featuredmedia":[{"embeddable":true,"href":"https:\/\/www.europesays.com\/es\/wp-json\/wp\/v2\/media\/206098"}],"wp:attachment":[{"href":"https:\/\/www.europesays.com\/es\/wp-json\/wp\/v2\/media?parent=206097"}],"wp:term":[{"taxonomy":"category","embeddable":true,"href":"https:\/\/www.europesays.com\/es\/wp-json\/wp\/v2\/categories?post=206097"},{"taxonomy":"post_tag","embeddable":true,"href":"https:\/\/www.europesays.com\/es\/wp-json\/wp\/v2\/tags?post=206097"}],"curies":[{"name":"wp","href":"https:\/\/api.w.org\/{rel}","templated":true}]}}