{"id":206105,"date":"2025-10-28T21:15:11","date_gmt":"2025-10-28T21:15:11","guid":{"rendered":"https:\/\/www.europesays.com\/es\/206105\/"},"modified":"2025-10-28T21:15:11","modified_gmt":"2025-10-28T21:15:11","slug":"clasificaciones-completas-de-la-5a-etapa-de-la-vuelta-a-guatemala-2025","status":"publish","type":"post","link":"https:\/\/www.europesays.com\/es\/206105\/","title":{"rendered":"Clasificaciones completas de la 5\u00aa etapa de la Vuelta a Guatemala 2025"},"content":{"rendered":"<p>\t\t\t&#13;<br \/>\n&#13;<\/p>\n<p><img loading=\"lazy\" decoding=\"async\" src=\"https:\/\/www.europesays.com\/es\/wp-content\/uploads\/2025\/10\/vuelta-guatemala-et5new-clasificaciones-2025-es-ciclismo.jpg\" width=\"556\" height=\"418\" class=\"setborder\" alt=\"Clasificaciones completas de la 5\u00aa etapa de la Vuelta a Guatemala 2025\" title=\"Clasificaciones completas de la 5\u00aa etapa de la Vuelta a Guatemala 2025\"\/><br \/>\n&#13;<br \/>\n&#13;<br \/>\n&#13;<br \/>\n<a href=\"https:\/\/www.esciclismo.com\/actualidad\/esciclismo\/\" rel=\"nofollow noopener\" target=\"_blank\">EsCiclismo.com<\/a> \u00b7 <a href=\"https:\/\/www.esciclismo.com\/actualidad\/carretera\/\" rel=\"nofollow noopener\" target=\"_blank\">Competici\u00f3n Carretera<\/a>  \u00b7 28\/10\/2025<\/p>\n<p>\u00c9stas son las clasificaciones completas tras la 5\u00aa etapa de la Vuelta Ciclista Internacional a Guatemala 2025, una exigente jornada de 109,3 kil\u00f3metros disputada este martes, 28 de octubre, entre Retalhuleu y San Rafael Pie de la Cuesta.<\/p>\n<p>&#13;<\/p>\n<p><b id=\"P1\"\/><a href=\"https:\/\/www.esciclismo.com\/actualidad\/carretera\/88597.html\" rel=\"nofollow noopener\" target=\"_blank\">La victoria en la etapa fue finalmente para el guatemalteco Jos\u00e9 David Canastuj<\/a> (ECA Electricidad Ciclismo), despu\u00e9s de que la Federaci\u00f3n Nacional de Ciclismo descalificase al colombiano Alejandro Osorio (Orgullo Paisa) por remolcarse en un veh\u00edculo durante el recorrido.<\/p>\n<p>&#13;<\/p>\n<p>El colombiano Cristian Camilo Mu\u00f1oz (Nu Colombia) se mantiene un d\u00eda m\u00e1s al frente de la clasificaci\u00f3n general individual de la Vuelta a Guatemala.<\/p>\n<p>&#13;<br \/>\nClasificaciones de la Vuelta a Guatemala 2025 &#8211; Etapa 5&#13;<\/p>\n<p><b>Clasificaci\u00f3n de la 5\u00aa etapa:<\/b><br \/>&#13;<br \/>\n1. Jos\u00e9 David Canastuj (GTM\/ECA Electricidad Ciclismo) &#8211; 2:52:36<br \/>&#13;<br \/>\n2. Cristian Yesid Bustos (COL\/Cer\u00e1micas Castelli-\u00d3pticas Deluxe) a 0:21<br \/>&#13;<br \/>\n3. Santiago Montenegro (ECU\/Movistar-Best PC) a 0:43<br \/>&#13;<br \/>\n4. Kade Kreikemeier (USA\/Momentum Racing-GCS) a 1:03<br \/>&#13;<br \/>\n5. Sebasti\u00e1n Calder\u00f3n (CRC\/7C-Economy-Hyundai) a 1:08<br \/>&#13;<br \/>\n6. Carlos MacPherson (MEX\/Olinka-Specialized) a 1:16<br \/>&#13;<br \/>\n7. Alejandro Osorio (COL\/Orgullo Paisa) a 1:16<br \/>&#13;<br \/>\n8. Robinson Fabi\u00e1n L\u00f3pez (COL\/GW-Erco-Shimano) a 1:19<br \/>&#13;<br \/>\n9. Yesid Albeiro Pira (COL\/Hino-One-La Red) a 1:19<br \/>&#13;<br \/>\n10. Juan Mardoqueo V\u00e1squez (GTM\/Hino-One-La Red) a 1:25<br \/>&#13;<br \/>\n11. \u00d3scar Santiago Garz\u00f3n (COL\/GW-Erco-Shimano) a 1:26<br \/>&#13;<br \/>\n12. Juan Carlos L\u00f3pez (COL\/GW-Erco-Shimano) a 1:26<br \/>&#13;<br \/>\n13. Cristian Camilo Mu\u00f1oz (COL\/Nu Colombia) a 1:26<br \/>&#13;<br \/>\n14. Jos\u00e9 Ram\u00f3n Mu\u00f1iz (MEX\/Olinka-Specialized) a 1:26<br \/>&#13;<br \/>\n15. Carlos Alberto Guti\u00e9rrez (COL\/Movistar-Best PC) a 1:28<br \/>&#13;<br \/>\n16. Fredy Orlando Toc (GTM\/ECA Electricidad Ciclismo) a 1:43<br \/>&#13;<br \/>\n17. \u00c1ngel Gil (COL\/Canel&#8217;s-Java) a 1:47<br \/>&#13;<br \/>\n18. Heiner Rodrigo Parra (COL\/Canel&#8217;s-Java) a 1:48<br \/>&#13;<br \/>\n19. Julio A. Ispache (GTM\/Decoraba\u00f1os-Bantrab) a 1:52<br \/>&#13;<br \/>\n20. Gerson Toc (GTM\/ECA Electricidad Ciclismo) a 1:52<br \/>&#13;<br \/>\n21. Rodrigo Contreras (COL\/Nu Colombia) a 1:52<\/p>\n<p>M\u00e1s en breve.<\/p>\n<p>&#13;<\/p>\n<p><b id=\"P3\"\/><b>Clasificaci\u00f3n general tras la 5\u00aa etapa:<\/b><br \/>&#13;<br \/>\n1. Cristian Camilo Mu\u00f1oz (COL\/Nu Colombia) &#8211; 18:42:24<br \/>&#13;<br \/>\n2. Carlos Alberto Guti\u00e9rrez (COL\/Movistar-Best PC) a 0:15<br \/>&#13;<br \/>\n3. \u00d3scar Santiago Garz\u00f3n (COL\/GW-Erco-Shimano) a 0:26<br \/>&#13;<br \/>\n4. Edgar Geovanny Torres (GTM\/Hino-One-La Red) a 3:08<br \/>&#13;<br \/>\n5. Luis Daniel Oses (CRC\/7C-Economy-Hyundai) a 3:19<br \/>&#13;<br \/>\n6. Bryan Raul Obando (ECU\/Movistar-Best PC) a 3:35<br \/>&#13;<br \/>\n7. Fredy Orlando Toc (GTM\/ECA Electricidad Ciclismo) a 4:22<br \/>&#13;<br \/>\n8. C\u00e9sar Nicol\u00e1s Paredes (COL\/Hino-One-La Red) a 4:32<br \/>&#13;<br \/>\n9. Yesid Albeiro Pira (COL\/Hino-One-La Red) a 4:42<br \/>&#13;<br \/>\n10. Bernardo Suaza (COL\/Orgullo Paisa) a 4:44<br \/>&#13;<br \/>\n11. Juan Diego Alba (COL\/Nu Colombia) a 4:46<br \/>&#13;<br \/>\n12. Robinson Fabi\u00e1n L\u00f3pez (COL\/GW-Erco-Shimano) a 5:32<br \/>&#13;<br \/>\n13. Dylan Jim\u00e9nez (CRC\/7C-Economy-Hyundai) a 5:40<br \/>&#13;<br \/>\n14. Jos\u00e9 Ram\u00f3n Mu\u00f1iz (MEX\/Olinka-Specialized) a 5:43<br \/>&#13;<br \/>\n15. Juan Mardoqueo V\u00e1squez (GTM\/Hino-One-La Red) a 5:45<br \/>&#13;<br \/>\n16. Melvin Torres (GTM\/Hino-One-La Red) a 6:05<br \/>&#13;<br \/>\n17. Julio A. Ispache (GTM\/Decoraba\u00f1os-Bantrab) a 6:36<br \/>&#13;<br \/>\n18. Juan Felipe Osorio (COL\/Orgullo Paisa) a 6:39<br \/>&#13;<br \/>\n19. Rodrigo Contreras (COL\/Nu Colombia) a 6:59<br \/>&#13;<br \/>\n20. Gerson Toc (GTM\/ECA Electricidad Ciclismo) a 7:14<br \/>&#13;<br \/>\n21. Juan Carlos L\u00f3pez (COL\/GW-Erco-Shimano) a 7:25<\/p>\n<p>M\u00e1s en breve.<\/p>\n<p>&#13;<br \/>\n&#13;<br \/>\n&#13;<br \/>\nEsCiclismo &#8211; Todos los derechos reservados. Est\u00e1 prohibido todo tipo de reproducci\u00f3n sin autorizaci\u00f3n expresa escrita.<br \/>&#13;<br \/>\n&#13;<\/p>\n<blockquote class=\"style-3\"><p>\ud83d\udce3<\/p>\n<p>Sigue toda la actualidad del mundo del ciclismo en nuestros canales de <a href=\"https:\/\/bit.ly\/WhatsappEsCiclismo\" target=\"_blank\" rel=\"noopener nofollow\"><b>WhatsApp<\/b><\/a> y <a href=\"https:\/\/bit.ly\/EsciclismoTelegram\" target=\"_blank\" rel=\"noopener nofollow\"><b>Telegram<\/b><\/a>, donde recibiras las noticias m\u00e1s destacadas.<\/p>\n<\/blockquote>\n","protected":false},"excerpt":{"rendered":"&#13; &#13; &#13; &#13; &#13; EsCiclismo.com \u00b7 Competici\u00f3n Carretera \u00b7 28\/10\/2025 \u00c9stas son las clasificaciones completas tras la&hellip;\n","protected":false},"author":2,"featured_media":206106,"comment_status":"","ping_status":"","sticky":false,"template":"","format":"standard","meta":{"footnotes":""},"categories":[273],"tags":[10605,517,56280,18791,313,1757,12652,55199,5191,312,2429,168,7368,10378,56281,25,24,53841,314,5807,14896,14641,32144,48998,61,293,2467,5215,7797,9072,12082,12527,56279,2228,23,167,1261,1357],"class_list":{"0":"post-206105","1":"post","2":"type-post","3":"status-publish","4":"format-standard","5":"has-post-thumbnail","7":"category-ciclismo","8":"tag-a","9":"tag-actualidad","10":"tag-canastuj","11":"tag-carretera","12":"tag-ciclismo","13":"tag-ciclista","14":"tag-clasificaciones","15":"tag-completas","16":"tag-cuesta","17":"tag-cycling","18":"tag-david","19":"tag-deportes","20":"tag-disputada","21":"tag-e","22":"tag-eca","23":"tag-es","24":"tag-espana","25":"tag-estas","26":"tag-etapa","27":"tag-exigente","28":"tag-finalmente","29":"tag-guatemala","30":"tag-guatemalteco","31":"tag-html","32":"tag-internacional","33":"tag-jornada","34":"tag-jose","35":"tag-kilometros","36":"tag-martes","37":"tag-octubre","38":"tag-pie","39":"tag-rafael","40":"tag-retalhuleu","41":"tag-san","42":"tag-spain","43":"tag-sports","44":"tag-victoria","45":"tag-vuelta"},"share_on_mastodon":{"url":"https:\/\/pubeurope.com\/@es\/115453868516849138","error":""},"_links":{"self":[{"href":"https:\/\/www.europesays.com\/es\/wp-json\/wp\/v2\/posts\/206105","targetHints":{"allow":["GET"]}}],"collection":[{"href":"https:\/\/www.europesays.com\/es\/wp-json\/wp\/v2\/posts"}],"about":[{"href":"https:\/\/www.europesays.com\/es\/wp-json\/wp\/v2\/types\/post"}],"author":[{"embeddable":true,"href":"https:\/\/www.europesays.com\/es\/wp-json\/wp\/v2\/users\/2"}],"replies":[{"embeddable":true,"href":"https:\/\/www.europesays.com\/es\/wp-json\/wp\/v2\/comments?post=206105"}],"version-history":[{"count":0,"href":"https:\/\/www.europesays.com\/es\/wp-json\/wp\/v2\/posts\/206105\/revisions"}],"wp:featuredmedia":[{"embeddable":true,"href":"https:\/\/www.europesays.com\/es\/wp-json\/wp\/v2\/media\/206106"}],"wp:attachment":[{"href":"https:\/\/www.europesays.com\/es\/wp-json\/wp\/v2\/media?parent=206105"}],"wp:term":[{"taxonomy":"category","embeddable":true,"href":"https:\/\/www.europesays.com\/es\/wp-json\/wp\/v2\/categories?post=206105"},{"taxonomy":"post_tag","embeddable":true,"href":"https:\/\/www.europesays.com\/es\/wp-json\/wp\/v2\/tags?post=206105"}],"curies":[{"name":"wp","href":"https:\/\/api.w.org\/{rel}","templated":true}]}}