{"id":206150,"date":"2025-10-28T21:46:22","date_gmt":"2025-10-28T21:46:22","guid":{"rendered":"https:\/\/www.europesays.com\/es\/206150\/"},"modified":"2025-10-28T21:46:22","modified_gmt":"2025-10-28T21:46:22","slug":"tres-excomponentes-de-dogma-cargan-contra-el-manager-de-la-banda","status":"publish","type":"post","link":"https:\/\/www.europesays.com\/es\/206150\/","title":{"rendered":"Tres excomponentes de Dogma cargan contra el m\u00e1nager de la banda"},"content":{"rendered":"<p><img fetchpriority=\"high\" decoding=\"async\" class=\"alignnone size-full wp-image-83045 lazyload\" alt=\"dogma pic 1\" width=\"1080\" height=\"872\" src=\"https:\/\/www.europesays.com\/es\/wp-content\/uploads\/2025\/10\/dogma-pic-1.jpg\"  data- data-eio-rwidth=\"1080\" data-eio-rheight=\"872\"\/><\/p>\n<p>Tres excomponentes de la banda <a href=\"https:\/\/metaljournal.net\/?s=Dogma\" target=\"_blank\" rel=\"noopener ugc nofollow\"><strong>Dogma<\/strong><\/a>, conocida porque sus componentes van vestidas de monjas con las caras pintadas y con identidades hasta ahora ocultas, han cargado contra el m\u00e1nager del grupo en un comunicado. Lo han firmado Lilith, Lamia y Rusalka y afirman que \u201clo que se vende hoy en d\u00eda no es Dogma. Durante las giras fuimos testigos de decisiones unilaterales, promesas incumplidas, manipulaci\u00f3n, maltrato y mentiras a los fans. La persona que controla el proyecto es una amenaza para el futuro de Dogma y no es ni artista ni m\u00fasico\u201d, explican.<\/p>\n<p>La banda, por su parte, anunci\u00f3 hace unos d\u00edas unos aplazamientos de dos conciertos en Estados Unidos, sin entrar en los detalles concretos que los motivaron. Piden paciencia a sus fans y los emplazan a nuevos anuncios.<\/p>\n<p><strong>Lilith, Lamia &amp; Rusalka:<\/strong><\/p>\n<p>LOS FANS MERECEN SABER LA VERDAD.<\/p>\n<p>\u201c\u00c9ramos parte de Dogma.<\/p>\n<p>Nos encantaba este proyecto, pero lo que se vende hoy en d\u00eda no es Dogma.<\/p>\n<p>Durante las giras fuimos testigos de decisiones unilaterales, promesas incumplidas, manipulaci\u00f3n, maltrato y mentiras a los fans.<\/p>\n<p>La persona que ahora controla el proyecto es una amenaza para el futuro de Dogma y no es ni artista ni m\u00fasico.<\/p>\n<p>Convirti\u00f3 una banda en una marca y a las personas en piezas desechables.<\/p>\n<p>Traicion\u00f3 a las artistas, a sus socios y a los fans.<\/p>\n<p>Dogma naci\u00f3 de la conexi\u00f3n, de la m\u00fasica, de las historias que compartimos con vosotros.<\/p>\n<p>Reemplazar a las personas sin honestidad no es lo que somos. Dogma tiene como objetivo impulsar los ideales de libertad y liberaci\u00f3n, ninguno de los cuales puede existir sin integridad y honestidad hacia los fans y todos los involucrados en el proyecto.<\/p>\n<p>No queremos ver a m\u00e1s fans enga\u00f1ados, gastando su dinero y su devoci\u00f3n en algo vac\u00edo.<\/p>\n<p>El verdadero Dogma est\u00e1 aqu\u00ed, con aquellas que crearon esa conexi\u00f3n de verdad.<\/p>\n<p>Pero el poder no est\u00e1 en nuestras manos.<\/p>\n<p>Est\u00e1 en las vuestras. Siempre lo ha estado.<\/p>\n<p>Vosotros decid\u00eds qui\u00e9n merece mantener viva la m\u00fasica. Ning\u00fan m\u00e1nager puede controlar eso.<\/p>\n<p>Haced o\u00edr vuestra voz.<\/p>\n<p>No apoy\u00e9is una mentira.<\/p>\n<p>Las redes sociales que utilizan el nombre \u00abOfficial Dogma\u00bb ya no representan a la banda real ni lo que defendemos.<\/p>\n<p>Exigid transparencia. Pedid que os devuelvan el dinero si no os han dado lo que os prometieron.<\/p>\n<p>No dej\u00e9is que nadie os manipule.<\/p>\n<p>Adem\u00e1s, basta ya de m\u00e1scaras.<\/p>\n<p>Las m\u00e1scaras estaban pensadas para proteger la identidad, no para sustituir a las personas.<\/p>\n<p>El \u00fanico que necesita quitarse la m\u00e1scara es \u00e9l.<\/p>\n<p>El poder para cambiar esta historia comienza con tu apoyo.<\/p>\n<p>Seguiremos adelante.<\/p>\n<p>La m\u00fasica, la creatividad y la verdad est\u00e1n de nuestro lado.<\/p>\n<p>Hemos puesto nuestra alma en este proyecto, y por eso has podido conectar con nosotras. Ning\u00fan m\u00e1nager deber\u00eda poder arrebatarnos eso\u201d.<\/p>\n<p>Lilith, Lamia y Rusalka<\/p>\n<p><strong>DOGMA:<\/strong><\/p>\n<p>\u201cPecadores de Reno,<\/p>\n<p>el ritual deber\u00e1 esperar ahora a la luna nueva.<\/p>\n<p>Fuerzas invisibles se han cruzado en nuestro camino y, por razones ajenas a nuestro control, la ceremonia de esta noche no podr\u00e1 celebrarse seg\u00fan lo previsto.<\/p>\n<p>El camino hacia la liberaci\u00f3n nunca ha sido f\u00e1cil, incluso el fuego encuentra resistencia antes de arder.<\/p>\n<p>No nos doblegamos ante ning\u00fan retraso, no nos inclinamos ante ninguna mano.<\/p>\n<p>Esto no es el final, solo es una pausa antes de la pr\u00f3xima erupci\u00f3n.<\/p>\n<p>El ritual se reprogramar\u00e1, no se cancelar\u00e1.<\/p>\n<p>Pronto se revelar\u00e1 una nueva fecha.<\/p>\n<p>La paciencia es una virtud que os ense\u00f1aron.<\/p>\n<p>La rebeld\u00eda es la virtud que exigimos.<\/p>\n<p>\u00bfSeguir\u00e9is ardiendo con nosotras?\u201d<\/p>\n<p>DOGMA<\/p>\n<blockquote class=\"instagram-media\" style=\"background: #FFF; border: 0; border-radius: 3px; box-shadow: 0 0 1px 0 rgba(0,0,0,0.5),0 1px 10px 0 rgba(0,0,0,0.15); margin: 1px; max-width: 540px; min-width: 326px; padding: 0; width: calc(100% - 2px);\" data-instgrm-captioned=\"\" data-instgrm-permalink=\"https:\/\/www.instagram.com\/p\/DQS2k0QCJav\/?utm_source=ig_embed&amp;utm_campaign=loading\" data-instgrm-version=\"14\">\n<\/blockquote>\n<blockquote class=\"instagram-media\" style=\"background: #FFF; border: 0; border-radius: 3px; box-shadow: 0 0 1px 0 rgba(0,0,0,0.5),0 1px 10px 0 rgba(0,0,0,0.15); margin: 1px; max-width: 540px; min-width: 326px; padding: 0; width: calc(100% - 2px);\" data-instgrm-captioned=\"\" data-instgrm-permalink=\"https:\/\/www.instagram.com\/p\/DQM_smDEui9\/?utm_source=ig_embed&amp;utm_campaign=loading\" data-instgrm-version=\"14\">\n<\/blockquote>\n<blockquote class=\"instagram-media\" style=\"background: #FFF; border: 0; border-radius: 3px; box-shadow: 0 0 1px 0 rgba(0,0,0,0.5),0 1px 10px 0 rgba(0,0,0,0.15); margin: 1px; max-width: 540px; min-width: 326px; padding: 0; width: calc(100% - 2px);\" data-instgrm-captioned=\"\" data-instgrm-permalink=\"https:\/\/www.instagram.com\/p\/DQK4fVEEuN5\/?utm_source=ig_embed&amp;utm_campaign=loading\" data-instgrm-version=\"14\">\n<\/blockquote>\n<p><script async src=\"\/\/www.instagram.com\/embed.js\"><\/script><\/p>\n","protected":false},"excerpt":{"rendered":"Tres excomponentes de la banda Dogma, conocida porque sus componentes van vestidas de monjas con las caras pintadas&hellip;\n","protected":false},"author":2,"featured_media":206151,"comment_status":"","ping_status":"","sticky":false,"template":"","format":"standard","meta":{"footnotes":""},"categories":[170],"tags":[3677,14699,35257,146,147,25,24,12064,9217,184,185,10,23],"class_list":{"0":"post-206150","1":"post","2":"type-post","3":"status-publish","4":"format-standard","5":"has-post-thumbnail","7":"category-musica","8":"tag-banda","9":"tag-comunicado","10":"tag-dogma","11":"tag-entertainment","12":"tag-entretenimiento","13":"tag-es","14":"tag-espana","15":"tag-manager","16":"tag-monjas","17":"tag-music","18":"tag-musica","19":"tag-noticias","20":"tag-spain"},"share_on_mastodon":{"url":"https:\/\/pubeurope.com\/@es\/115453990375598545","error":""},"_links":{"self":[{"href":"https:\/\/www.europesays.com\/es\/wp-json\/wp\/v2\/posts\/206150","targetHints":{"allow":["GET"]}}],"collection":[{"href":"https:\/\/www.europesays.com\/es\/wp-json\/wp\/v2\/posts"}],"about":[{"href":"https:\/\/www.europesays.com\/es\/wp-json\/wp\/v2\/types\/post"}],"author":[{"embeddable":true,"href":"https:\/\/www.europesays.com\/es\/wp-json\/wp\/v2\/users\/2"}],"replies":[{"embeddable":true,"href":"https:\/\/www.europesays.com\/es\/wp-json\/wp\/v2\/comments?post=206150"}],"version-history":[{"count":0,"href":"https:\/\/www.europesays.com\/es\/wp-json\/wp\/v2\/posts\/206150\/revisions"}],"wp:featuredmedia":[{"embeddable":true,"href":"https:\/\/www.europesays.com\/es\/wp-json\/wp\/v2\/media\/206151"}],"wp:attachment":[{"href":"https:\/\/www.europesays.com\/es\/wp-json\/wp\/v2\/media?parent=206150"}],"wp:term":[{"taxonomy":"category","embeddable":true,"href":"https:\/\/www.europesays.com\/es\/wp-json\/wp\/v2\/categories?post=206150"},{"taxonomy":"post_tag","embeddable":true,"href":"https:\/\/www.europesays.com\/es\/wp-json\/wp\/v2\/tags?post=206150"}],"curies":[{"name":"wp","href":"https:\/\/api.w.org\/{rel}","templated":true}]}}