{"id":206199,"date":"2025-10-28T22:19:15","date_gmt":"2025-10-28T22:19:15","guid":{"rendered":"https:\/\/www.europesays.com\/es\/206199\/"},"modified":"2025-10-28T22:19:15","modified_gmt":"2025-10-28T22:19:15","slug":"la-gripe-aviar-se-ceba-con-las-grullas-aragon-ha-localizado-500-aves-silvestres-muertas-clima-y-medio-ambiente","status":"publish","type":"post","link":"https:\/\/www.europesays.com\/es\/206199\/","title":{"rendered":"La gripe aviar se ceba con las grullas: Arag\u00f3n ha localizado 500 aves silvestres muertas | Clima y Medio Ambiente"},"content":{"rendered":"<p class=\"\">El Gobierno de Arag\u00f3n ha detectado alrededor de 500 cad\u00e1veres de aves silvestres, que se encuentran en plena migraci\u00f3n, en varios puntos de la comunidad aut\u00f3noma. La mayor parte de los ejemplares afectados son grullas que llegan a Espa\u00f1a para pasar el invierno desde el norte de Europa a miles. Las muestras tomadas han confirmado la <a href=\"https:\/\/elpais.com\/espana\/madrid\/2025-10-16\/madrid-combate-con-restricciones-la-expansion-de-la-gripe-aviar-tras-detectar-tres-focos-en-un-mes.html\" target=\"_self\" rel=\"nofollow noopener\" title=\"https:\/\/elpais.com\/espana\/madrid\/2025-10-16\/madrid-combate-con-restricciones-la-expansion-de-la-gripe-aviar-tras-detectar-tres-focos-en-un-mes.html\">presencia del temido virus de la gripe aviar<\/a> (H5N1), que se puede extender por las explotaciones ganaderas y ha obligado a confinar en la regi\u00f3n m\u00e1s de 500 granjas av\u00edcolas para evitar un contagio masivo. El virus <a href=\"https:\/\/elpais.com\/sociedad\/2024-05-06\/la-propagacion-del-virus-de-la-gripe-aviar-en-granjas-de-vacas-lecheras-de-estados-unidos-inquieta-a-la-oms.html\" target=\"_self\" rel=\"nofollow noopener\" title=\"https:\/\/elpais.com\/sociedad\/2024-05-06\/la-propagacion-del-virus-de-la-gripe-aviar-en-granjas-de-vacas-lecheras-de-estados-unidos-inquieta-a-la-oms.html\">se puede contagiar a humanos, pero es algo poco frecuente <\/a>y cuando ha existido un contacto estrecho y directo con animales infectados. <\/p>\n<p class=\"\">La enfermedad ha alcanzado <a href=\"https:\/\/elpais.com\/elviajero\/escapadas\/espana\/2025-01-21\/un-viaje-con-las-grullas-a-la-laguna-de-gallocanta.html\" target=\"_self\" rel=\"nofollow noopener\" title=\"https:\/\/elpais.com\/elviajero\/escapadas\/espana\/2025-01-21\/un-viaje-con-las-grullas-a-la-laguna-de-gallocanta.html\">la reserva natural de Gallocanta,<\/a> el principal humedal salino de Europa occidental situado entre Zaragoza y Teruel, donde se han recogido unos 250 cad\u00e1veres de grullas, adem\u00e1s de alg\u00fan ejemplar de cig\u00fce\u00f1as, garzas y otras especies. En este momento, se encuentran en este enclave de observaci\u00f3n ornitol\u00f3gica unas 7.000 grullas, pero cuando llegue el grueso de la migraci\u00f3n, la cantidad puede alcanzar los 100.000 ejemplares. Las altas temperaturas est\u00e1n provocando un retraso en el desplazamiento de las aves hacia el sur. <\/p>\n<p><img decoding=\"auto\" class=\"_re lazyload a_m-h\" height=\"276\"  width=\"414\"  src=\"https:\/\/www.europesays.com\/es\/wp-content\/uploads\/2025\/10\/PT7TIZ7X7ZIELGEA7RQX53MUHI.jpg\" loading=\"lazy\"\/>Agentes ambientales recogen los cuerpos de aves muertas por gripe aviar en el lago Linum, Brandeburgo (Alemania), el 27 de octubre.  Ebrahim Noroozi (AP)<\/p>\n<p class=\"\">Tambi\u00e9n se han detectado ejemplares muertos en el entorno del embalse de La Sotonera y en las comarcas de Cinco Villas, Aranda, Bajo Arag\u00f3n y Comunidad de Calatayud. En otros humedales, como en del Parque Nacional de las Tablas de Daimiel (Ciudad Real), se localiz\u00f3 la semana pasada a cuatro ejemplares y esta semana han descubierto a otros tantos con s\u00edntomas de la enfermedad, que les hacen parecer atontadas. En esta zona el paso de grullas es menor, de momento han llegado unas 700 de las 10.000 que acogen cada a\u00f1o. <\/p>\n<p class=\"\">Octavio Infante, responsable de Espacios de la ONG ornitol\u00f3gica SEO\/BirdLife, indica que \u201cla situaci\u00f3n es muy preocupante y es m\u00e1s grave que otros a\u00f1os\u201d. Explica que \u201cse trata de una enfermedad equiparable a la gripe en humanos, que todos los a\u00f1os mata a aves acu\u00e1ticas, pero existen ciclos en los que la poblaci\u00f3n se ve afectada de forma m\u00e1s masiva\u201d, a\u00f1ade. <\/p>\n<p class=\"\">La transmisi\u00f3n es muy virulenta entre este tipo de especies porque vuelan juntas, forman grupos en los humedales, defecan, sueltan plumas&#8230; \u201cEs el caldo de cultivo propicio para la transmisi\u00f3n del virus\u201d, describe Infante. Las grullas llegan a Espa\u00f1a despu\u00e9s de recorrer pa\u00edses en los que ya existe un gran problema de incidencia de la gripe aviar, como en Alemania, donde han muerto miles de grullas y otras aves silvestres. <\/p>\n<p class=\"\">El Gobierno de Arag\u00f3n se refiere en un comunicado al entorno de la laguna de Gallocanta debido a que es muy frecuentado por visitantes, especialmente en momentos como este en los que se est\u00e1 produciendo el paso de las grullas. Se recomienda no tocar ni manipular las aves silvestres que presenten s\u00edntomas cl\u00ednicos o que aparezcan muertas. Se debe llamar al 112 para que acudan los agentes de protecci\u00f3n de la naturaleza que son los encargados de recoger los cad\u00e1veres. <\/p>\n<p class=\"\">Los veterinarios del Departamento de Agricultura recogen in situ muestras representativas de los animales y las remiten al laboratorio para su posterior an\u00e1lisis, aclara el Gobierno regional en un comunicado. Los cad\u00e1veres se manipulan de forma individual, se introducen en una doble bolsa precintada y se trasladan a contenedores espec\u00edficos para su posterior incineraci\u00f3n.<\/p>\n<p class=\"\">Javier Ma\u00f1as es alcalde del pueblo de Gallocanta, adem\u00e1s de propietario de una casa rural y un restaurante en el entorno. \u201cEn este momento, la migraci\u00f3n est\u00e1 un poco parada, pero seg\u00fan lleguen habr\u00e1 m\u00e1s aves muertas, porque en Alemania est\u00e1n fatal\u201d, comenta. Ma\u00f1as critica que a pesar de que se conoce la mala situaci\u00f3n, el Gobierno no ha informado de forma conveniente. \u201cA m\u00ed no me han dicho todav\u00eda nada, y hay que tener en cuenta que llegan extranjeros en caravana que duermen en mitad de la reserva, por lo que hay que informar en varios idiomas y en varios puntos\u201d, se queja. <\/p>\n<p class=\"\">Las grullas llegan a Espa\u00f1a por la ruta oeste, desde Suecia, Finlandia, Alemania y Francia. Seg\u00fan informa el Ministerio de Agricultura, Pesca y Alimentaci\u00f3n, desde el inicio de la actual temporada \u2014que comenz\u00f3 el 1 de julio de 2025\u2014 y hasta la fecha se han detectado, adem\u00e1s de los casos registrados en Arag\u00f3n, un total de 51 focos de gripe aviar en aves silvestres en Andaluc\u00eda, Extremadura, Galicia, Asturias, Cantabria, Pa\u00eds Vasco, Castilla-La Mancha, Castilla y Le\u00f3n, Madrid y Catalu\u00f1a, as\u00ed como tres focos en aves cautivas en Pa\u00eds Vasco, Andaluc\u00eda y Comunidad Valenciana.<\/p>\n","protected":false},"excerpt":{"rendered":"El Gobierno de Arag\u00f3n ha detectado alrededor de 500 cad\u00e1veres de aves silvestres, que se encuentran en plena&hellip;\n","protected":false},"author":2,"featured_media":206200,"comment_status":"","ping_status":"","sticky":false,"template":"","format":"standard","meta":{"footnotes":""},"categories":[8],"tags":[3685,4499,33176,17,18,25,24,13,14,12949,11,19,20,6688,9,10,15,16,492,23,12,21,22],"class_list":{"0":"post-206199","1":"post","2":"type-post","3":"status-publish","4":"format-standard","5":"has-post-thumbnail","7":"category-espana","8":"tag-animales","9":"tag-aragon","10":"tag-aves","11":"tag-breaking-news","12":"tag-breakingnews","13":"tag-es","14":"tag-espana","15":"tag-featured-news","16":"tag-featurednews","17":"tag-gripe-aviar","18":"tag-headlines","19":"tag-latest-news","20":"tag-latestnews","21":"tag-medio-ambiente","22":"tag-news","23":"tag-noticias","24":"tag-noticias-destacadas","25":"tag-noticiasdestacadas","26":"tag-sociedad","27":"tag-spain","28":"tag-titulares","29":"tag-ultimas-noticias","30":"tag-ultimasnoticias"},"share_on_mastodon":{"url":"https:\/\/pubeurope.com\/@es\/115454120349282395","error":""},"_links":{"self":[{"href":"https:\/\/www.europesays.com\/es\/wp-json\/wp\/v2\/posts\/206199","targetHints":{"allow":["GET"]}}],"collection":[{"href":"https:\/\/www.europesays.com\/es\/wp-json\/wp\/v2\/posts"}],"about":[{"href":"https:\/\/www.europesays.com\/es\/wp-json\/wp\/v2\/types\/post"}],"author":[{"embeddable":true,"href":"https:\/\/www.europesays.com\/es\/wp-json\/wp\/v2\/users\/2"}],"replies":[{"embeddable":true,"href":"https:\/\/www.europesays.com\/es\/wp-json\/wp\/v2\/comments?post=206199"}],"version-history":[{"count":0,"href":"https:\/\/www.europesays.com\/es\/wp-json\/wp\/v2\/posts\/206199\/revisions"}],"wp:featuredmedia":[{"embeddable":true,"href":"https:\/\/www.europesays.com\/es\/wp-json\/wp\/v2\/media\/206200"}],"wp:attachment":[{"href":"https:\/\/www.europesays.com\/es\/wp-json\/wp\/v2\/media?parent=206199"}],"wp:term":[{"taxonomy":"category","embeddable":true,"href":"https:\/\/www.europesays.com\/es\/wp-json\/wp\/v2\/categories?post=206199"},{"taxonomy":"post_tag","embeddable":true,"href":"https:\/\/www.europesays.com\/es\/wp-json\/wp\/v2\/tags?post=206199"}],"curies":[{"name":"wp","href":"https:\/\/api.w.org\/{rel}","templated":true}]}}