{"id":206212,"date":"2025-10-28T22:30:19","date_gmt":"2025-10-28T22:30:19","guid":{"rendered":"https:\/\/www.europesays.com\/es\/206212\/"},"modified":"2025-10-28T22:30:19","modified_gmt":"2025-10-28T22:30:19","slug":"paola-dominguin-disfruta-con-sus-hijos-y-nacho-palau-el-ex-de-miguel-bose-en-valencia","status":"publish","type":"post","link":"https:\/\/www.europesays.com\/es\/206212\/","title":{"rendered":"Paola Domingu\u00edn disfruta con sus hijos y Nacho Palau, el ex de Miguel Bos\u00e9, en Valencia"},"content":{"rendered":"<p id=\"eNbVx6mr3p\" data-wc=\"102\"><strong>Miguel Bos\u00e9 y Nacho Palau<\/strong> mantuvieron <a class=\"hm-link ho-link\" href=\"https:\/\/www.hola.com\/actualidad\/20220507209353\/nacho-palau-balance-vida-miguel-bose-ruptura-gt\/\" data-mrf-recirculation=\"article-body-link\" rel=\"nofollow noopener\" target=\"_blank\">una relaci\u00f3n que dur\u00f3 20 a\u00f1os<\/a> y en la que decidieron ser padres por gestaci\u00f3n subrogada. \u00a0En 2011 nacieron, con apenas ocho meses de diferencia, Diego y Tadeo (hijos biol\u00f3gicos de Bos\u00e9) e Ivo y Telmo (hijos biol\u00f3gicos de Palau). Los cuatro ni\u00f1os crecieron juntos y formaron una \u00fanica familia durante a\u00f1os, recibiendo de ambos padres el mismo cari\u00f1o, cuidados y educaci\u00f3n. Sin embargo,<strong>\u00a0en el a\u00f1o 2017 \u00a0su historia de amor termin\u00f3<\/strong> y, el cantante se instal\u00f3 en M\u00e9xico con Diego y Tadeo, mientras que el escultor se qued\u00f3 en Espa\u00f1a con Ivo y Telmo.\u00a0<\/p>\n<p> <img src=\"https:\/\/www.europesays.com\/es\/wp-content\/uploads\/2025\/10\/a290f49d24fb-nacho-palau-gtres-z.jpg\"   width=\"877\" height=\"1024\" loading=\"lazy\" decoding=\"async\" alt=\"nacho palau gtres\" fetchpriority=\"auto\" class=\"image ho-image\"\/>\u00a9 GtresonlineMiguel Bos\u00e9 y Nacho Palau rompieron en 2017 pero siguen manteniendo relaci\u00f3n por los cuatro hijos que tuvieron en com\u00fan<\/p>\n<p id=\"ehPutuQ9Di\" data-wc=\"73\">Tras la ruptura, Palau<strong>\u00a0<\/strong><strong>luch\u00f3 en los tribunales para que se reconociera la filiaci\u00f3n compartida de los cuatro ni\u00f1os<\/strong> y defendi\u00f3 p\u00fablicamente que deber\u00edan seguir siendo hermanos de pleno derecho, tal y como hab\u00eda sido siempre. Pero una sentencia dictamin\u00f3 \u00a0que<a class=\"hm-link ho-link\" href=\"https:\/\/www.hola.com\/actualidad\/20230518232183\/supremo-razon-miguel-bose-disputa-nacho-palau\/\" data-mrf-recirculation=\"article-body-link\" rel=\"nofollow noopener\" target=\"_blank\">\u00a0cada uno deb\u00eda hacerse cargo de sus propios hijos biol\u00f3gicos<\/a>, aunque no les priv\u00f3 de que siguieran relacion\u00e1ndose con quienes quisieran y tuvieran <strong>un v\u00ednculo afectivo y cordial, como as\u00ed ha ocurrido.<\/strong><\/p>\n<p> <img src=\"https:\/\/www.europesays.com\/es\/wp-content\/uploads\/2025\/10\/8e1ead51ca06-paola-dominguin-ig.jpg\"   width=\"1024\" height=\"1024\" loading=\"lazy\" decoding=\"async\" alt=\"Paola Domingu\u00edn con sus hijos Nicol\u00e1s Coronado y Alma Villalta, y Nacho Palau, el ex de Miguel Bos\u00e9, en Valencia\" fetchpriority=\"auto\" class=\"image ho-image\"\/>\u00a9 paoladominguinbosePaola Domingu\u00edn con sus hijos Nicol\u00e1s Coronado y Alma Villalta, y Nacho Palau, el ex de Miguel Bos\u00e9, en Valencia<\/p>\n<p id=\"e3XQmIuwqZ\" data-wc=\"134\">La relaci\u00f3n de sus padres se termin\u00f3, pero<a class=\"hm-link ho-link\" href=\"https:\/\/www.hola.com\/actualidad\/20240503253368\/lucia-paola-dominguin-apoyo-nacho-palau-tras-muerte-madre\/\" data-mrf-recirculation=\"article-body-link\" rel=\"nofollow noopener\" target=\"_blank\">\u00a0la familia Bos\u00e9 nunca ha roto su relaci\u00f3n con Nacho Palau y sus \u00a0hijos<\/a><strong>.<\/strong> Prueba de ello es el reencuentro de <strong>Paola Domingu\u00edn con sus hijos, Nicol\u00e1s,<\/strong> nacido de su relaci\u00f3n con Jos\u00e9 Coronado,<strong>\u00a0y Alma,\u00a0<\/strong>fruto de su relaci\u00f3n con el m\u00fasico Manuel Villalta, con Palau en la albufera de Valencia. All\u00ed volvieron a reencontrarse con el \u00a0ex de Miguel Bos\u00e9, padre de Ivo y Telmo, que cumplieron el 26 de octubre 14 a\u00f1os. <strong>\u00a0Paola Domingu\u00edn ha demostrado en m\u00e1s de una ocasi\u00f3n que su v\u00ednculo con Nacho sigue intacto<\/strong> a pesar de las circunstancias. La hermana de Miguel Bos\u00e9 dio el p\u00e9same al escultor por <a class=\"hm-link ho-link\" href=\"https:\/\/www.hola.com\/actualidad\/20240501253335\/nacho-palau-llora-muerte-su-madre\/\" data-mrf-recirculation=\"article-body-link\" rel=\"nofollow noopener\" target=\"_blank\">la muerte de su madre<\/a>, fallecida a causa de un c\u00e1ncer de pulm\u00f3n, enfermedad que el escultor logr\u00f3 superar.\u00a0<\/p>\n<p> <img src=\"https:\/\/www.europesays.com\/es\/wp-content\/uploads\/2025\/10\/4463e1cb685d-palau-ig.jpg\"   width=\"1024\" height=\"1024\" loading=\"lazy\" decoding=\"async\" alt=\"Nacho Palau en Clandestinos 2025\" fetchpriority=\"auto\" class=\"image ho-image\"\/>\u00a9 villanuevamenteNacho Palau disfruta en Clandestinos 2025 del mejor arroz del a\u00f1o<\/p>\n<p id=\"eRflXhkYfm\" data-wc=\"99\">Paola Domingu\u00edn y Nacho Palau acudieron a <strong>Clandestinos, un encuentro en el que los mejores cocineros del mundo hacen locuras con su arroz<\/strong>. \u00a0\u00abFant\u00e1stica m\u00e1ster class de Pepe Fortea\u00bb, se\u00f1al\u00f3 la hermana de Miguel Bos\u00e9 junto a una grand\u00edsima y suculenta paella. \u00a0Adem\u00e1s, el evento tuvo un fin solidario y un sinf\u00edn de invitados, entre ellos <strong>Antonio Carmona, Imanol Arias, Iv\u00e1n Massague.<\/strong>&#8230; Todos los asistentes hicieron una donaci\u00f3n m\u00ednima de 10 \u20ac a <strong>World Central Kitchen, \u00a0la organizaci\u00f3n del chef Jos\u00e9 Andr\u00e9s<\/strong>, que desde hace a\u00f1os alimenta a miles de personas en medio de guerras, cat\u00e1strofes o crisis humanitarias.\u00a0<\/p>\n<p> <img src=\"https:\/\/www.europesays.com\/es\/wp-content\/uploads\/2025\/10\/7c92a1630bb3-carmona-ig.jpg\"   width=\"1023\" height=\"1024\" loading=\"lazy\" decoding=\"async\" alt=\"Antonio Carmona e Imanol Arias no se pierden el evento 'Clandestinos 2025' en Valencia\" fetchpriority=\"auto\" class=\"image ho-image\"\/>\u00a9 villanuevamenteAntonio Carmona e Imanol Arias no se pierden el evento &#8216;Clandestinos 2025&#8217; en Valencia<\/p>\n<p id=\"ew7dAHWUxS\" data-wc=\"173\">Paola Domingu\u00edn aprovech\u00f3 esta cita para disfrutar tambi\u00e9n de sus hijos, <strong>Nicol\u00e1s Coronado,\u00a0<\/strong>que sigui\u00f3 los pasos de sus padres en el mundo de la interpretaci\u00f3n y gan\u00f3 gran popularidad en el programa MasterChef Celebrity. Recordemos que apenas era un ni\u00f1o cuando apareci\u00f3 junto a su t\u00edo Miguel Bos\u00e9 en la portada del disco Los chicos no lloran. En el plano sentimental, <a class=\"hm-link ho-link\" href=\"https:\/\/www.hola.com\/actualidad\/20210911195747\/nicolas-coronado-novia\/\" data-mrf-recirculation=\"article-body-link\" rel=\"nofollow noopener\" target=\"_blank\">est\u00e1 unido a la instructora de yoga Natalia Moreno<\/a>, con quien ha puesto en marcha <strong>Espacio Tierra Yoga<\/strong>, un centro ubicado en <strong>Casarrubios del Monte<\/strong>, en plena naturaleza, que ofrece cursos y retiros orientados al desarrollo personal y la b\u00fasqueda de la paz interior. \u00a0Por su parte, su hija<strong>\u00a0Alma Villalta\u00a0<\/strong>es <strong>maquilladora profesiona<\/strong>l y vive en Valencia. Alma ha creado<strong>\u00a0<\/strong>maquillajes para el desfile de Francis Montesinos, ha participado en el thriller de 2017 Paralysis o en el largometraje\u00a0La casa de los espejos.\u00a0Adem\u00e1s, ha escrito una novela,\u00a0Las cr\u00f3nicas de Az y el templo del fuego,\u00a0y acudi\u00f3 a este evento en familia junto a<strong>\u00a0su novio, Samahel.<\/strong><\/p>\n","protected":false},"excerpt":{"rendered":"Miguel Bos\u00e9 y Nacho Palau mantuvieron una relaci\u00f3n que dur\u00f3 20 a\u00f1os y en la que decidieron ser&hellip;\n","protected":false},"author":2,"featured_media":206213,"comment_status":"","ping_status":"","sticky":false,"template":"","format":"standard","meta":{"footnotes":""},"categories":[174],"tags":[517,255,146,147,25,24,256,2994,56297,56296,56298,23],"class_list":{"0":"post-206212","1":"post","2":"type-post","3":"status-publish","4":"format-standard","5":"has-post-thumbnail","7":"category-famosos","8":"tag-actualidad","9":"tag-celebrities","10":"tag-entertainment","11":"tag-entretenimiento","12":"tag-es","13":"tag-espana","14":"tag-famosos","15":"tag-miguel-bose","16":"tag-nacho-palau","17":"tag-nicolas-coronado","18":"tag-paola-dominguin","19":"tag-spain"},"share_on_mastodon":{"url":"https:\/\/pubeurope.com\/@es\/115454163355494741","error":""},"_links":{"self":[{"href":"https:\/\/www.europesays.com\/es\/wp-json\/wp\/v2\/posts\/206212","targetHints":{"allow":["GET"]}}],"collection":[{"href":"https:\/\/www.europesays.com\/es\/wp-json\/wp\/v2\/posts"}],"about":[{"href":"https:\/\/www.europesays.com\/es\/wp-json\/wp\/v2\/types\/post"}],"author":[{"embeddable":true,"href":"https:\/\/www.europesays.com\/es\/wp-json\/wp\/v2\/users\/2"}],"replies":[{"embeddable":true,"href":"https:\/\/www.europesays.com\/es\/wp-json\/wp\/v2\/comments?post=206212"}],"version-history":[{"count":0,"href":"https:\/\/www.europesays.com\/es\/wp-json\/wp\/v2\/posts\/206212\/revisions"}],"wp:featuredmedia":[{"embeddable":true,"href":"https:\/\/www.europesays.com\/es\/wp-json\/wp\/v2\/media\/206213"}],"wp:attachment":[{"href":"https:\/\/www.europesays.com\/es\/wp-json\/wp\/v2\/media?parent=206212"}],"wp:term":[{"taxonomy":"category","embeddable":true,"href":"https:\/\/www.europesays.com\/es\/wp-json\/wp\/v2\/categories?post=206212"},{"taxonomy":"post_tag","embeddable":true,"href":"https:\/\/www.europesays.com\/es\/wp-json\/wp\/v2\/tags?post=206212"}],"curies":[{"name":"wp","href":"https:\/\/api.w.org\/{rel}","templated":true}]}}