{"id":206214,"date":"2025-10-28T22:33:08","date_gmt":"2025-10-28T22:33:08","guid":{"rendered":"https:\/\/www.europesays.com\/es\/206214\/"},"modified":"2025-10-28T22:33:08","modified_gmt":"2025-10-28T22:33:08","slug":"no-se-si-lo-puedo-decir-luego-acabo-con-problemas","status":"publish","type":"post","link":"https:\/\/www.europesays.com\/es\/206214\/","title":{"rendered":"No s\u00e9 si lo puedo decir, luego acabo con problemas"},"content":{"rendered":"<p class=\"c-paragraph\">La semana de invitados en <a href=\"https:\/\/www.20minutos.es\/tags\/temas\/la-revuelta.html\" title=\"La Revuelta\" rel=\"nofollow noopener\" target=\"_blank\">La Revuelta<\/a> contin\u00faa con la <b>visita de Nawja Nirmi<\/b>. La actriz, que fue una de las primeras en participar en el programa cuando se estren\u00f3 en La 1, ha acudido este martes para presentar la nueva temporada de Respira, que se estrena el pr\u00f3ximo 31 de octubre en Netflix.<\/p>\n<p class=\"c-paragraph\">Nada m\u00e1s entrar al plat\u00f3, la int\u00e9rprete le ha ofrecido a <a href=\"https:\/\/www.20minutos.es\/tags\/personas\/broncano.html\" title=\"David Broncano\" rel=\"nofollow noopener\" target=\"_blank\">Broncano<\/a> un dato sobre las pertenencias que tiene en casa, lo que ha desencadenado a una <b>ins\u00f3lita confesi\u00f3n<\/b> por parte de uno de los rostros m\u00e1s conocidos de La casa de papel.<\/p>\n<p class=\"c-paragraph\">\u00ab\u00bfTienes manejo de herramientas de campo? \u00bfSabes hacer un surco?\u00bb, le pregunt\u00f3 el presentador en referencia a que en la chaqueta que lleva se puede \u00abatar una azada\u00bb. <b>\u00abTengo armas\u00bb<\/b>, le respondi\u00f3 Nawja Nimri. \u00ab\u00bfQu\u00e9 tipo?\u00bb, quiso saber el jiennense. \u00abUna 9mm, un rifle, dos granadas que no explotan, un cuchillo de navaja y estoy aprendiendo a hacer la mariposa&#8230; ah, y tambi\u00e9n tengo una de perdigones\u00bb, enumer\u00f3 ella por su parte.<\/p>\n<p class=\"c-paragraph\">\u00ab\u00bfPero tienes licencia?\u00bb, continu\u00f3 Broncano con su cuestionario, a lo que la actriz le respondi\u00f3 de manera dubitativa. \u00abSe meti\u00f3 en un l\u00edo nada m\u00e1s empezar\u00bb, aleg\u00f3 el presentador. \u00abEs que estoy pensando rapid\u00edsimo. No s\u00e9 si puedo decir lo que voy a decir,<b> siempre me pasa lo mismo y luego acabo con problemas por tu culpa\u00bb<\/b>, le reproch\u00f3 su invitada. \u00abNo, yo no hago nada. Solo pregunto, soy periodista\u00bb, fue la respuesta del comunicador.<\/p>\n<p class=\"c-paragraph\">A continuaci\u00f3n, Nawja cont\u00f3 una historia que le ocurri\u00f3 durante la pandemia. \u00ab<b>Me detuvieron porque me dejaron un coche [&#8230;] descubr\u00ed un sitio por una ladera de un monte para poder ir a un gimnasio.<\/b> Me par\u00f3 la Polic\u00eda, les dije quien era, pero no me conocieron [&#8230;] \u00bfPor qu\u00e9 estamos hablando de esto?\u00bb, se pregunt\u00f3 a si misma mientras relataba el suceso. \u00abHas sido tu que has empezado cuando has entrado: &#8216;que te pego un tiro en el est\u00f3mago\u00bb, intent\u00f3 enga\u00f1arla Broncano. \u00abNo, estaba bailando y me has dicho que si se manejar alg\u00fan cacharrillo\u00bb, le replic\u00f3.<\/p>\n<p class=\"c-paragraph\">\u00abPerd\u00f3n, ya me acuerdo. Para que no parezca que te condiciono a que cuentes esta historia que te traer\u00e1 problemas, <b>te he dicho que si sabes hacer un surco y tu has dicho no, pero tengo dos pistolas<\/b>\u00ab, recul\u00f3 el presentador. Finalmente, ambos explicaron a los espectadores c\u00f3mo se hace un surco en el suelo, pero Nawja no termin\u00f3 de contar la historia de su detenci\u00f3n.<\/p>\n","protected":false},"excerpt":{"rendered":"La semana de invitados en La Revuelta contin\u00faa con la visita de Nawja Nirmi. La actriz, que fue&hellip;\n","protected":false},"author":2,"featured_media":206215,"comment_status":"","ping_status":"","sticky":false,"template":"","format":"standard","meta":{"footnotes":""},"categories":[171],"tags":[9029,146,147,25,24,6870,29956,56299,518,23,214],"class_list":{"0":"post-206214","1":"post","2":"type-post","3":"status-publish","4":"format-standard","5":"has-post-thumbnail","7":"category-tv","8":"tag-david-broncano","9":"tag-entertainment","10":"tag-entretenimiento","11":"tag-es","12":"tag-espana","13":"tag-la-1","14":"tag-la-revuelta","15":"tag-nawja-nimri","16":"tag-rtve","17":"tag-spain","18":"tag-tv"},"share_on_mastodon":{"url":"https:\/\/pubeurope.com\/@es\/115454175238959683","error":""},"_links":{"self":[{"href":"https:\/\/www.europesays.com\/es\/wp-json\/wp\/v2\/posts\/206214","targetHints":{"allow":["GET"]}}],"collection":[{"href":"https:\/\/www.europesays.com\/es\/wp-json\/wp\/v2\/posts"}],"about":[{"href":"https:\/\/www.europesays.com\/es\/wp-json\/wp\/v2\/types\/post"}],"author":[{"embeddable":true,"href":"https:\/\/www.europesays.com\/es\/wp-json\/wp\/v2\/users\/2"}],"replies":[{"embeddable":true,"href":"https:\/\/www.europesays.com\/es\/wp-json\/wp\/v2\/comments?post=206214"}],"version-history":[{"count":0,"href":"https:\/\/www.europesays.com\/es\/wp-json\/wp\/v2\/posts\/206214\/revisions"}],"wp:featuredmedia":[{"embeddable":true,"href":"https:\/\/www.europesays.com\/es\/wp-json\/wp\/v2\/media\/206215"}],"wp:attachment":[{"href":"https:\/\/www.europesays.com\/es\/wp-json\/wp\/v2\/media?parent=206214"}],"wp:term":[{"taxonomy":"category","embeddable":true,"href":"https:\/\/www.europesays.com\/es\/wp-json\/wp\/v2\/categories?post=206214"},{"taxonomy":"post_tag","embeddable":true,"href":"https:\/\/www.europesays.com\/es\/wp-json\/wp\/v2\/tags?post=206214"}],"curies":[{"name":"wp","href":"https:\/\/api.w.org\/{rel}","templated":true}]}}