{"id":206216,"date":"2025-10-28T22:34:13","date_gmt":"2025-10-28T22:34:13","guid":{"rendered":"https:\/\/www.europesays.com\/es\/206216\/"},"modified":"2025-10-28T22:34:13","modified_gmt":"2025-10-28T22:34:13","slug":"guitarricadelafuente-premio-ondas-de-benicassim-al-estrellato-guitarricadelafuente-se-alza-con-un-premio-ondas","status":"publish","type":"post","link":"https:\/\/www.europesays.com\/es\/206216\/","title":{"rendered":"GUITARRICADELAFUENTE PREMIO ONDAS | De Benic\u00e0ssim al estrellato: Guitarricadelafuente se alza con un Premio Ondas"},"content":{"rendered":"<p class=\"ft-text ft-helper-closenews\">El cantautor de Benic\u00e0ssim <a class=\"ft-link ft-link--decoration\" href=\"https:\/\/www.elperiodicomediterraneo.com\/cultura\/2025\/05\/19\/spanish-leather-segundo-disco-artista-castellonense-guitarricadelafuente-117556450.html\" target=\"_blank\" rel=\"nofollow noopener\"><strong>Guitarricadelafuente<\/strong><\/a> ha sido distinguido con el <a class=\"ft-link ft-link--decoration\" href=\"https:\/\/www.prisa.com\/es\/noticias\/noticias-1\/fallo-del-jurado-de-los-premios-ondas-2025\" rel=\"nofollow noopener\" target=\"_blank\"><strong>Premio Ondas al Fen\u00f3meno musical del a\u00f1o<\/strong><\/a>, un galard\u00f3n que comparte con la artista canaria <strong>Valeria Castro<\/strong>. Ambos representan una nueva sensibilidad en la m\u00fasica espa\u00f1ola: lo \u00edntimo convertido en universal, lo local convertido en lenguaje compartido.<\/p>\n<p>Un galard\u00f3n compartido que habla de tendencia<\/p>\n<p class=\"ft-text\">El jurado de los Premios Ondas 2025 ha premiado ex aequo a <a class=\"ft-link ft-link--decoration\" href=\"https:\/\/www.elperiodicomediterraneo.com\/cultura\/2025\/06\/06\/guitarricadelafuente-sigo-chaval-pueblo-capas-118311652.html\" target=\"_blank\" rel=\"nofollow noopener\">Guitarricadelafuente<\/a> y Valeria Castro, reconociendo su capacidad para conectar generaciones y estilos desde la autenticidad. Se trata de un reconocimiento que subraya c\u00f3mo la canci\u00f3n de autor contempor\u00e1nea vive un momento de esplendor, impulsada por voces que reh\u00fayen lo prefabricado y se acercan a lo emocional.<\/p>\n<p>Del pueblo costero al escenario universal<\/p>\n<p class=\"ft-text\">Nacido en Benic\u00e0ssim en 1997, <strong>\u00c1lvaro Lafuente Calvo<\/strong>, conocido art\u00edsticamente como Guitarricadelafuente, ha construido una carrera que fusiona ra\u00edces populares con una mirada moderna. El jurado de los Ondas destac\u00f3 su \u00abcapacidad de conjugar lo \u00edntimo con lo universal\u00bb, una definici\u00f3n que encaja a la perfecci\u00f3n con su discurso musical.<\/p>\n<p><img decoding=\"async\" src=\"https:\/\/www.europesays.com\/es\/wp-content\/uploads\/2025\/10\/a3376b5b-b341-4dc5-af9c-2894fadc4626_alta-libre-aspect-ratio_default_0.jpg\" width=\"1200\" height=\"750\" alt=\"Guitarricadelafuente durante uno de sus conciertos.\" class=\"ft-helper-img-rd\" loading=\"lazy\" hasdataaida=\"true\"\/><\/p>\n<p class=\"ft-helper-fontColor-quaternary ft-helper-fontSize-body-S ft-helper-spacer-t-xxs\">Guitarricadelafuente durante uno de sus conciertos.  \/ MEDITERR\u00c1NEO<\/p>\n<p class=\"ft-text\">Su \u00faltimo trabajo, <a class=\"ft-link ft-link--decoration\" href=\"https:\/\/www.elperiodicomediterraneo.com\/cultura\/2025\/05\/19\/spanish-leather-segundo-disco-artista-castellonense-guitarricadelafuente-117556450.html\" target=\"_blank\" rel=\"nofollow noopener\"><strong>Spanish Leather<\/strong><\/a>, supone un punto de inflexi\u00f3n: una producci\u00f3n minuciosa, un imaginario propio y una evoluci\u00f3n est\u00e9tica que lo consolidan como una de las voces m\u00e1s singulares del panorama espa\u00f1ol. Con un directo tan po\u00e9tico como contundente, el artista castellonense ha logrado que su m\u00fasica, profundamente arraigada en lo mediterr\u00e1neo, traspase fronteras.<\/p>\n<p>Una &#8216;vieja conocida&#8217; del p\u00fablico castellonense<\/p>\n<p class=\"ft-text\">La otra mitad de este reconocimiento, <strong>Valeria Castro<\/strong>, mantiene tambi\u00e9n un v\u00ednculo especial con la provincia. La artista canaria actu\u00f3 en el ciclo <a class=\"ft-link ft-link--decoration\" href=\"https:\/\/www.elperiodicomediterraneo.com\/cultura\/2025\/01\/24\/ciclo-singin-in-the-cave-vall-uixo-2025-primeros-artistas-113684590.html\" target=\"_blank\" rel=\"nofollow noopener\"><strong>Singin\u2019 in the Cave<\/strong><\/a> de la <a class=\"ft-link ft-link--decoration\" href=\"https:\/\/www.elperiodicomediterraneo.com\/comarcas\/2025\/10\/26\/concierto-fumiga-esther-vall-carta-pobla-123040498.html\" target=\"_blank\" rel=\"nofollow noopener\">Vall d\u2019Uix\u00f3<\/a> en dos ocasiones \u2014en 2021 y 2023\u2014, donde conquist\u00f3 al p\u00fablico con su voz delicada y su sensibilidad. Esa conexi\u00f3n con <a class=\"ft-link ft-link--decoration\" href=\"https:\/\/www.elperiodicomediterraneo.com\/cultura\/2025\/10\/28\/entrevista-chiva-flor-proyecto-musica-castellon-123079233.html\" target=\"_blank\" rel=\"nofollow noopener\">Castell\u00f3n<\/a> hace que su premio se sienta, de alg\u00fan modo, tambi\u00e9n cercano.<\/p>\n<p class=\"ft-text\">Castro representa la consolidaci\u00f3n de una nueva generaci\u00f3n de cantautoras que escriben desde la verdad y la emoci\u00f3n. Su trayectoria, marcada por la coherencia art\u00edstica y la cercan\u00eda, refuerza el mensaje que ambos artistas comparten: la autenticidad como valor diferencial en la m\u00fasica actual.<\/p>\n<p>El impacto cultural del Premio Ondas<\/p>\n<p class=\"ft-text\">El <strong>Premio Ondas<\/strong> es uno de los reconocimientos m\u00e1s prestigiosos de la comunicaci\u00f3n y la m\u00fasica en Espa\u00f1a. En su edici\u00f3n 2025, que recibi\u00f3 m\u00e1s de quinientas candidaturas de dieciocho pa\u00edses, el galard\u00f3n act\u00faa como un altavoz de la diversidad creativa. Para <a class=\"ft-link ft-link--decoration\" href=\"https:\/\/www.elperiodicomediterraneo.com\/cultura\/2023\/01\/30\/guitarricadelafuente-grande-82221197.html\" target=\"_blank\" rel=\"nofollow noopener\">Guitarricadelafuente<\/a>, supone la consagraci\u00f3n de un camino que comenz\u00f3 desde la independencia y el boca-a-boca digital; para Valeria Castro, una confirmaci\u00f3n de su madurez art\u00edstica.<\/p>\n<p data-close=\"closedContent\" class=\"subscribeHideForDisplay\">Suscr\u00edbete para seguir leyendo<\/p>\n","protected":false},"excerpt":{"rendered":"El cantautor de Benic\u00e0ssim Guitarricadelafuente ha sido distinguido con el Premio Ondas al Fen\u00f3meno musical del a\u00f1o, un&hellip;\n","protected":false},"author":2,"featured_media":206217,"comment_status":"","ping_status":"","sticky":false,"template":"","format":"standard","meta":{"footnotes":""},"categories":[170],"tags":[7429,56301,17896,14982,209,146,147,25,24,56300,184,185,44443,843,532,23],"class_list":{"0":"post-206216","1":"post","2":"type-post","3":"status-publish","4":"format-standard","5":"has-post-thumbnail","7":"category-musica","8":"tag-alza","9":"tag-benicasim-benicassim","10":"tag-benicassim","11":"tag-castro","12":"tag-cultura","13":"tag-entertainment","14":"tag-entretenimiento","15":"tag-es","16":"tag-espana","17":"tag-guitarricadelafuente","18":"tag-music","19":"tag-musica","20":"tag-ondas","21":"tag-premio","22":"tag-premios","23":"tag-spain"},"share_on_mastodon":{"url":"https:\/\/pubeurope.com\/@es\/115454179378201587","error":""},"_links":{"self":[{"href":"https:\/\/www.europesays.com\/es\/wp-json\/wp\/v2\/posts\/206216","targetHints":{"allow":["GET"]}}],"collection":[{"href":"https:\/\/www.europesays.com\/es\/wp-json\/wp\/v2\/posts"}],"about":[{"href":"https:\/\/www.europesays.com\/es\/wp-json\/wp\/v2\/types\/post"}],"author":[{"embeddable":true,"href":"https:\/\/www.europesays.com\/es\/wp-json\/wp\/v2\/users\/2"}],"replies":[{"embeddable":true,"href":"https:\/\/www.europesays.com\/es\/wp-json\/wp\/v2\/comments?post=206216"}],"version-history":[{"count":0,"href":"https:\/\/www.europesays.com\/es\/wp-json\/wp\/v2\/posts\/206216\/revisions"}],"wp:featuredmedia":[{"embeddable":true,"href":"https:\/\/www.europesays.com\/es\/wp-json\/wp\/v2\/media\/206217"}],"wp:attachment":[{"href":"https:\/\/www.europesays.com\/es\/wp-json\/wp\/v2\/media?parent=206216"}],"wp:term":[{"taxonomy":"category","embeddable":true,"href":"https:\/\/www.europesays.com\/es\/wp-json\/wp\/v2\/categories?post=206216"},{"taxonomy":"post_tag","embeddable":true,"href":"https:\/\/www.europesays.com\/es\/wp-json\/wp\/v2\/tags?post=206216"}],"curies":[{"name":"wp","href":"https:\/\/api.w.org\/{rel}","templated":true}]}}