{"id":206220,"date":"2025-10-28T22:36:08","date_gmt":"2025-10-28T22:36:08","guid":{"rendered":"https:\/\/www.europesays.com\/es\/206220\/"},"modified":"2025-10-28T22:36:08","modified_gmt":"2025-10-28T22:36:08","slug":"debe-debutar-venteo-en-el-sporting-elige-tu-11-para-la-copa-del-rey","status":"publish","type":"post","link":"https:\/\/www.europesays.com\/es\/206220\/","title":{"rendered":"\u00bfDebe debutar Venteo en el Sporting? Elige tu 11 para\u00a0la Copa del Rey"},"content":{"rendered":"<p>\t\t\t\t\t\tLa Voz de Asturias pulsa la opini\u00f3n de la afici\u00f3n sportinguista<br \/>\n\t\t\t\t\t\t<strong>28 oct 2025<\/strong> . Actualizado a las 23:13 h.\t\t\t\t\t\t<\/p>\n<p class=\"first-paragraph txt\">El\u00a0<strong>Real Sporting de Gij\u00f3n<\/strong>\u00a0disputar\u00e1 desde las<strong>\u00a020:00 horas <\/strong>de este mi\u00e9rcoles su primera ronda de la <strong>Copa del Rey<\/strong>.\u00a0Los rojiblancos visitar\u00e1n al <strong>Caudal de Mieres<\/strong> con el estadio lleno y las c\u00e1maras de <strong>TPA<\/strong>. Desde La Voz de Asturias\u00a0consultamos a la afici\u00f3n sportinguista sobre el\u00a0once que debe utilizar\u00a0<strong>Borja Jim\u00e9nez.<\/strong><\/p>\n<p class=\"txt\">La encuesta ofrece\u00a0todas las variantes t\u00e1cticas posibles\u00a0en funci\u00f3n de la selecci\u00f3n de jugadores. Entre las opciones a elegir se encuentran los futbolistas con m\u00e1s opciones de jugar por lo visto en el entrenamiento del martes, a falta de que <a class=\"link-txt\" href=\"https:\/\/www.lavozdeasturias.es\/noticia\/sporting1905\/2025\/10\/28\/jimenez-confirma-virus-sporting-rotaciones-critica-pomares-tira-roja-dubasin-faena-sporting\/00031761657316998361962.htm\" target=\"_blank\" rel=\"nofollow noopener\">Jim\u00e9nez <\/a>ofrezca su convocatoria,\u00a0por lo que\u00a0selecciona 11 nombres y pulsa el bot\u00f3n rojo &#8216;enviar&#8217;\u00a0que aparece al final de la encuesta para enviarlo.<\/p>\n<p class=\"txt\"><strong>Iker Venteo<\/strong> -portero-, <strong>Mario Ord\u00f3\u00f1ez<\/strong> -portero-, <strong>Marcos Fern\u00e1ndez<\/strong> -delantero-, <strong>Carlos Hern\u00e1ndez<\/strong> -central y lateral izquierdo-, <strong>Manu Rodr\u00edguez<\/strong> -mediocampista-, <strong>\u00c1lex Diego<\/strong> -carrilero izquierdo-, <strong>Christian Ferreres<\/strong> -extremo- y <strong>Mbemba<\/strong> -pivote y central- del Sporting Atl\u00e9tico, as\u00ed como\u00a0<strong>Nico Riestra<\/strong> -extremo-, del juvenil, son las opciones barajadas para reforzar la lista con nombres de la cantera.<\/p>\n<p class=\"txt\"><strong>Guille Rosas, Pablo V\u00e1zquez, Corredera, Diego, Perrin y Justin Smith<\/strong>, adem\u00e1s de los lesionados<strong> Juan Otero, Gaspar Campos, Bernal y Christian Joel<\/strong>, son los nombres con menos opciones de jugar al llegar m\u00e1s mermados en lo f\u00edsico.<\/p>\n<p class=\"ladillo\">Primeros resultados de la primera eliminatoria de la Copa del Rey<\/p>\n<p class=\"txt\">At. Tordesillas (3\u00aa RFEF) 1 &#8211; 2 <strong>BURGOS<\/strong> (2\u00aa).\u00a0Const\u00e0ncia (3\u00aa RFEF) 2 &#8211; 3 <strong>GIRONA<\/strong> (1\u00aa).\u00a0<strong>OURENSE<\/strong> (1\u00aa RFEF) 4 &#8211; 2 Real Oviedo (1\u00aa). SD Logro\u00f1\u00e9s (2\u00aa RFEF) 0 &#8211; 4 <strong>RACING SANTANDER<\/strong> (2\u00aa).\u00a0UCAM Murcia (2\u00aa RFEF) 1 &#8211; 3 <strong>C\u00c1DIZ<\/strong> (2\u00aa).<\/p>\n<p class=\"txt\">Maracena (3\u00aa RFEF) 0 &#8211; 5 <strong>VALENCIA<\/strong> (1\u00aa).\u00a0Roda (3\u00aa RFEF) 1 &#8211; 5 <strong>GRANADA<\/strong> (2\u00aa).\u00a0Inter de Valdemoro (6\u00aa) 0 &#8211; 11 <strong>GETAFE<\/strong> (1\u00aa).\u00a0Tropez\u00f3n (3\u00aa RFEF), 1 &#8211; 3<strong> CULTURAL LEONESA<\/strong> (2\u00aa).\u00a0<strong>GUADALAJARA<\/strong> (1\u00aa RFEF) 2 &#8211; 1 Cacere\u00f1o (1\u00aa RFEF).\u00a0Rayo Majadahonda (2\u00aa RFEF) 1 &#8211; 4 <strong>TALAVERA<\/strong> (1\u00aa RFEF)<\/p>\n<p class=\"txt\">San Fernando (3\u00aa RFEF) 0 &#8211; 3 <strong>ALBACETE<\/strong> (2\u00aa).\u00a0Langreo (2\u00aa RFEF) 3 -4 <strong>RACING FERROL<\/strong> (1\u00aa RFEF) (por penaltis).\u00a0RSD Alcal\u00e1 (2\u00aa RFEF) 0 &#8211; 4 <strong>TENERIFE<\/strong> (1\u00aa RFEF).\u00a0Utebo (2\u00aa RFEF) 0 &#8211;\u00a03 <strong>HUESCA<\/strong> (2\u00aa).\u00a0<strong>EXTREMADURA<\/strong> (2\u00aa RFEF) 3 &#8211; 1 Las Palmas (2\u00aa).\u00a0Negreira (6\u00aa) 0 &#8211; 3 <strong>REAL SOCIEDAD<\/strong> (1\u00aa). Toledo (3\u00aa RFEF) 1 &#8211; 4 <strong>SEVILLA<\/strong> (1\u00aa).<\/p>\n<p class=\"txt\">&#13;<br \/>\n\t\t&#13;<br \/>\n\t\t\t&#13;<br \/>\n\t\t&#13;<br \/>\n\t\t&#13;<br \/>\n\t\t&#13;<br \/>\n\t\t\t\t\t\t\t\t\t\t\t\t&#13;<br \/>\n\t\t\t\t\t\t\t\t&#13;<br \/>\n&#13;<br \/>\n&#13;<\/p>\n<p>\t\t\t&#13;<br \/>\n\t&#13;<\/p>\n<p>\t\t\t<a href=\"https:\/\/www.lavozdeasturias.es\/noticia\/sporting1905\/2025\/10\/28\/jimenez-confirma-virus-sporting-rotaciones-critica-pomares-tira-roja-dubasin-faena-sporting\/00031761657316998361962.htm\" data-analytics=\"link-embed\" rel=\"nofollow noopener\" target=\"_blank\">Jim\u00e9nez confirma un virus en el Sporting y las rotaciones, y critica a Pomares: \u00abSe tira, no es roja a Dubasin y hace una faena al Sporting\u00bb<\/a><\/p>\n<p class=\"a-min-author\">\n<p>\t\t\t\t\t\t\t\t\t\t\tAlejandro Vigil Mor\u00e1n<\/p>\n<p>\t&#13;<br \/>\n\t&#13;<br \/>\n&#13;<br \/>\n\t\t\t\t&#13;<br \/>\n\t\t\t\t&#13;<br \/>\n\t&#13;<br \/>\n\t\t\t&#13;<br \/>\n\t\t\t&#13;<br \/>\n\t\t&#13;\n<\/p>\n<p class=\"ladillo\">Quinielona<\/p>\n<p class=\"txt\">Todos los suscriptores de pago pueden enviarnos al email sporting1905web@gmail.com su resultado (1 o X o 2 junto a su nick o nombre en caso de no utilizar el foro) de los siguientes partidos: Sporting &#8211; Las Palmas, Castell\u00f3n &#8211; M\u00e1laga y Valladolid &#8211; Granada. El que m\u00e1s acierte al finalizar la temporada recibir\u00e1 una\u00a0camiseta oficial del Sporting\u00a0de la pr\u00f3xima campa\u00f1a.<\/p>\n<p class=\"txt\">*Recuerda comentar esta noticia en el foro que se encuentra al final de la web pasando la publicidad. Si deseas escribir comentarios y no sabes c\u00f3mo, contacta con sporting1905web@gmail.com<\/p>\n<p>&#13;<br \/>\n\tArchivado en:&#13;<br \/>\n\t\t\t\t\t<a href=\"https:\/\/www.lavozdeasturias.es\/temas\/sporting-de-gijon\/\" target=\"_blank\" class=\"mg-l\" rel=\"nofollow noopener\">Sporting de Gij\u00f3n<\/a>&#13;<br \/>\n\t&#13;<\/p>\n","protected":false},"excerpt":{"rendered":"La Voz de Asturias pulsa la opini\u00f3n de la afici\u00f3n sportinguista 28 oct 2025 . Actualizado a las&hellip;\n","protected":false},"author":2,"featured_media":206221,"comment_status":"","ping_status":"","sticky":false,"template":"","format":"standard","meta":{"footnotes":""},"categories":[93],"tags":[168,25,24,23,4783,167],"class_list":{"0":"post-206220","1":"post","2":"type-post","3":"status-publish","4":"format-standard","5":"has-post-thumbnail","7":"category-deportes","8":"tag-deportes","9":"tag-es","10":"tag-espana","11":"tag-spain","12":"tag-sporting-de-gijon","13":"tag-sports"},"share_on_mastodon":{"url":"https:\/\/pubeurope.com\/@es\/115454186915354985","error":""},"_links":{"self":[{"href":"https:\/\/www.europesays.com\/es\/wp-json\/wp\/v2\/posts\/206220","targetHints":{"allow":["GET"]}}],"collection":[{"href":"https:\/\/www.europesays.com\/es\/wp-json\/wp\/v2\/posts"}],"about":[{"href":"https:\/\/www.europesays.com\/es\/wp-json\/wp\/v2\/types\/post"}],"author":[{"embeddable":true,"href":"https:\/\/www.europesays.com\/es\/wp-json\/wp\/v2\/users\/2"}],"replies":[{"embeddable":true,"href":"https:\/\/www.europesays.com\/es\/wp-json\/wp\/v2\/comments?post=206220"}],"version-history":[{"count":0,"href":"https:\/\/www.europesays.com\/es\/wp-json\/wp\/v2\/posts\/206220\/revisions"}],"wp:featuredmedia":[{"embeddable":true,"href":"https:\/\/www.europesays.com\/es\/wp-json\/wp\/v2\/media\/206221"}],"wp:attachment":[{"href":"https:\/\/www.europesays.com\/es\/wp-json\/wp\/v2\/media?parent=206220"}],"wp:term":[{"taxonomy":"category","embeddable":true,"href":"https:\/\/www.europesays.com\/es\/wp-json\/wp\/v2\/categories?post=206220"},{"taxonomy":"post_tag","embeddable":true,"href":"https:\/\/www.europesays.com\/es\/wp-json\/wp\/v2\/tags?post=206220"}],"curies":[{"name":"wp","href":"https:\/\/api.w.org\/{rel}","templated":true}]}}