{"id":206222,"date":"2025-10-28T22:37:11","date_gmt":"2025-10-28T22:37:11","guid":{"rendered":"https:\/\/www.europesays.com\/es\/206222\/"},"modified":"2025-10-28T22:37:11","modified_gmt":"2025-10-28T22:37:11","slug":"la-gripe-repunta-en-la-comunitat-con-un-aumento-de-mas-del-doble-de-casos-en-una-semana","status":"publish","type":"post","link":"https:\/\/www.europesays.com\/es\/206222\/","title":{"rendered":"La gripe repunta en la Comunitat con un aumento de m\u00e1s del doble de casos en una semana"},"content":{"rendered":"<p>Pese a las buenas temperaturas que est\u00e1 haciendo en la Comunitat en este oto\u00f1o, la gripe est\u00e1 empezando a repuntar y de hecho en la  &#8230; \u00faltima semana se han disparado los contagios a m\u00e1s del doble de casos de los registros anteriores. En concreto, seg\u00fan el informe Sivira de Sanidad del 21 de octubre, la tasa por gripe es de 17,7 casos por cada 100.000 habitantes, por los 7,0 de la semana anterior, lo que supone un destacado aumento, pero a\u00fan se encuentra en cifras bajas que no preocupan a los expertos.<\/p>\n<p class=\"v-p\">Por lo que respecta al global de infecciones respiratorias, tambi\u00e9n se ha producido un incremento en la regi\u00f3n en esta semana, con 610 casos de tasa de la semana 42, por los 538 del anterior registro en la semana 41 del a\u00f1o. Sin embargo, el Covid se reduce, de los 50 casos anteriores a una tasa actual de 35,4.<\/p>\n<p class=\"v-p\">Adem\u00e1s, un indicador que aumenta y que este s\u00ed suele poner en alerta a los expertos es el repunte de contagios entre los ni\u00f1os menores de 4 a\u00f1os. Suben m\u00e1s de 200 casos, hasta los 2.676 que hay en el \u00faltimo informe. Este dato es importante porque suele suponer un anticipo de lo que va a ocurrir en los pr\u00f3ximos d\u00edas y semanas, ya que los ni\u00f1os peque\u00f1os est\u00e1n en contacto con adultos mayores, especialmente los abuelos, que cuando se contagian s\u00ed suelen acabar necesitando un ingreso hospitalario.<\/p>\n<p class=\"v-p\">Est\u00e1 previsto que este martes Sanidad actualice los datos con la semana 43, donde se podr\u00e1 observar si la tendencia sigue siendo al alza de contagios por infecciones respiratorias en la Comunitat. Hay que recordar que desde el pasado d\u00eda 1 empez\u00f3 la campa\u00f1a de vacunaci\u00f3n de la gripe y el Covid para los mayores de 60 a\u00f1os, personas de riesgo y los ni\u00f1os peque\u00f1os, con el objetivo de prevenir una ola de contagios durante el invierno.<\/p>\n","protected":false},"excerpt":{"rendered":"Pese a las buenas temperaturas que est\u00e1 haciendo en la Comunitat en este oto\u00f1o, la gripe est\u00e1 empezando&hellip;\n","protected":false},"author":2,"featured_media":206223,"comment_status":"","ping_status":"","sticky":false,"template":"","format":"standard","meta":{"footnotes":""},"categories":[92],"tags":[5609,858,23242,7537,25,24,7749,165,6592,166,773,23],"class_list":{"0":"post-206222","1":"post","2":"type-post","3":"status-publish","4":"format-standard","5":"has-post-thumbnail","7":"category-salud","8":"tag-aumento","9":"tag-casos","10":"tag-comunitat","11":"tag-doble","12":"tag-es","13":"tag-espana","14":"tag-gripe","15":"tag-health","16":"tag-repunta","17":"tag-salud","18":"tag-semana","19":"tag-spain"},"share_on_mastodon":{"url":"https:\/\/pubeurope.com\/@es\/115454190979581256","error":""},"_links":{"self":[{"href":"https:\/\/www.europesays.com\/es\/wp-json\/wp\/v2\/posts\/206222","targetHints":{"allow":["GET"]}}],"collection":[{"href":"https:\/\/www.europesays.com\/es\/wp-json\/wp\/v2\/posts"}],"about":[{"href":"https:\/\/www.europesays.com\/es\/wp-json\/wp\/v2\/types\/post"}],"author":[{"embeddable":true,"href":"https:\/\/www.europesays.com\/es\/wp-json\/wp\/v2\/users\/2"}],"replies":[{"embeddable":true,"href":"https:\/\/www.europesays.com\/es\/wp-json\/wp\/v2\/comments?post=206222"}],"version-history":[{"count":0,"href":"https:\/\/www.europesays.com\/es\/wp-json\/wp\/v2\/posts\/206222\/revisions"}],"wp:featuredmedia":[{"embeddable":true,"href":"https:\/\/www.europesays.com\/es\/wp-json\/wp\/v2\/media\/206223"}],"wp:attachment":[{"href":"https:\/\/www.europesays.com\/es\/wp-json\/wp\/v2\/media?parent=206222"}],"wp:term":[{"taxonomy":"category","embeddable":true,"href":"https:\/\/www.europesays.com\/es\/wp-json\/wp\/v2\/categories?post=206222"},{"taxonomy":"post_tag","embeddable":true,"href":"https:\/\/www.europesays.com\/es\/wp-json\/wp\/v2\/tags?post=206222"}],"curies":[{"name":"wp","href":"https:\/\/api.w.org\/{rel}","templated":true}]}}