{"id":206250,"date":"2025-10-28T23:00:08","date_gmt":"2025-10-28T23:00:08","guid":{"rendered":"https:\/\/www.europesays.com\/es\/206250\/"},"modified":"2025-10-28T23:00:08","modified_gmt":"2025-10-28T23:00:08","slug":"el-gluten-sienta-mal-a-una-de-cada-diez-10-personas-no-celiacas-expansion","status":"publish","type":"post","link":"https:\/\/www.europesays.com\/es\/206250\/","title":{"rendered":"El gluten sienta mal a una de cada diez 10 personas no cel\u00edacas &#8211; Expansi\u00f3n"},"content":{"rendered":"<ol>\n<li><a href=\"https:\/\/news.google.com\/rss\/articles\/CBMimwFBVV95cUxOZUstaGRWVG1IZllwYldLcHhwMlY1akN6RDhSYWljYnVJWi05TzFWaFBCaHVCbnpMVWxfZmhIWUJHUkZqaTJDazdsdmR4U3ZtLWh0dTRKQXEzRFY3TlduN2lYU0Q0T1lhZ2FNSFpWdjRkc19YSDRQbXNaRUVaY0lKbm9BYnNtX0lEcWpURzB2bDF3V05DTkE5bUtXb9IBmwFBVV95cUxNRmtpUzkwT1d5YklmWEFHU1JCNDA5b0M4Q05PMjVlRTRVcWdOdS1xV1hET09JNzBOMHE0a0FoZnp6ZTA0UEZQRjJnM0lSeWJIemthZHZOY09PU2pLVWdFZUJxU3hGMHktdDZiYmJFTjl6VmhJSGYyRE9iZjJwTnlZenp0Wi1pOFl4QlpJWmwtQXBaeE9uRHljdWVBVQ?oc=5\" target=\"_blank\" rel=\"nofollow noopener\">El gluten sienta mal a una de cada diez 10 personas no cel\u00edacas<\/a>&nbsp;&nbsp;Expansi\u00f3n<\/li>\n<li><a href=\"https:\/\/news.google.com\/rss\/articles\/CBMiswFBVV95cUxNZHZ6UTN1bGNzdWdFTTRPTmZUakhYdnZEeUxCQjRzYkN6SGxpSU1aS1dESXVTQzRNSDZWNXJHVXFsWnhmTkItaVZLNFpnV1g2MW51QmJfZnVBMmU0OTlQdWlSdkJCZGluLUZhWnJWWmpTVm1KTC1zYUtiMlBWME9ObzFYLVFqZ1RwelBYSkVWeGMzNFQ2R3dRVURJczJoalhxWk9wWGkzYnZaT2FKWHk5dmtETQ?oc=5\" target=\"_blank\" rel=\"nofollow noopener\">Una de cada 10 personas no cel\u00edacas sufre s\u00edntomas diversos despu\u00e9s de comer gluten<\/a>&nbsp;&nbsp;Science Media Centre Espa\u00f1a<\/li>\n<li><a href=\"https:\/\/news.google.com\/rss\/articles\/CBMi0gFBVV95cUxPMVNLR0hLbE9aS1A0SDNfMnR4VGI2X1c0U3lUbUdMQ1RIYmNST0M3bS01S0RzNDVLejJFNkgxZGlwVFVDNW9Dd0RXTFo5dVNFNk1kLXZITHJqZzQtTkkzd2J6YWVIQjNuUjM1Snk4SWV6VmQzbElRRktZZjVfX0hUbmQwUjZJQnVxdUd5Yk8tZnhleDhKanNWcGZIUVFYQ0ZsR2lNdVhOcUh0OWVKaUJDdEFveWtUQ0d1TVpyVUtIMmxsY0I2SHM4dWpjT0xVdnpOc2c?oc=5\" target=\"_blank\" rel=\"nofollow noopener\">El intestino y el cerebro, no el gluten, ser\u00edan los responsables del malestar digestivo, seg\u00fan la ciencia<\/a>&nbsp;&nbsp;Gizmodo en Espa\u00f1ol<\/li>\n<li><a href=\"https:\/\/news.google.com\/rss\/articles\/CBMimgFBVV95cUxQZ2hpa2VHQl9WSjJmY2VPeW9RZnFKNWlBMTVEWUZIY05oYzZabFFTYVQ4cG5lZm9tektEV0hZT29Rb2kySTF1WUF4d2QzYXdIRUxUSGhMYktTT1pqT1NWZEZqSFp5SmtDcExzYldWQklXdDRIZ1JfTkxibC0tTEpDdk9QMnhvN3lSaFp2MVJZNUtjZEIzR3I4MW5R?oc=5\" target=\"_blank\" rel=\"nofollow noopener\">Un estudio revela que la mayor\u00eda de quienes creen tener intolerancia al gluten podr\u00edan estar equivocados<\/a>&nbsp;&nbsp;Yahoo<\/li>\n<li><a href=\"https:\/\/news.google.com\/rss\/articles\/CBMiywFBVV95cUxOTEVvaW5IRy1yUmRuaGFMUjA2VHhiVTd6Q3Q3dVY2RVN0WDRiRlZxWUZJcnVRMkpBemJnd2FjRmZ5N1prTE5oRHhOLWNVRVVsN3g3aGdiblRZUnRDNzduZW5MU3BPalgxNXJ6ZkVKclBrNWdZOXhzY19vdXNyTVk1bDM2NnowYS1GVC1FamNEVUJKNDh0VVQyVWNTLVlPZVAyUFQtaEExUEdzT1FRU1U4MVgwcmZZMDA0bk8wallDaEljdGRVeG04OHkya9IB5gFBVV95cUxNWkFLcU5DWGs3alBKU01FaFNxODNNYnBEWWJXbU9QLWRYTGNNaWdYN1BzVTRycm0tajNZU3kxb1VxOXZtblluNDlkbmxmZDE4QndMNktlTEVQRlNRMGZST2JSZklqbjFLMzZhNENUNGctbDE5VjZfanRBYlJzeFltM2I3d2xNOTR5WC1vNEZrYXloei11ZU94ZGhHX1FnaFM4VFNpR3NGaUV4T25wMVVKY19Nc29lTU45YlBNT0hLWEdiVWE2VUR0d1ViQWhWOVNZLU1yV2ozNEg0aHZwbVNqM1pOSlNXdw?oc=5\" target=\"_blank\" rel=\"nofollow noopener\">Un estudio vincula la sensibilidad al gluten con la interacci\u00f3n intestino-cerebro<\/a>&nbsp;&nbsp;Infobae<\/li>\n<\/ol>\n","protected":false},"excerpt":{"rendered":"El gluten sienta mal a una de cada diez 10 personas no cel\u00edacas&nbsp;&nbsp;Expansi\u00f3n Una de cada 10 personas&hellip;\n","protected":false},"author":2,"featured_media":206251,"comment_status":"","ping_status":"","sticky":false,"template":"","format":"standard","meta":{"footnotes":""},"categories":[92],"tags":[24592,25,24,165,24594,166,24593,23],"class_list":{"0":"post-206250","1":"post","2":"type-post","3":"status-publish","4":"format-standard","5":"has-post-thumbnail","7":"category-salud","8":"tag-directivos-estilo-vida-salud","9":"tag-es","10":"tag-espana","11":"tag-health","12":"tag-nea","13":"tag-salud","14":"tag-salud-y-ciencia","15":"tag-spain"},"share_on_mastodon":{"url":"https:\/\/pubeurope.com\/@es\/115454281238162417","error":""},"_links":{"self":[{"href":"https:\/\/www.europesays.com\/es\/wp-json\/wp\/v2\/posts\/206250","targetHints":{"allow":["GET"]}}],"collection":[{"href":"https:\/\/www.europesays.com\/es\/wp-json\/wp\/v2\/posts"}],"about":[{"href":"https:\/\/www.europesays.com\/es\/wp-json\/wp\/v2\/types\/post"}],"author":[{"embeddable":true,"href":"https:\/\/www.europesays.com\/es\/wp-json\/wp\/v2\/users\/2"}],"replies":[{"embeddable":true,"href":"https:\/\/www.europesays.com\/es\/wp-json\/wp\/v2\/comments?post=206250"}],"version-history":[{"count":0,"href":"https:\/\/www.europesays.com\/es\/wp-json\/wp\/v2\/posts\/206250\/revisions"}],"wp:featuredmedia":[{"embeddable":true,"href":"https:\/\/www.europesays.com\/es\/wp-json\/wp\/v2\/media\/206251"}],"wp:attachment":[{"href":"https:\/\/www.europesays.com\/es\/wp-json\/wp\/v2\/media?parent=206250"}],"wp:term":[{"taxonomy":"category","embeddable":true,"href":"https:\/\/www.europesays.com\/es\/wp-json\/wp\/v2\/categories?post=206250"},{"taxonomy":"post_tag","embeddable":true,"href":"https:\/\/www.europesays.com\/es\/wp-json\/wp\/v2\/tags?post=206250"}],"curies":[{"name":"wp","href":"https:\/\/api.w.org\/{rel}","templated":true}]}}