{"id":206269,"date":"2025-10-28T23:15:19","date_gmt":"2025-10-28T23:15:19","guid":{"rendered":"https:\/\/www.europesays.com\/es\/206269\/"},"modified":"2025-10-28T23:15:19","modified_gmt":"2025-10-28T23:15:19","slug":"eliminado-contra-un-rival-de-dos-categorias-menos-que-pudo-golearle-4-2","status":"publish","type":"post","link":"https:\/\/www.europesays.com\/es\/206269\/","title":{"rendered":"eliminado contra un rival de dos categor\u00edas menos que pudo golearle (4-2)"},"content":{"rendered":"<p class=\"ft-text ft-helper-align-justify\">Hay razones para el cabreo del oviedista a la luz de resultado. Porque perder en la primera ronda copera duele. Hacerlo ante un rival de dos categor\u00edas menos, a\u00fan m\u00e1s. Caer ante un equipo que a\u00fan no sab\u00eda lo era ganar, mucho m\u00e1s. Pero lo peor no es eso, no. Lo que m\u00e1s duele tiene que ver con las sensaciones, con lo expuesto sobre el c\u00e9sped. Porque el Oviedo fue muy inferior a un Ourense CF que le super\u00f3 en ilusi\u00f3n, intensidad y, sobre todo, f\u00fatbol. El 4-2 con el que los azules se despiden de la Copa agrieta a\u00fan m\u00e1s una temporada que se encaraba con la mayor ilusi\u00f3n que se recuerda y acent\u00faa las dudas con Carri\u00f3n, que tampoco en la Copa da la tecla.<\/p>\n<p>\t\t\t\t\t\t\t\tOurense FC<\/p>\n<p>\t\t\t\t\t\t<img decoding=\"async\" src=\"https:\/\/www.europesays.com\/es\/wp-content\/uploads\/2025\/10\/ourense.png\" class=\"ft-helper-img-rd\" title=\"title text\" alt=\"alt text\"\/><\/p>\n<p>\n\t\t\t\t\t4<br \/>\n\t\t\t\t\t2\n\t\t\t\t<\/p>\n<p>\t\t\t\t\t\t\t\tReal Oviedo<\/p>\n<p>\t\t\t\t\t\t<img decoding=\"async\" src=\"https:\/\/estaticos-cdn.prensaiberica.es\/lne\/deportes\/team-shields\/segunda\/real-oviedo.svg\" class=\"ft-helper-img-rd\" title=\"title text\" alt=\"alt text\"\/><\/p>\n<p>\n\t\t\t\t\t<strong>0-1<\/strong>, min. 16: Brekalo. <strong>1-1<\/strong>, min. 53: Jerin. <strong>1-2<\/strong>, min. 61: Ilic. <strong>2-2<\/strong>, min. 94: Jelbat. <strong>3-2<\/strong>, min. 98: Omar. <strong>4-2<\/strong>, min. 114: Amin.\n\t\t\t\t<\/p>\n<p class=\"ft-helper-fontSize-body-M--small ft-helper-fontColor-primary ft-helper-hide-md\"><strong>Alineaci\u00f3n Ourense FC<\/strong><\/p>\n<p class=\"ft-helper-fontSize-body-M\">Alberto (1); Prado (2), Carmona (2), Adri P\u00e9rez (2), Sanz (1); Aranzabe (1), Mu\u00f1oz (2), Jer\u00edn (3), Camus (2); Am\u00edn (1), Punzano (1).<\/p>\n<p class=\"ft-helper-fontSize-body-M--small ft-helper-fontColor-primary\">\n\t\t\t\t\t\t\t\t<strong>CAMBIOS<\/strong>\n\t\t\t\t\t\t\t<\/p>\n<p class=\"ft-helper-fontSize-body-M\">Omar (3) por Punzano, min. 27. <br \/>Jelbat (2) por Adri P\u00e9rez y Guerrero (2) por Camus, min. 62.<br \/>Castillo (1) por Mu\u00f1ox y Kensly (1) por Aranzabe, min. 75.<\/p>\n<p class=\"ft-helper-fontSize-body-M--small ft-helper-fontColor-primary ft-helper-hide-md\"><strong>Alineaci\u00f3n Real Oviedo<\/strong><\/p>\n<p class=\"ft-helper-fontSize-body-M\">Moldovan (1); Lucas (0), Bailly (0), Calvo (0), Rahim (1);<br \/>Sibo (0), Reina (0); Hassan (1), Ilic (1), Brekalo (1); \u00c1lex For\u00e9s (0).<\/p>\n<p class=\"ft-helper-fontSize-body-M--small ft-helper-fontColor-primary\">\n\t\t\t\t\t\t\t\t<strong>CAMBIOS<\/strong>\n\t\t\t\t\t\t\t<\/p>\n<p class=\"ft-helper-fontSize-body-M\">Agud\u00edn (1) por Brekalo y Colombatto (1) por Reina, min. 57.<br \/>Vi\u00f1as (0) por Ilic y Javi L\u00f3pez (1) por Rahim, min. 64.<br \/>Brandon (0) por Hassan, min. 81.<br \/>Chaira (1) por For\u00e9s, min. 99.<\/p>\n<p>\n\t\t\t\t\t\tAdri\u00e1n Vega (colegio c\u00e1ntabro). Amonest\u00f3 a los locales Omar, Amin y a los visitantes Rahim, Dani Calvo y Vi\u00f1as.\n\t\t\t\t\t<\/p>\n<p>\n\t\t\t\t\t\t<strong>O Couto<\/strong>: buena entrada.\n\t\t\t\t\t<\/p>\n<p class=\"ft-text ft-helper-align-justify\">Opt\u00f3 el entrenador por refrescar las piernas, y lo hizo con un cambio total en su equipo: once nuevos respecto a la monta\u00f1a rusa de Girona. Si lo que quer\u00eda era darle otra marcha al partido la decisi\u00f3n no tuvo los efectos deseados.<\/p>\n<p class=\"ft-text ft-helper-align-justify\">Porque sali\u00f3 un Oviedo rampl\u00f3n en O Couto. Uno que trataba de tenerla, pero m\u00e1s como mecanismo de defensa o por rutina que con intenciones reales de da\u00f1ar a un ordenado Ourense. Se entend\u00eda la cita como una oportunidad para reunir m\u00e9ritos de cara al once y, de paso, darle la raz\u00f3n a Carri\u00f3n en eso de que en su equipo no hay titulares fijos. No destac\u00f3 especialmente ninguno de los aspirantes en un primer tiempo romo, de bajas pulsaciones.<\/p>\n<p class=\"ft-text ft-helper-align-justify\">Y eso que al Oviedo le sonrieron las cosas pronto, minuto 16, en una jugada aislada marca registrada de Hassan. Poco se hab\u00eda visto hasta entonces cuando el galo recibi\u00f3 cerca del \u00e1rea, con el lateral cerr\u00e1ndole el paso sobre la l\u00ednea. Pero el galo se col\u00f3 con equilibrio de funambulista y a Sanz, lateral local, se le ocurri\u00f3 lanzarse al suelo para detener su marcha. Las dos carreras chocaron en un penalti de manual. Brekalo se acerc\u00f3 a los once metros y ejecut\u00f3 con confianza para allanar el camino.<\/p>\n<p class=\"ft-text ft-helper-align-justify\">Se le pon\u00edan las cosas de cara a los de Carri\u00f3n, que hab\u00edan impuesto la ley del m\u00e1s grande, la pegada como argumento para diferenciar categor\u00edas. Pero quien esperara un paseo digno de dos divisiones de diferencia se encontrar\u00eda con un panorama muy diferente.<\/p>\n<p class=\"ft-text ft-helper-align-justify\">Antes de entrar en la fase de dominio local, el Oviedo pudo ampliar la renta. Pero a Brekalo se le apagaron las luces ya en el \u00e1rea y Reina desajust\u00f3 su definici\u00f3n. Sin segundo golpe, el Ourense estaba vivo. Los \u00faltimos quince minutos fueron un calvario para los de Carri\u00f3n. Un par de c\u00f3rners, precedieron a la m\u00e1s clara, la de Omar, agitador desde su entrada por el lesionado Punzano, que chut\u00f3 buscando la esquina. Una manopla firme de Moldovan evit\u00f3 el disgusto carbay\u00f3n.<\/p>\n<p class=\"ft-text ft-helper-align-justify\">Tras el paso por vestuarios, sali\u00f3 mejor el Ourense. O en realidad, sigui\u00f3 con la misma t\u00f3nica. Un par de centros peligrosos avisaron de sus intenciones. Am\u00edn cay\u00f3 en el \u00e1rea, pero se llev\u00f3 la amarilla por fingir. No es que Moldovan estuviera exigido, pero n\u00f3tese que todo lo relatado suced\u00eda cerca del \u00e1rea carbayona.<\/p>\n<p class=\"ft-text ft-helper-align-justify\">No tard\u00f3 en llegar el guantazo, fue en el minuto 53. Reina perdi\u00f3 en la salida, con el equipo mal parado, el Ourense conect\u00f3 un par de pases y Jerin puso justicia desde la frontal. El empate hizo reaccionar a Carri\u00f3n: Agud\u00edn y Colombatto, al verde. El equipo entendi\u00f3 el mensaje, al menos con la pelota, porque no tard\u00f3 en ponerse otra vez por delante. Esta vez hizo Ilic de ejecutor tras una buena combinaci\u00f3n entre Colombatto y For\u00e9s.<\/p>\n<p class=\"ft-text ft-helper-align-justify\">Agud\u00edn empez\u00f3 a aparecer entre l\u00edneas, todo un soplo de aire fresco para un Oviedo a trompicones, pero el Ourense segu\u00eda llegando con demasiada facilidad a las inmediaciones de Moldovan. Vi\u00f1as tuvo ante s\u00ed un atajo a la clasificaci\u00f3n pero regal\u00f3 el gol m\u00e1s sencillo de la tarde entre regatear al portero y una picadita con mal pulso. Agud\u00edn oposit\u00f3 a jugada de la tarde, demostrando que nunca es pronto cuando rebosa el talento: chut\u00f3 desde la frontal y choc\u00f3 con el larguero. El choque estaba muy abierto, estaba \u201ccopero\u201d y Kensly lo subray\u00f3 con un gran cabezazo que se fue contra el travesa\u00f1o.<\/p>\n<p class=\"ft-text ft-helper-align-justify\">El \u00faltimo cuarto de hora fue local. Prado lo intent\u00f3 desde la frontal y Amin en una falta peligrosa en las m\u00e1s claras hasta la traca final. A los 94\u2019, el premio gallego: una falta lateral y cabezazo inapelable de Jelbat sin apenas oposici\u00f3n.<\/p>\n<p class=\"ft-text ft-helper-align-justify\">La pr\u00f3rroga fue una condena ag\u00f3nica para el Oviedo, inferior en cada parte del campo. El Ourense se lo comi\u00f3. Acert\u00f3 Omar a los 98\u2019, en una jugada que resalt\u00f3 la pasividad de los de Carri\u00f3n. Quiso reaccionar el Oviedo pero llevaba mucho tiempo fuera del partido, casi todo, noqueado desde el cabezazo de Jelbat. Pudo ser una sangr\u00eda. Amin hizo el cuarto de penalti y Moldovan detuvo otra pena en el \u00faltimo instante.<\/p>\n<p class=\"ft-text ft-helper-align-justify\">Si la Copa era la oportunidad de reafirmar ideas y crecer en sensaciones, el paso por Ourense reabre las heridas y aumenta las dudas con Carri\u00f3n que tampoco en Copa conoce la victoria.<\/p>\n<p data-close=\"closedContent\" class=\"subscribeHideForDisplay\">Suscr\u00edbete para seguir leyendo<\/p>\n","protected":false},"excerpt":{"rendered":"Hay razones para el cabreo del oviedista a la luz de resultado. Porque perder en la primera ronda&hellip;\n","protected":false},"author":2,"featured_media":206270,"comment_status":"","ping_status":"","sticky":false,"template":"","format":"standard","meta":{"footnotes":""},"categories":[268],"tags":[54135,168,27159,23224,25,24,280,282,1875,19704,1796,3302,17681,9251,281,23,167],"class_list":{"0":"post-206269","1":"post","2":"type-post","3":"status-publish","4":"format-standard","5":"has-post-thumbnail","7":"category-futbol","8":"tag-copero","9":"tag-deportes","10":"tag-el-paso","11":"tag-eliminado","12":"tag-es","13":"tag-espana","14":"tag-football","15":"tag-futbol","16":"tag-luz","17":"tag-ourense","18":"tag-oviedo","19":"tag-real-oviedo","20":"tag-ridiculo","21":"tag-ronda","22":"tag-soccer","23":"tag-spain","24":"tag-sports"},"share_on_mastodon":{"url":"https:\/\/pubeurope.com\/@es\/115454340916967299","error":""},"_links":{"self":[{"href":"https:\/\/www.europesays.com\/es\/wp-json\/wp\/v2\/posts\/206269","targetHints":{"allow":["GET"]}}],"collection":[{"href":"https:\/\/www.europesays.com\/es\/wp-json\/wp\/v2\/posts"}],"about":[{"href":"https:\/\/www.europesays.com\/es\/wp-json\/wp\/v2\/types\/post"}],"author":[{"embeddable":true,"href":"https:\/\/www.europesays.com\/es\/wp-json\/wp\/v2\/users\/2"}],"replies":[{"embeddable":true,"href":"https:\/\/www.europesays.com\/es\/wp-json\/wp\/v2\/comments?post=206269"}],"version-history":[{"count":0,"href":"https:\/\/www.europesays.com\/es\/wp-json\/wp\/v2\/posts\/206269\/revisions"}],"wp:featuredmedia":[{"embeddable":true,"href":"https:\/\/www.europesays.com\/es\/wp-json\/wp\/v2\/media\/206270"}],"wp:attachment":[{"href":"https:\/\/www.europesays.com\/es\/wp-json\/wp\/v2\/media?parent=206269"}],"wp:term":[{"taxonomy":"category","embeddable":true,"href":"https:\/\/www.europesays.com\/es\/wp-json\/wp\/v2\/categories?post=206269"},{"taxonomy":"post_tag","embeddable":true,"href":"https:\/\/www.europesays.com\/es\/wp-json\/wp\/v2\/tags?post=206269"}],"curies":[{"name":"wp","href":"https:\/\/api.w.org\/{rel}","templated":true}]}}