{"id":206354,"date":"2025-10-29T00:26:18","date_gmt":"2025-10-29T00:26:18","guid":{"rendered":"https:\/\/www.europesays.com\/es\/206354\/"},"modified":"2025-10-29T00:26:18","modified_gmt":"2025-10-29T00:26:18","slug":"nacho-aragon-y-bea-gimeno-anuncian-que-ya-son-padres-de-su-primer-hijo-es-imposible-querer-mas","status":"publish","type":"post","link":"https:\/\/www.europesays.com\/es\/206354\/","title":{"rendered":"Nacho Arag\u00f3n y Bea Gimeno anuncian que ya son padres de su primer hijo: \u00ab\u00a1Es imposible querer m\u00e1s!\u00bb"},"content":{"rendered":"<p data-journey-content=\"true\" data-node-id=\"3\" class=\"css-6wxqfj emevuu60\">La familia Arag\u00f3n vivi\u00f3 en septiembre de 2024 uno de sus momentos m\u00e1s felices. El d\u00eda 7 de septiembre fue el escogido por la influencer <a href=\"https:\/\/www.diezminutos.es\/famosos-corazon\/famosos-espanoles\/a62093754\/nacho-aragon-hijo-emilio-aragon-boda-bea-gimeno\/\" target=\"_blank\" data-vars-ga-outbound-link=\"https:\/\/www.diezminutos.es\/famosos-corazon\/famosos-espanoles\/a62093754\/nacho-aragon-hijo-emilio-aragon-boda-bea-gimeno\/\" data-vars-ga-ux-element=\"Hyperlink\" data-vars-ga-call-to-action=\"Bea Gimeno y Nacho Arag\u00f3n para celebrar su boda\" data-node-id=\"3.1\" class=\"body-link css-177bzfx emevuu60\" rel=\"nofollow noopener\">Bea Gimeno y Nacho Arag\u00f3n para celebrar su boda<\/a>. As\u00ed, el hijo menor de <a href=\"https:\/\/www.diezminutos.es\/famosos-corazon\/famosos-espanoles\/a62929101\/emilio-aragon-aruca-como-se-conocieron\/\" target=\"_blank\" data-vars-ga-outbound-link=\"https:\/\/www.diezminutos.es\/famosos-corazon\/famosos-espanoles\/a62929101\/emilio-aragon-aruca-como-se-conocieron\/\" data-vars-ga-ux-element=\"Hyperlink\" data-vars-ga-call-to-action=\"Emilio Arag\u00f3n (66) y Aruca Fern\u00e1ndez-Vega (64)\" data-node-id=\"3.3\" class=\"body-link css-177bzfx emevuu60\" rel=\"nofollow noopener\">Emilio Arag\u00f3n (66) y Aruca Fern\u00e1ndez-Vega (64)<\/a> era el \u00faltimo de la pareja en casarse. Pero pese a la alegr\u00eda de aquella jornada, a\u00fan les quedaba por vivir la experiencia que cambiar\u00eda su vida para siempre. En febrero se enteraron de que esperaban un beb\u00e9 y en mayo hicieron p\u00fablica la noticia con ilusi\u00f3n:<strong data-node-id=\"3.5\"> \u00abNunca hab\u00edamos tenido tantas ganas de que llegara noviembre\u00bb, compart\u00eda Bea en sus redes sociales<\/strong>. Sin embargo, el momento de recibir a su peque\u00f1o se ha adelantado un pel\u00edn y, tal como ella misma ha anunciado tambi\u00e9n a trav\u00e9s de su perfil de Instagram, <strong data-node-id=\"3.7\">Nacho Arag\u00f3n y Bea Gimeno ya son pap\u00e1s.<\/strong><\/p>\n<p>Nacho Arag\u00f3n y Bea Gimeno anuncian el nacimiento de su primer hijo, Pelayo<\/p>\n<p data-journey-content=\"true\" data-node-id=\"9\" class=\"css-6wxqfj emevuu60\">Bea Gimeno ha empleado su perfil en redes sociales para compartir la mejor de las noticias. Aunque lo ha anunciado unos d\u00edas despu\u00e9s, <strong data-node-id=\"9.1\">el pasado s\u00e1bado 25 de octubre fue el d\u00eda en que ella y su marido, Nacho Arag\u00f3n, dieron la bienvenida al peque\u00f1o Pelayo.<\/strong> El beb\u00e9 ha llegado para colmar de felicidad al matrimonio, ha sido recibido como una bendici\u00f3n por parte de ambos, seg\u00fan explica la influencer: \u00abPelayo. Lo mejor que nos ha pasado en la vida!!!\u00bb.<\/p>\n<p data-journey-content=\"true\" data-node-id=\"14\" class=\"css-6wxqfj emevuu60\">As\u00ed, a continuaci\u00f3n no ha dudado en dar algunos detalles de c\u00f3mo fue la experiencia que , sin duda, les habr\u00e1 cambiado la vida a ambos: \u00abEl s\u00e1bado sobre las 00:00 romp\u00ed aguas, y desde entonces hemos estado en una nube inexplicable. Esta canci\u00f3n era la que sonaba mientras te ve\u00edamos llegar al mundo\u00bb, expon\u00eda en referencia al tema &#8216;Landslide&#8217; de Fleetwood Mac con el que acompa\u00f1aba la publicaci\u00f3n.<\/p>\n<p data-journey-content=\"true\" data-node-id=\"16\" class=\"css-6wxqfj emevuu60\"> Pero a\u00fan quiso reflejar un poco mejor el viaje de emociones que est\u00e1 atravesando: \u00abQu\u00e9 sensaci\u00f3n de plenitud, emociones preciosas, una vida nueva que es imposible querer m\u00e1s, me quedo en esta nube para siempre!!! Nacho Arag\u00f3n, gracias por el mejor regalo que me pod\u00edas dar, mi familia\u00bb. Tras esta \u00faltima incorporaci\u00f3n, Pelayo se convierte en el miembro m\u00e1s joven de los Arag\u00f3n, al ser el quinto nieto de <a href=\"https:\/\/www.diezminutos.es\/teleprograma\/programas-tv\/a68183776\/emilio-aragon-entrevista-retirada-television\/\" target=\"_blank\" data-vars-ga-outbound-link=\"https:\/\/www.diezminutos.es\/teleprograma\/programas-tv\/a68183776\/emilio-aragon-entrevista-retirada-television\/\" data-vars-ga-ux-element=\"Hyperlink\" data-vars-ga-call-to-action=\"Emilio Arag\u00f3n\" data-node-id=\"16.1\" class=\"body-link css-177bzfx emevuu60\" rel=\"nofollow noopener\">Emilio Arag\u00f3n<\/a> y Aruca Fern\u00e1ndez-Vega, perpetuando la estirpe de los que siempre ser\u00e1n <a href=\"https:\/\/www.diezminutos.es\/estilo-de-vida\/ocio\/news\/g9848\/que-ha-sido-de-los-payasos-de-la-tele\/\" target=\"_blank\" data-vars-ga-outbound-link=\"https:\/\/www.diezminutos.es\/estilo-de-vida\/ocio\/news\/g9848\/que-ha-sido-de-los-payasos-de-la-tele\/\" data-vars-ga-ux-element=\"Hyperlink\" data-vars-ga-call-to-action=\"&#039;Los payasos de la tele&#039;\" data-node-id=\"16.3\" class=\"body-link css-177bzfx emevuu60\" rel=\"nofollow noopener\">&#8216;Los payasos de la tele&#8217;<\/a>. <\/p>\n<p><img src=\"https:\/\/www.europesays.com\/es\/wp-content\/uploads\/2025\/10\/1761697578_753_c846bc45-0529-47f5-9c7d-b54f2b3afed7_1682587735.file\" alt=\"Headshot of Nora C\u00e1mara\" title=\"Headshot of Nora C\u00e1mara\" width=\"100%\" height=\"100%\" decoding=\"async\" loading=\"lazy\" class=\"css-o0wq4v ev8dhu53\"\/><\/p>\n<p>Nora es experta en contenidos de cine y televisi\u00f3n en la web de Diez Minutos. Sus intereses personales y profesionales se cruzan en su labor en esta revista, pues dedica su tiempo a estar al d\u00eda en los \u00faltimos estrenos en salas y plataformas, tanto para no perd\u00e9rselos como para recomendarlos. Pero que nadie sufra, tambi\u00e9n desconecta con la m\u00fasica en directo, la lectura y los viajes. \u00a0<\/p>\n<p>Prescriptora audiovisual por verdadera afici\u00f3n, siempre est\u00e1 dispuesta a arrastrarte con ella al apasionante mundo de las sagas como Harry Potter, Star Wars o Marvel, as\u00ed como a sugerirte la \u00faltima serie adictiva que no debes perderte de Netflix, HBO Max, Disney+, Movistar+ y Amazon Prime Video. Eso s\u00ed, si tienes un arrebato de nostalgia, tambi\u00e9n te recordar\u00e1 el cl\u00e1sico perfecto para cualquier estado de \u00e1nimo o tem\u00e1tica que te interese, desde el musical o la ciencia ficci\u00f3n a las adaptaciones literarias.\u00a0<\/p>\n<p>Nora C\u00e1mara se gradu\u00f3 en Periodismo y Comunicaci\u00f3n Audiovisual en la Universidad Carlos III de Madrid en 2015, donde defini\u00f3 su pasi\u00f3n por los contenidos de cine y televisi\u00f3n. Continu\u00f3 su especializaci\u00f3n en estas materias con diversas formaciones de Guion de televisi\u00f3n y Cr\u00edtica cinematogr\u00e1fica, llev\u00e1ndole a mejorar su experiencia en las revistas del grupo HEARST Teleprograma, Supertele y Telenovela, antes de su llegada a Diez Minutos, hace dos a\u00f1os. \u00a0<\/p>\n","protected":false},"excerpt":{"rendered":"La familia Arag\u00f3n vivi\u00f3 en septiembre de 2024 uno de sus momentos m\u00e1s felices. El d\u00eda 7 de&hellip;\n","protected":false},"author":2,"featured_media":206355,"comment_status":"","ping_status":"","sticky":false,"template":"","format":"standard","meta":{"footnotes":""},"categories":[174],"tags":[255,253,146,147,25,24,256,23],"class_list":{"0":"post-206354","1":"post","2":"type-post","3":"status-publish","4":"format-standard","5":"has-post-thumbnail","7":"category-famosos","8":"tag-celebrities","9":"tag-discover","10":"tag-entertainment","11":"tag-entretenimiento","12":"tag-es","13":"tag-espana","14":"tag-famosos","15":"tag-spain"},"share_on_mastodon":{"url":"https:\/\/pubeurope.com\/@es\/115454619574062397","error":""},"_links":{"self":[{"href":"https:\/\/www.europesays.com\/es\/wp-json\/wp\/v2\/posts\/206354","targetHints":{"allow":["GET"]}}],"collection":[{"href":"https:\/\/www.europesays.com\/es\/wp-json\/wp\/v2\/posts"}],"about":[{"href":"https:\/\/www.europesays.com\/es\/wp-json\/wp\/v2\/types\/post"}],"author":[{"embeddable":true,"href":"https:\/\/www.europesays.com\/es\/wp-json\/wp\/v2\/users\/2"}],"replies":[{"embeddable":true,"href":"https:\/\/www.europesays.com\/es\/wp-json\/wp\/v2\/comments?post=206354"}],"version-history":[{"count":0,"href":"https:\/\/www.europesays.com\/es\/wp-json\/wp\/v2\/posts\/206354\/revisions"}],"wp:featuredmedia":[{"embeddable":true,"href":"https:\/\/www.europesays.com\/es\/wp-json\/wp\/v2\/media\/206355"}],"wp:attachment":[{"href":"https:\/\/www.europesays.com\/es\/wp-json\/wp\/v2\/media?parent=206354"}],"wp:term":[{"taxonomy":"category","embeddable":true,"href":"https:\/\/www.europesays.com\/es\/wp-json\/wp\/v2\/categories?post=206354"},{"taxonomy":"post_tag","embeddable":true,"href":"https:\/\/www.europesays.com\/es\/wp-json\/wp\/v2\/tags?post=206354"}],"curies":[{"name":"wp","href":"https:\/\/api.w.org\/{rel}","templated":true}]}}