{"id":206380,"date":"2025-10-29T00:53:10","date_gmt":"2025-10-29T00:53:10","guid":{"rendered":"https:\/\/www.europesays.com\/es\/206380\/"},"modified":"2025-10-29T00:53:10","modified_gmt":"2025-10-29T00:53:10","slug":"chenoa-se-emociona-al-recordar-a-alex-casademunt-en-el-24o-aniversario-de-operacion-triunfo","status":"publish","type":"post","link":"https:\/\/www.europesays.com\/es\/206380\/","title":{"rendered":"Chenoa se emociona al recordar a \u00c0lex Casademunt en el 24\u00ba aniversario de &#8216;Operaci\u00f3n Triunfo&#8217;"},"content":{"rendered":"<p id=\"eXvjcrn7k7h\" data-wc=\"63\">Fue en el a\u00f1o 2001 cuando una joven Chenoa hizo su primera aparici\u00f3n p\u00fablica en la primera edici\u00f3n de Operaci\u00f3n Triunfo, el programa que la llev\u00f3 a convertirse en uno de los iconos m\u00e1s significativos de la m\u00fasica espa\u00f1ola. Veinticuatro a\u00f1os despu\u00e9s, la cantante sigue recordando con el m\u00e1ximo cari\u00f1o aquella experiencia que hizo posible el despegue de su carrera musical y televisiva.\u00a0<\/p>\n<p> <img src=\"https:\/\/www.europesays.com\/es\/wp-content\/uploads\/2025\/10\/c924ebdd4aab-hoy-hace-24-aos-de-ot1-a-esa-nia-le-dira-tranquila-todo-ir-bien-gracias-po.jpg\"   width=\"774\" height=\"1024\" loading=\"lazy\" decoding=\"async\" alt=\"@chenoa\" fetchpriority=\"auto\" class=\"image ho-image\"\/>@chenoa<\/p>\n<p id=\"eimwZL6HwB\" data-wc=\"140\">Hace tan solo unos d\u00edas, la artista compart\u00eda en sus redes sociales una imagen generada con Inteligencia Artificial en la que se pod\u00eda apreciar a su yo de ni\u00f1a posando divertida junto a su yo actual, aludiendo el paso de los a\u00f1os. \u00abHoy hace 24 a\u00f1os de OT 1. A esa ni\u00f1a le dir\u00eda: &#8216;Tranquila, todo ir\u00e1 bien. Gracias por seguir creyendo, por no rendirte, por ser el principio de todo lo que soy hoy. Y que los sue\u00f1os tardan, pero llegan'\u00bb, recordaba nost\u00e1lgica. Tambi\u00e9n quiso expresar su gratitud al reality\u00a0que la vio nacer como artista y a todos aquellos que estuvieron a su lado durante el camino: \u00abGracias siempre por esa oportunidad que me dio tanto y a todos los que me hab\u00e9is acompa\u00f1ado en estos 24 a\u00f1os. Feliz 24 aniversario, OT1. Os quiero mucho\u00bb, escribi\u00f3 la cantante.<\/p>\n<p>Operaci\u00f3n Triunfo cumple 24 a\u00f1os<\/p>\n<p id=\"e-_VIGncBP\" data-wc=\"83\">Este a\u00f1o, Operaci\u00f3n Triunfo celebra su vig\u00e9simo cuarto aniversario siendo uno de los l\u00edderes de audiencia en nuestro pa\u00eds, y Chenoa no quiso dejar la oportunidad de manifestar en el \u00faltimo programa lo afortunada que se siente de formar parte de esta gran familia: \u00abQuer\u00eda mandar mucho cari\u00f1o para todos los que nos hab\u00e9is acompa\u00f1ado en este camino. Estoy super orgullosa de haber estado en esa edici\u00f3n, en la primera de todas, y quer\u00eda mandar un beso fuerte a todos mis compa\u00f1eros\u00bb, proclam\u00f3.<\/p>\n<p id=\"epau6_s1wn\" data-wc=\"94\">Acto seguido, la cantante sorprendi\u00f3 al p\u00fablico reviviendo el recuerdo de \u00c0lex Casademunt, uno de sus compa\u00f1eros en Operaci\u00f3n Triunfo 2001: \u00abMuy en especial a la familia de \u00c1lex Casademunt, Rosa, Joan y Cris, un beso\u00bb, declar\u00f3 la presenta entre v\u00edtores y ovaciones, mientras trataba de contener las l\u00e1grimas. \u00abBien, uff. Vale, vamos\u00bb, trat\u00f3 de proseguir, visiblemente emocionada. \u00c0lex Casademunt falleci\u00f3 en marzo de 2021 debido a un brutal accidente de tr\u00e1fico, dejando un vac\u00edo en sus familiares y amigos, pero tambi\u00e9n en sus compa\u00f1eros de industria que, como Chenoa, siguen honrando su memoria.<\/p>\n<p> <img src=\"https:\/\/www.europesays.com\/es\/wp-content\/uploads\/2025\/10\/0daeef3c4277-alex-casademunt1-t.jpg\"   width=\"1024\" height=\"614\" loading=\"lazy\" decoding=\"async\" alt=\"alex casademunt1\" fetchpriority=\"auto\" class=\"image ho-image\"\/>\u00a9 Redes sociales<\/p>\n<p id=\"eBxnH1etRB\" data-wc=\"83\">En esta nueva edici\u00f3n de OT 2025, Chenoa asume el papel de presentadora, y la cantante aprovecha siempre que puede su posici\u00f3n para defender y propugnar los valores del concurso. La \u00faltima canci\u00f3n elegida para la actuaci\u00f3n grupal que marca el inicio de cada programa fue \u00abMake your own kind of music\u00bb, de Cass Eliot. \u00abEs una canci\u00f3n que habla de seguir un camino a tu manera. Y esa es una de las esencias de este programa\u00bb, afirm\u00f3 la cantante tras el acto.<\/p>\n","protected":false},"excerpt":{"rendered":"Fue en el a\u00f1o 2001 cuando una joven Chenoa hizo su primera aparici\u00f3n p\u00fablica en la primera edici\u00f3n&hellip;\n","protected":false},"author":2,"featured_media":206381,"comment_status":"","ping_status":"","sticky":false,"template":"","format":"standard","meta":{"footnotes":""},"categories":[171],"tags":[517,17945,146,147,25,24,23,214],"class_list":{"0":"post-206380","1":"post","2":"type-post","3":"status-publish","4":"format-standard","5":"has-post-thumbnail","7":"category-tv","8":"tag-actualidad","9":"tag-chenoa","10":"tag-entertainment","11":"tag-entretenimiento","12":"tag-es","13":"tag-espana","14":"tag-spain","15":"tag-tv"},"share_on_mastodon":{"url":"https:\/\/pubeurope.com\/@es\/115454725809915462","error":""},"_links":{"self":[{"href":"https:\/\/www.europesays.com\/es\/wp-json\/wp\/v2\/posts\/206380","targetHints":{"allow":["GET"]}}],"collection":[{"href":"https:\/\/www.europesays.com\/es\/wp-json\/wp\/v2\/posts"}],"about":[{"href":"https:\/\/www.europesays.com\/es\/wp-json\/wp\/v2\/types\/post"}],"author":[{"embeddable":true,"href":"https:\/\/www.europesays.com\/es\/wp-json\/wp\/v2\/users\/2"}],"replies":[{"embeddable":true,"href":"https:\/\/www.europesays.com\/es\/wp-json\/wp\/v2\/comments?post=206380"}],"version-history":[{"count":0,"href":"https:\/\/www.europesays.com\/es\/wp-json\/wp\/v2\/posts\/206380\/revisions"}],"wp:featuredmedia":[{"embeddable":true,"href":"https:\/\/www.europesays.com\/es\/wp-json\/wp\/v2\/media\/206381"}],"wp:attachment":[{"href":"https:\/\/www.europesays.com\/es\/wp-json\/wp\/v2\/media?parent=206380"}],"wp:term":[{"taxonomy":"category","embeddable":true,"href":"https:\/\/www.europesays.com\/es\/wp-json\/wp\/v2\/categories?post=206380"},{"taxonomy":"post_tag","embeddable":true,"href":"https:\/\/www.europesays.com\/es\/wp-json\/wp\/v2\/tags?post=206380"}],"curies":[{"name":"wp","href":"https:\/\/api.w.org\/{rel}","templated":true}]}}