{"id":206477,"date":"2025-10-29T02:21:10","date_gmt":"2025-10-29T02:21:10","guid":{"rendered":"https:\/\/www.europesays.com\/es\/206477\/"},"modified":"2025-10-29T02:21:10","modified_gmt":"2025-10-29T02:21:10","slug":"cronica-copa-manita-en-maracena-para-pasar-a-segunda-ronda-antes-del-bernabeu","status":"publish","type":"post","link":"https:\/\/www.europesays.com\/es\/206477\/","title":{"rendered":"CR\u00d3NICA COPA Manita en Maracena para pasar a segunda ronda antes del Bernab\u00e9u"},"content":{"rendered":"<p class=\"ft-text\">El <a class=\"ft-link ft-link--decoration\" href=\"https:\/\/www.superdeporte.es\/tags\/valencia-cf\/\" rel=\"nofollow noopener\" target=\"_blank\">Valencia CF<\/a> inici\u00f3 la <a class=\"ft-link ft-link--decoration\" href=\"https:\/\/www.superdeporte.es\/tags\/copa-del-rey\/\" rel=\"nofollow noopener\" target=\"_blank\">Copa del Rey<\/a> 2025\/26 frente al <strong>modesto Maracena,<\/strong> que juega <strong>cinco divisiones por debajo,<\/strong> con una goleada en el Nuevo Los C\u00e1rmenes antes del regresar el s\u00e1bado a la <strong>cruda realidad de la Liga en el Santiago Bernab\u00e9u. <\/strong>David <strong>Otorbi <\/strong>y Dani <strong>Raba <\/strong>sobresalieron en la primera y la segunda parte en un equipo en el que Carlos Corber\u00e1n rot\u00f3 jugadores ante la delicada situaci\u00f3n en la que se ha metido tras las diez primeras jornadas. La victoria tuvo el sabor amargo de la lesi\u00f3n de <strong>Hugo Duro<\/strong>, quien debi\u00f3 retirarse con <strong>molestias en el tobillo<\/strong>.<\/p>\n<p class=\"ft-text\">Los <strong>cinco goles llovieron en los segundos 45 minutos<\/strong>, obra por este orden de <a class=\"ft-link ft-link--decoration\" href=\"https:\/\/www.superdeporte.es\/tags\/hugo-duro\/\" rel=\"nofollow noopener\" target=\"_blank\"><strong>Hugo Duro<\/strong><\/a><strong>, Dani Raba, Diego L\u00f3pez, Luis Rioja y Arnaut Danjuma<\/strong>. <a class=\"ft-link ft-link--decoration\" href=\"https:\/\/www.superdeporte.es\/valencia-cf\/2025\/10\/28\/javi-guerra-alcanza-100-partidos-oficiales-valencia-123122776.html\" rel=\"nofollow noopener\" target=\"_blank\">Javi Guerra, estandarte de la cantera, alcanz\u00f3 el centenar de partidos<\/a> como valencianista en un d\u00eda en el que <strong>se estrenaron en encuentro oficial los j\u00f3venes de la Academia VCF Alejandro Panach, Lucas N\u00fa\u00f1ez y Marc Jurado<\/strong>.<\/p>\n<p class=\"ft-text\">Poco a poco, el desgaste pudo m\u00e1s que la ilusi\u00f3n en las filas de la Uni\u00f3n Deportiva Maracena. Sin embargo, en el primer cuarto de hora, <strong>cuando las piernas de los jugadores locales estaban frescas, al Valencia le cost\u00f3 demasiado traspasar las dos l\u00edneas de cuatro<\/strong> que lo apartaban de la porter\u00eda defendida por David Garc\u00eda.<\/p>\n<p>El joven Panach dispuso de la primera clara ocasi\u00f3n<\/p>\n<p class=\"ft-text\">Durante ese tiempo inicial, la mejor aproximaci\u00f3n de los pupilos de Corber\u00e1n consisti\u00f3 en un remate lejano de Dani Raba y, sobre todo, <strong>un cabezazo arriba del <\/strong><a class=\"ft-link ft-link--decoration\" href=\"https:\/\/www.superdeporte.es\/valencia-cf\/2025\/10\/28\/alejandro-panach-123119124.html\" rel=\"nofollow noopener\" target=\"_blank\">joven central Panach<\/a>. Solo la velocidad y potencia de David Otorbi en la banda derecha parec\u00eda desequilibrar las fuerzas entre ambos equipos,<strong> uno militante en Divisi\u00f3n de Honor Andaluza, y otro, en la elite de Primera divisi\u00f3n<\/strong>.<\/p>\n<p class=\"ft-text\">A la media hora, <strong>Hugo Duro desperdici\u00f3 una ocasi\u00f3n de esas que un &#8216;9&#8217; con la camiseta del Valencia no puede perder<\/strong>. Un pase vertical de Javi Guerra lo dej\u00f3 solo delante del portero. Cuando el gol era la opci\u00f3n m\u00e1s sencilla, el delantero mand\u00f3 la pelota fuera, cerca del poste izquierdo.<\/p>\n<p class=\"ft-text\"><strong>Las fuerzas flaqueaban en el Maracena, ausente en el medio campo e incapaz de estirarse hacia la porter\u00eda de Stole Dimitrievski<\/strong>. Las diferencias t\u00e9cnicas y, sobre todo, f\u00edsicas empezaron a hacer mella. <strong>Ortorbi desbord\u00f3 dos veces por su carril y cre\u00f3 enorme peligro<\/strong> en el \u00e1rea granadina. Los dos centros del extremo los recogi\u00f3 <a class=\"ft-link ft-link--decoration\" href=\"https:\/\/www.superdeporte.es\/tags\/jesus-vazquez\/\" target=\"_blank\" rel=\"nofollow noopener\"><strong>Jes\u00fas V\u00e1zquez<\/strong><\/a><strong>, que no supo embocar<\/strong> a gol el bal\u00f3n. Primero lo envi\u00f3 por encima del larguero y, despu\u00e9s, raso. Igual que un chut posterior de <a class=\"ft-link ft-link--decoration\" href=\"https:\/\/www.superdeporte.es\/tags\/andre-almeida\/\" target=\"_blank\" rel=\"nofollow noopener\">Andr\u00e9 Almeida<\/a>.<\/p>\n<p class=\"ft-text\"><strong>La segunda parte empez\u00f3 con los mismos protagonistas, sin cambios<\/strong>. La balanza del partido, decantada claramente para el lado valencianista, hac\u00eda presagiar que pronto los de Corber\u00e1n encontrar\u00edan el tanto que les diera el acceso a la segunda ronda de la Copa. Aunque, como en el primer tiempo, para comenzar, Guerra tampoco atin\u00f3 a rematar al poco de la reanudaci\u00f3n.<\/p>\n<p>Primera titularidad de Dimitrievski<\/p>\n<p class=\"ft-text\">El normacedonio Dimitrievski, en su primera titularidad de la temporada, era <strong>testigo del duelo sobre el terreno sin tener que intervenir<\/strong> en ninguna ocasi\u00f3n. Lo m\u00e1s cerca fue un centro peligroso de los azules a los 49 minutos que abort\u00f3 la defensa. Y minutos m\u00e1s tarde, una salida a\u00e9rea para neutralizar un servicio colgado de <strong>Salvatierra<\/strong>.<\/p>\n<p class=\"ft-text\"><strong>La superioridad sobre el <\/strong><a class=\"ft-link ft-link--decoration\" href=\"https:\/\/www.superdeporte.es\/tags\/mestalla\/\" rel=\"nofollow noopener\" target=\"_blank\"><strong>campo del Valencia<\/strong><\/a><strong> requer\u00eda ponerse serio y no errar m\u00e1s ocasiones de gol<\/strong> con tal de complicarse el camino en <a class=\"ft-link ft-link--decoration\" href=\"https:\/\/rfef.es\/es\/competiciones\/copa-de-sm-el-rey\" rel=\"nofollow noopener\" target=\"_blank\"><strong>la Copa<\/strong><\/a> y, en especial, <strong>no echar m\u00e1s sal en la herida de un equipo que se encuentra en zona de descenso en la <\/strong><a class=\"ft-link ft-link--decoration\" href=\"https:\/\/www.superdeporte.es\/tags\/laliga\/\" rel=\"nofollow noopener\" target=\"_blank\"><strong>clasificaci\u00f3n de LaLiga<\/strong><\/a>. <strong>A la segunda, Hugo Duro no volver\u00eda a fallar (0-1, m. 55)<\/strong>. Remat\u00f3 a gol un servicio de primeras de Baptiste Santamar\u00eda al que hab\u00eda asistido en vertical el portugu\u00e9s Almeida.<\/p>\n<p>Raba, dosis de calidad para desequilibrar en tres cuartos<\/p>\n<p class=\"ft-text\">A la hora de partido, caer\u00eda el segundo tanto valencianista para dejar el pase visto para sentencia. Dani Raba mostr\u00f3 unas dosis de la calidad que atesora en la pierna zurda tras recibir un bal\u00f3n al contragolpe de Duro. E<strong>l de Santander sent\u00f3 a un par de zagueros y al portero local para anotar a puerta vac\u00eda (0-2, m. 60).<\/strong><\/p>\n<p class=\"ft-text\">Carlos Corber\u00e1n cambi\u00f3 piezas para dosificar los esfuerzos, que se necesitan de manera muy especial en la competici\u00f3n dom\u00e9stica. <strong>Arnaut Danjuma y Diego L\u00f3pez entraron en lugar de Otorbi y Guerra, y ellos mismos ejecutaron el tercer gol,<\/strong> regalado por el neerland\u00e9s al asturiano (0-3, m. 67), tras un pase certero, nuevamente, de Raba.<\/p>\n<p class=\"ft-text\">El f\u00fatbol en la zona de tres cuartos de <strong>Dani Raba -evidentemente, ayudado por la debilidad del rival- se convirti\u00f3 en la mejor noticia para un conjunto valencianista obstruido ofensivamente en la competici\u00f3n madre de la Liga<\/strong>. Un pase suyo a Danjuma dej\u00f3 al &#8216;7&#8217; mano a mano con el guardameta, quien detuvo el disparo con el pecho. Garc\u00eda evit\u00f3 el cuarto, aunque este no tardar\u00eda en llegar. <strong>Lo hizo con un chut de Luis Rioja a pase de Lucas N\u00fa\u00f1ez (0-4, m. 75)<\/strong>. Otros dos nuevos actores en la segunda mitad.<\/p>\n<p class=\"ft-text\">Cinco minutos despu\u00e9s, <strong>Danjuma tuvo la oportunidad de redimirse y Diego L\u00f3pez la de devolverle la asistencia (0-5, m. 80)<\/strong> en una acci\u00f3n en fuera de juego que el colegiado ni los asistentes percibieron. Raba los hab\u00eda vuelto a encontrar en el interior del \u00e1rea.<\/p>\n<p>Una goleada con porter\u00eda a cero para Ochotorena<\/p>\n<p class=\"ft-text\">La noche termin\u00f3 con una intervenci\u00f3n de Dimitrievski, que coloc\u00f3 el cuerpo de manera solvente en un uno contra uno y logr\u00f3 mantener el cerrojo en la porter\u00eda en el 0-5. <a class=\"ft-link ft-link--decoration\" href=\"https:\/\/www.superdeporte.es\/valencia-cf\/2025\/10\/27\/luto-valencia-cf-fallece-jose-ochotorena-123057637.html\" rel=\"nofollow noopener\" target=\"_blank\">El tributo que merece <\/a><a class=\"ft-link ft-link--decoration\" href=\"https:\/\/www.superdeporte.es\/valencia-cf\/2025\/10\/27\/luto-valencia-cf-fallece-jose-ochotorena-123057637.html\" rel=\"nofollow noopener\" target=\"_blank\"><strong>Jos\u00e9 Manuel Ochotorena,<\/strong><\/a><a class=\"ft-link ft-link--decoration\" href=\"https:\/\/www.superdeporte.es\/valencia-cf\/2025\/10\/27\/luto-valencia-cf-fallece-jose-ochotorena-123057637.html\" rel=\"nofollow noopener\" target=\"_blank\"> por quien se guard\u00f3 un minuto de silencio<\/a> antes del comienzo.<\/p>\n<p>Alineaciones<\/p>\n<p class=\"ft-text\"><strong>Maracena:<\/strong> David Garc\u00eda, Juanjo, Salvatierra, Maldonado (Klyversson, m. 53), Rub\u00e9n Alarc\u00f3n, Marfil (Lester, m. 66), Sabaca, Fal\u00edn, David Romero (Marcley, m. 66), Ra\u00fal Fern\u00e1ndez (C\u00e1mara, m. 66) y Rub\u00e9n Osuna (David Reinoso, m. 77).<\/p>\n<p class=\"ft-text\"><strong>Valencia:<\/strong> Dimitrievski, Rubo, Panach (Jurado, m. 88), Comert, Jes\u00fas V\u00e1zquez, Santamar\u00eda (Lucas N\u00fa\u00f1ez, m. 69), Javi Guerra (Diego L\u00f3pez, m. 60), Otorbi (Danjuma, m. 60), Almeida, Dani Raba y Hugo Duro (Luis Rioja, m. 69).<\/p>\n<p class=\"ft-text\"><strong>Goles:<\/strong> 0-1, m. 55: Hugo Duro. 0-2, m. 60: Dani Raba. 0-3, m. 67: Diego L\u00f3pez. 0-4, m. 75: Luis Rioja. 0-5, m. 80: Danjuma.<\/p>\n<p class=\"ft-text\"><strong>\u00c1rbitro:<\/strong> Hern\u00e1ndez Maeso (C. Extreme\u00f1o). Mostr\u00f3 cartulina amarilla al local C\u00e1mara (m.67).<\/p>\n<p class=\"ft-text\"><strong>Estadio:<\/strong> Los C\u00e1rmenes, 8 558 espectadores.<\/p>\n","protected":false},"excerpt":{"rendered":"El Valencia CF inici\u00f3 la Copa del Rey 2025\/26 frente al modesto Maracena, que juega cinco divisiones por&hellip;\n","protected":false},"author":2,"featured_media":206478,"comment_status":"","ping_status":"","sticky":false,"template":"","format":"standard","meta":{"footnotes":""},"categories":[268],"tags":[56328,13103,5810,2493,18448,56329,168,23082,13463,25,24,280,282,5815,494,27896,18446,56327,1044,56331,56330,46410,56332,3954,3048,9251,13663,281,23,167,235,5419],"class_list":{"0":"post-206477","1":"post","2":"type-post","3":"status-publish","4":"format-standard","5":"has-post-thumbnail","7":"category-futbol","8":"tag-arnaut-danjuma","9":"tag-cf","10":"tag-cinco","11":"tag-copa","12":"tag-dani-raba","13":"tag-david-otorbi","14":"tag-deportes","15":"tag-diego-lopez","16":"tag-el-valencia","17":"tag-es","18":"tag-espana","19":"tag-football","20":"tag-futbol","21":"tag-goles","22":"tag-granada","23":"tag-hugo-duro","24":"tag-javi-guerra","25":"tag-jose-manuel-ochotorena","26":"tag-liga","27":"tag-lucas-nunez","28":"tag-luis-rioja","29":"tag-maracena","30":"tag-nuevo-los-carmenes","31":"tag-pasa","32":"tag-real-madrid","33":"tag-ronda","34":"tag-santiago-bernabeu","35":"tag-soccer","36":"tag-spain","37":"tag-sports","38":"tag-valencia","39":"tag-valencia-cf"},"share_on_mastodon":{"url":"https:\/\/pubeurope.com\/@es\/115455071540220410","error":""},"_links":{"self":[{"href":"https:\/\/www.europesays.com\/es\/wp-json\/wp\/v2\/posts\/206477","targetHints":{"allow":["GET"]}}],"collection":[{"href":"https:\/\/www.europesays.com\/es\/wp-json\/wp\/v2\/posts"}],"about":[{"href":"https:\/\/www.europesays.com\/es\/wp-json\/wp\/v2\/types\/post"}],"author":[{"embeddable":true,"href":"https:\/\/www.europesays.com\/es\/wp-json\/wp\/v2\/users\/2"}],"replies":[{"embeddable":true,"href":"https:\/\/www.europesays.com\/es\/wp-json\/wp\/v2\/comments?post=206477"}],"version-history":[{"count":0,"href":"https:\/\/www.europesays.com\/es\/wp-json\/wp\/v2\/posts\/206477\/revisions"}],"wp:featuredmedia":[{"embeddable":true,"href":"https:\/\/www.europesays.com\/es\/wp-json\/wp\/v2\/media\/206478"}],"wp:attachment":[{"href":"https:\/\/www.europesays.com\/es\/wp-json\/wp\/v2\/media?parent=206477"}],"wp:term":[{"taxonomy":"category","embeddable":true,"href":"https:\/\/www.europesays.com\/es\/wp-json\/wp\/v2\/categories?post=206477"},{"taxonomy":"post_tag","embeddable":true,"href":"https:\/\/www.europesays.com\/es\/wp-json\/wp\/v2\/tags?post=206477"}],"curies":[{"name":"wp","href":"https:\/\/api.w.org\/{rel}","templated":true}]}}