{"id":206481,"date":"2025-10-29T02:25:13","date_gmt":"2025-10-29T02:25:13","guid":{"rendered":"https:\/\/www.europesays.com\/es\/206481\/"},"modified":"2025-10-29T02:25:13","modified_gmt":"2025-10-29T02:25:13","slug":"supervivientes-all-stars-desvela-el-ultimo-expulsado-los-cuatro-finalistas-y-jorge-javier-anuncia-un-bombazo","status":"publish","type":"post","link":"https:\/\/www.europesays.com\/es\/206481\/","title":{"rendered":"&#8216;Supervivientes All Stars&#8217; desvela el \u00faltimo expulsado, los cuatro finalistas y Jorge Javier anuncia un bombazo"},"content":{"rendered":"<p class=\"v-mdl-ath__p v-mdl-ath__p--6\">\nMi\u00e9rcoles, 29 de octubre 2025, 00:38<\/p>\n<p>| Actualizado 02:28h.<\/p>\n<p class=\"v-p\">&#8216;<a href=\"https:\/\/www.lasprovincias.es\/culturas\/tv\/supervivientes-all-stars-2025-pone-expulsa-concursante-20251023012418-nt.html\" target=\"_blank\" data-voc-vtm-id=\"in-text-traffic\" title=\"Supervivientes All Stars\" rel=\"nofollow noopener\">Supervivientes All Stars<\/a>&#8216;: Conexi\u00f3n Honduras&#8217; vivi\u00f3 el pasado domingo una noche de muchas emociones, en las que Miri P\u00e9rez-Cabrero y Tony Spina descubrieron que ya son finalistas de esta edici\u00f3n y un tercero iba a sumarse a ellos, el que se salvara de entre Adara Molinero, Rub\u00e9n Torres y Jessica Bueno de la expulsi\u00f3n. <a href=\"https:\/\/www.lasprovincias.es\/culturas\/tv\/explosiva-unificacion-supervivientes-all-stars-20251014215000-nt.html\" target=\"_blank\" data-voc-vtm-id=\"in-text-traffic\" title=\"Finalmente ser\u00eda Jessica Bueno.\" rel=\"nofollow noopener\">Finalmente ser\u00eda Jessica Bueno.<\/a><\/p>\n<p class=\"v-p\">En este sentido, Miri se convert\u00eda el pasado jueves en la primera finalista de la edici\u00f3n al conseguir collar de l\u00edder y ella convert\u00eda, sin saberlo, a Tony en el segundo que se un\u00eda a esta lista cuando decid\u00eda no meterle en la lista de nominados, pero ellos no sab\u00edan nada sobre esto y ambos lo descubrir\u00edan tras &#8216;El puente de las emociones&#8217; al que se iban a enfrentar en la noche dominical.<\/p>\n<p class=\"v-p\">Y en ese punto comenz\u00f3 la gala de este martes presentada por Jorge Javier V\u00e1zquez y Laura Madrue\u00f1o en Telecinco con Adara y Torres jug\u00e1ndose la \u00faltima plaza de finalista del concurso. De esta forma, los concursantes comenzar\u00f3n la noche con un bombazo por parte del presentador.<\/p>\n<p><a href=\"http:\/\/www.lasprovincias.es\/culturas\/tv\/luto-supervivientes-tras-muerte-integrante-equipo-siempre-20251012231444-nt.html#vtm_modulosEngag=mod-rel:culturas:noticia:1:cmp:1-not\" class=\"v-a-link\" aria-label=\"Imagen\" rel=\"nofollow noopener\" target=\"_blank\"><\/p>\n<p><img decoding=\"async\" loading=\"lazy\" src=\"https:\/\/www.europesays.com\/es\/wp-content\/uploads\/2025\/10\/el-emotivo-homenaje-de-laura-madrueno-tras-la-muerte-de-una-integrante-del-equipo-de-supervivientes_.jpeg\" class=\"v-a-img\" width=\"258\" height=\"180\" alt=\"\" data-voc-vtm-id=\"in-text-traffic\"\/><\/p>\n<p><\/a><\/p>\n<p class=\"v-p\">\u00abAdara, Torres&#8230; hoy es noche de expulsi\u00f3n\u00bb, entonaba el presentador, lo que provocaba la sorpresa en ambos nominados y en el resto de sus compa\u00f1eros. \u00abQu\u00e9 fuerte, qu\u00e9 nervios\u00bb, dec\u00eda Adara y Rub\u00e9n Torres preguntaba con un \u00ab\u00bfahora?\u00bb. Mientras Jessica Buena aseguraba que pensaban \u00abque iban a llegar los cinco juntos\u00bb.<\/p>\n<p class=\"v-p\">Pero Jorge Javier ten\u00eda m\u00e1s que comunicarles: \u00abEl que se salve ser\u00e1 el cuarto finalista de la edici\u00f3n y el otro, es importante, volver\u00e1 a Espa\u00f1a esta misma noche\u00bb. Lo que dejaba a algunos de ellos incluso con la boca abierta.<\/p>\n<p>Juego de recompensa<\/p>\n<p>Expulsado de la noche y cuatro finalistas de &#8216;Supervivientes All Stars&#8217;<\/p>\n<p class=\"v-p\">\u00abLos espectadores de &#8216;Supervivientes All Stars&#8217; han decidido con sus votos en la app de Mediaset Infinity que el concursante salvado y, por lo tanto, cuarto finalista sea&#8230; Torres\u00bb, ha anunciado Jorge Javier V\u00e1zquez a las 1.14 horas de la madrugada del martes al mi\u00e9rcoles. <\/p>\n<p class=\"v-p\">Por lo tanto, Adara se queda a las puertas de la final del reality y viajar\u00e1 este mismo mi\u00e9rcoles a Espa\u00f1a. Los cuatro finalistas del concurso son Miri, Torres, Tony y Jessica Bueno.<\/p>\n<p>\u00daltimo collar de l\u00edder<\/p>\n<p class=\"v-p\">Para finalizar la noche, despu\u00e9s de todas las emociones vividas y la emotiva despedida de Adara Molinero, lleg\u00f3 el turno del juego de l\u00edder, el \u00faltimo. <\/p>\n<p class=\"v-p\">En la \u00faltima prueba, los concursantes se jugaban poder librarse del televoto en la gran final y pasar directamente a competir por conseguir la victoria en el pr\u00f3ximo jueves. La ganadora ser\u00eda Miri despu\u00e9s de que Tony fuera descalificado por apoyarse, mientras que Torres hab\u00eda perdido el equilibrio previamente.<\/p>\n<p>Reporta un error<\/p>\n","protected":false},"excerpt":{"rendered":"Mi\u00e9rcoles, 29 de octubre 2025, 00:38 | Actualizado 02:28h. &#8216;Supervivientes All Stars&#8216;: Conexi\u00f3n Honduras&#8217; vivi\u00f3 el pasado domingo&hellip;\n","protected":false},"author":2,"featured_media":206482,"comment_status":"","ping_status":"","sticky":false,"template":"","format":"standard","meta":{"footnotes":""},"categories":[171],"tags":[11286,4187,5734,954,4083,146,147,25,24,7625,2880,5264,2224,23,11287,3947,214,3667],"class_list":{"0":"post-206481","1":"post","2":"type-post","3":"status-publish","4":"format-standard","5":"has-post-thumbnail","7":"category-tv","8":"tag-all","9":"tag-anuncia","10":"tag-bombazo","11":"tag-cuatro","12":"tag-desvela","13":"tag-entertainment","14":"tag-entretenimiento","15":"tag-es","16":"tag-espana","17":"tag-expulsado","18":"tag-finalistas","19":"tag-javier","20":"tag-jorge","21":"tag-spain","22":"tag-stars","23":"tag-supervivientes","24":"tag-tv","25":"tag-ultimo"},"share_on_mastodon":{"url":"https:\/\/pubeurope.com\/@es\/115455087461875780","error":""},"_links":{"self":[{"href":"https:\/\/www.europesays.com\/es\/wp-json\/wp\/v2\/posts\/206481","targetHints":{"allow":["GET"]}}],"collection":[{"href":"https:\/\/www.europesays.com\/es\/wp-json\/wp\/v2\/posts"}],"about":[{"href":"https:\/\/www.europesays.com\/es\/wp-json\/wp\/v2\/types\/post"}],"author":[{"embeddable":true,"href":"https:\/\/www.europesays.com\/es\/wp-json\/wp\/v2\/users\/2"}],"replies":[{"embeddable":true,"href":"https:\/\/www.europesays.com\/es\/wp-json\/wp\/v2\/comments?post=206481"}],"version-history":[{"count":0,"href":"https:\/\/www.europesays.com\/es\/wp-json\/wp\/v2\/posts\/206481\/revisions"}],"wp:featuredmedia":[{"embeddable":true,"href":"https:\/\/www.europesays.com\/es\/wp-json\/wp\/v2\/media\/206482"}],"wp:attachment":[{"href":"https:\/\/www.europesays.com\/es\/wp-json\/wp\/v2\/media?parent=206481"}],"wp:term":[{"taxonomy":"category","embeddable":true,"href":"https:\/\/www.europesays.com\/es\/wp-json\/wp\/v2\/categories?post=206481"},{"taxonomy":"post_tag","embeddable":true,"href":"https:\/\/www.europesays.com\/es\/wp-json\/wp\/v2\/tags?post=206481"}],"curies":[{"name":"wp","href":"https:\/\/api.w.org\/{rel}","templated":true}]}}