{"id":206514,"date":"2025-10-29T02:57:13","date_gmt":"2025-10-29T02:57:13","guid":{"rendered":"https:\/\/www.europesays.com\/es\/206514\/"},"modified":"2025-10-29T02:57:13","modified_gmt":"2025-10-29T02:57:13","slug":"israel-impide-viajar-a-espana-a-dos-participantes-palestinos-del-festival-pan-y-roses-que-se-celebra-en-asturias","status":"publish","type":"post","link":"https:\/\/www.europesays.com\/es\/206514\/","title":{"rendered":"Israel impide viajar a Espa\u00f1a a dos participantes palestinos del Festival \u00abPan y Roses\u00bb que se celebra en Asturias"},"content":{"rendered":"<p class=\"article-text\">\n        El primer Festival de Literatura Social \u201cPan y Roses\u201d, que comienza esta semana en Oviedo, arranca marcado por el veto a parte de sus participantes. Las autoridades israel\u00edes han prohibido que viajen a Espa\u00f1a a dos de los invitados: el escritor palestino Basim Khandaqji, autor de Una m\u00e1scara del color del cielo, y su hermano Yousseff Khandaqji.\n    <\/p>\n<p>    <a href=\"https:\/\/www.eldiario.es\/internacional\/corte-internacional-justicia-advierte-israel-no-use-hambre-metodo-guerra-palestinos_1_12705168.html\" data-mrf-recirculation=\"saber-mas\" data-dl-event=\"saber-mas\" rel=\"nofollow noopener\" target=\"_blank\"><\/p>\n<p class=\"know-more__title\">La Corte Internacional de Justicia rechaza el veto de Israel a la UNRWA y la acusaci\u00f3n de terrorismo contra la agencia<\/p>\n<p>            <img decoding=\"async\" class=\"lazy\" loading=\"lazy\" data-src=\"https:\/\/static.eldiario.es\/clip\/5f1de71a-9ec5-440f-a748-37e6abd31c92_16-9-aspect-ratio_default_0.jpg\" src=\"data:image\/svg+xml,%3Csvg xmlns=\" http:=\"\" viewbox=\"0 0 880 495\" alt=\"La Corte Internacional de Justicia rechaza el veto de Israel a la UNRWA y la acusaci\u00f3n de terrorismo contra la agencia\"\/><\/p>\n<p>                        <\/a><\/p>\n<p class=\"article-text\">\n        Basim Khandaqji, reciente ganador del Booker de las letras \u00e1rabes, y que fue liberado hace unos meses tras pasar 20 a\u00f1os encarcelado en Israel, no estar\u00e1 en Oviedo.\n    <\/p>\n<p class=\"article-text\">\n         Tras su liberaci\u00f3n, Khandaqji fue deportado a Egipto, donde permanece retenido sin posibilidad de salir. En ese limbo legal que le impide moverse libremente, el escritor esperaba poder presentar por fin su novela ante el p\u00fablico espa\u00f1ol. Su hermano Yousseff, desde Nablus, tampoco ha obtenido el permiso para viajar a Espa\u00f1a y acompa\u00f1arle en los actos previstos en Madrid y Oviedo\n    <\/p>\n<p>    Veto injustificado<\/p>\n<p class=\"article-text\">\n        El festival cuenta con el respaldo de la Direcci\u00f3n General de Agenda 2030 del Principado de Asturias y la editorial Hoja de Lata, que han mostrado su rechazo frontal a la decisi\u00f3n de Israel. Desde la organizaci\u00f3n califican el veto como un acto injustificable que vulnera los principios b\u00e1sicos del derecho internacional. Su director, Juan Ponte, denunci\u00f3 que \u201cla fuerza se impone cada vez m\u00e1s como criterio en la pol\u00edtica global, desplazando las normas y valores democr\u00e1ticos que deber\u00edan regir las relaciones entre Estados\u201d.\n    <\/p>\n<p class=\"article-text\">\n        Ante la imposibilidad de que los hermanos Khandaqji viajen para aprticipar en la cita literaria, el equipo del festival trabaja para facilitar su participaci\u00f3n a distancia y que puedan participar en los debates. \u201cEste tipo de abusos subraya la importancia de iniciativas como Pan y Roses, que apuestan por la justicia social y la libertad cultural\u201d, a\u00f1adi\u00f3 Ponte.\n    <\/p>\n<p>    Kuivi Almacenes<\/p>\n<p class=\"article-text\">\n        Con una mirada literaria pero tambi\u00e9n pol\u00edtica, el Festival Pan y Roses nace para explorar desde la narrativa temas como la democracia, la igualdad de g\u00e9nero, el feminismo, la diversidad, la sostenibilidad o la identidad asturiana. Entre los autores invitados se encuentran Elvira Navarro, Isaac Rosa, Brenda Navarro, el exvicepresidente boliviano \u00c1lvaro Garc\u00eda Linera y el periodista Jes\u00fas Cintora, entre otros nombres destacados de la literatura y el pensamiento contempor\u00e1neo.\n    <\/p>\n<p>    Participantes<\/p>\n<p class=\"article-text\">\n        El periodista Enric Juliana y el profesor de ling\u00fc\u00edstica Enrique del Teso inaugurar\u00e1n el festival este mi\u00e9rcoles a las 19:00 horas en el Edificio Hist\u00f3rico de la Universidad de Oviedo, con un di\u00e1logo titulado El futuro.\n    <\/p>\n<p>    <a href=\"https:\/\/www.eldiario.es\/asturias\/nace-pan-roses-primer-festival-literatura-social-asturias_1_12703815.html\" data-mrf-recirculation=\"saber-mas-abajo\" data-dl-event=\"saber-mas-abajo\" rel=\"nofollow noopener\" target=\"_blank\"><\/p>\n<p class=\"know-more__title\">Nace \u201cPan y Roses\u201d, el primer Festival de Literatura Social de Asturias<\/p>\n<p>            <img decoding=\"async\" class=\"lazy\" loading=\"lazy\" data-src=\"https:\/\/static.eldiario.es\/clip\/797883cc-cd44-4b50-9643-4088ab06441e_16-9-aspect-ratio_default_0.jpg\" src=\"data:image\/svg+xml,%3Csvg xmlns=\" http:=\"\" viewbox=\"0 0 880 495\" alt=\"Nace &quot;Pan y Roses&quot;, el primer Festival de Literatura Social de Asturias\"\/><\/p>\n<p>                        <\/a><\/p>\n<p class=\"article-text\">\n        Durante el fin de semana, las actividades se trasladar\u00e1n al espacio Kuivi Almacenes Industriales, donde adem\u00e1s de debates y presentaciones habr\u00e1 una feria del libro con librer\u00edas asturianas, puestos de asociaciones, talleres infantiles, comida popular y conciertos de Ant\u00f3n Menchaca y Melanie Moers. Todas las actividades ser\u00e1n de acceso libre. El festival cuenta tambi\u00e9n con la colaboraci\u00f3n de Amnist\u00eda Internacional, Asturies con Palestina, el Comit\u00e9 de Solidaridad con la Causa \u00c1rabe y La Ciudadana.\n    <\/p>\n","protected":false},"excerpt":{"rendered":"El primer Festival de Literatura Social \u201cPan y Roses\u201d, que comienza esta semana en Oviedo, arranca marcado por&hellip;\n","protected":false},"author":2,"featured_media":206515,"comment_status":"","ping_status":"","sticky":false,"template":"","format":"standard","meta":{"footnotes":""},"categories":[8],"tags":[1770,17,18,6951,25,24,13,14,3931,11,19718,74,19,20,9,10,15,16,12961,15667,56334,23,12,21,22,6027],"class_list":{"0":"post-206514","1":"post","2":"type-post","3":"status-publish","4":"format-standard","5":"has-post-thumbnail","7":"category-espana","8":"tag-asturias","9":"tag-breaking-news","10":"tag-breakingnews","11":"tag-celebra","12":"tag-es","13":"tag-espana","14":"tag-featured-news","15":"tag-featurednews","16":"tag-festival","17":"tag-headlines","18":"tag-impide","19":"tag-israel","20":"tag-latest-news","21":"tag-latestnews","22":"tag-news","23":"tag-noticias","24":"tag-noticias-destacadas","25":"tag-noticiasdestacadas","26":"tag-pan","27":"tag-participantes","28":"tag-roses","29":"tag-spain","30":"tag-titulares","31":"tag-ultimas-noticias","32":"tag-ultimasnoticias","33":"tag-viajar"},"share_on_mastodon":{"url":"https:\/\/pubeurope.com\/@es\/115455213207500359","error":""},"_links":{"self":[{"href":"https:\/\/www.europesays.com\/es\/wp-json\/wp\/v2\/posts\/206514","targetHints":{"allow":["GET"]}}],"collection":[{"href":"https:\/\/www.europesays.com\/es\/wp-json\/wp\/v2\/posts"}],"about":[{"href":"https:\/\/www.europesays.com\/es\/wp-json\/wp\/v2\/types\/post"}],"author":[{"embeddable":true,"href":"https:\/\/www.europesays.com\/es\/wp-json\/wp\/v2\/users\/2"}],"replies":[{"embeddable":true,"href":"https:\/\/www.europesays.com\/es\/wp-json\/wp\/v2\/comments?post=206514"}],"version-history":[{"count":0,"href":"https:\/\/www.europesays.com\/es\/wp-json\/wp\/v2\/posts\/206514\/revisions"}],"wp:featuredmedia":[{"embeddable":true,"href":"https:\/\/www.europesays.com\/es\/wp-json\/wp\/v2\/media\/206515"}],"wp:attachment":[{"href":"https:\/\/www.europesays.com\/es\/wp-json\/wp\/v2\/media?parent=206514"}],"wp:term":[{"taxonomy":"category","embeddable":true,"href":"https:\/\/www.europesays.com\/es\/wp-json\/wp\/v2\/categories?post=206514"},{"taxonomy":"post_tag","embeddable":true,"href":"https:\/\/www.europesays.com\/es\/wp-json\/wp\/v2\/tags?post=206514"}],"curies":[{"name":"wp","href":"https:\/\/api.w.org\/{rel}","templated":true}]}}